{"id":126561,"date":"2025-12-26T20:41:12","date_gmt":"2025-12-26T20:41:12","guid":{"rendered":"https:\/\/www.europesays.com\/fi\/126561\/"},"modified":"2025-12-26T20:41:12","modified_gmt":"2025-12-26T20:41:12","slug":"tassa-on-pirkanmaan-komein-kuusi","status":"publish","type":"post","link":"https:\/\/www.europesays.com\/fi\/126561\/","title":{"rendered":"T\u00e4ss\u00e4 on Pirkanmaan komein kuusi"},"content":{"rendered":"<p>Pirkanmaan komein kuusi -\u00e4\u00e4nestyksen voittajaksi selviytyi joulukuusi, jonka vanhin koriste on iso\u00e4idin perint\u00f6\u00e4 1970-luvulta.<\/p>\n<p class=\"article-body mb-nof-24 px-nof-16\">Aamulehti<\/p>\n<p class=\"article-body mb-nof-24 px-nof-16\">Pirkanmaan komein kuusi -\u00e4\u00e4nestys on saatu p\u00e4\u00e4t\u00f6kseen ja lukijat ovat valinneet suosikkinsa.<\/p>\n<p class=\"article-body mb-nof-24 px-nof-16\">Aamulehti pyysi lukijoitaan l\u00e4hett\u00e4m\u00e4\u00e4n kuvia joulukuusistaan leikkimieliseen kisaan, jossa etsittiin Pirkanmaan komeinta joulukuusta. Toimitukseen l\u00e4hetettiin l\u00e4hes 70 kuvaa. Kymmenen finalistia valitsi Aamulehden toimituksen joulutiimi.<\/p>\n<p class=\"article-body mb-nof-24 px-nof-16\">Lukija\u00e4\u00e4nestyksen voittajaksi selviytyi <a class=\"article-personlink\" href=\"https:\/\/www.aamulehti.fi\/haku\/?query=Niina%20Ivaskan\" rel=\"nofollow noopener\" target=\"_blank\">Niina Ivaskan<\/a> joulukuusi. H\u00e4nen kuusensa sai lukijoilta 506 \u00e4\u00e4nt\u00e4 haalien yli viidenneksen kaikista annetuista \u00e4\u00e4nist\u00e4.<\/p>\n<p><img decoding=\"async\" src=\"https:\/\/www.europesays.com\/fi\/wp-content\/uploads\/2025\/12\/1766781670_131_468.jpg\" alt=\"Niina Ivaskan joulukuusi, jonka Aamulehden lukijat valitsivat Pirkanmaan komeimmaksi. L\u00e4hde: Niina Ivaskan kuvakokoelma.\" class=\"_Img_1rerz_1\" style=\"aspect-ratio:0.75\" loading=\"eager\"\/><\/p>\n<p class=\"article-picture-caption\">Niina Ivaskan joulukuusi, jonka Aamulehden lukijat valitsivat Pirkanmaan komeimmaksi. L\u00e4hde: Niina Ivaskan kuvakokoelma.<\/p>\n<p class=\"article-body mb-nof-24 px-nof-16\">Niina Ivaska, milt\u00e4 nyt tuntuu, kun joulukuusesi voitti Pirkanmaan komein kuusi -tittelin?<\/p>\n<p class=\"article-body mb-nof-24 px-nof-16\">\u201dYll\u00e4tt\u00e4v\u00e4\u00e4, ett\u00e4 min\u00e4 tuolla muovikuusella voitin t\u00e4mm\u00f6isen \u00e4\u00e4nestyksen. Mutta on se toki kaunis muovikuusi!\u201d<\/p>\n<p class=\"article-body mb-nof-24 px-nof-16\">Ivaska kertoo, ett\u00e4 kuusi hankittiin edellisen, 17 vuotta palvelleen muovikuusen tilalle. Perinteist\u00e4 luonnonkuustakin kokeiltiin yhden joulun ajan, mutta lopulta palattiin muovikuuseen, h\u00e4n sanoo.<\/p>\n<p class=\"article-body mb-nof-24 px-nof-16\">\u201dHalusin sitten kauniin muovikuusen ja t\u00e4m\u00e4 on ollut sopiva t\u00e4h\u00e4n asuntoon ja aidon n\u00e4k\u00f6inen.\u201d<\/p>\n<p class=\"article-body mb-nof-24 px-nof-16\">Ivaska kertoi osallistuessaan kisaan, ett\u00e4 kuusen vanhin koriste on per\u00e4isin 1970-luvulta. Kyseess\u00e4 on mummolta saatu koriste, h\u00e4n lis\u00e4\u00e4.<\/p>\n<p class=\"article-body mb-nof-24 px-nof-16\">\u201dSe on pysynyt ehj\u00e4n\u00e4, kun sit\u00e4 on hyvin s\u00e4ilytetty.\u201d<\/p>\n<p class=\"article-body mb-nof-24 px-nof-16\">Vaikka Ivaska ei \u00e4\u00e4nestyst\u00e4 \u201dsen tarkemmin\u201d seurannut, kirkkaimmasta pystist\u00e4 h\u00e4nelle kuitenkin kantautui vinkki\u00e4.<\/p>\n<p class=\"article-body mb-nof-24 px-nof-16\">\u201dTyt\u00e4r laittoi t\u00e4n\u00e4\u00e4n viesti\u00e4, ett\u00e4 meid\u00e4n kuusi johtaa \u00e4\u00e4nestyst\u00e4. T\u00e4m\u00e4 yll\u00e4tti, sill\u00e4 aika moni varmasti osallistui kisaan.\u201d<\/p>\n<p>Tiukka kisa hopeasta ja pronssista<\/p>\n<p class=\"article-body mb-nof-24 px-nof-16\">\u00c4\u00e4nestyksess\u00e4 annettiin yhteens\u00e4 2\u202f077 kappaletta \u00e4\u00e4ni\u00e4.<\/p>\n<p class=\"article-body mb-nof-24 px-nof-16\">Toisen ja kolmannen sijan v\u00e4lill\u00e4 k\u00e4ytiin tiukka kamppailu, ja lopulliset sijoitukset ratkesivat vain kuuden \u00e4\u00e4nen erolla.<\/p>\n<p class=\"article-body mb-nof-24 px-nof-16\">Toiseksi kisassa tullut <a class=\"article-personlink\" href=\"https:\/\/www.aamulehti.fi\/haku\/?query=Kirsi%20Kontuniemen\" rel=\"nofollow noopener\" target=\"_blank\">Kirsi Kontuniemen<\/a> kuusi sai 367 \u00e4\u00e4nt\u00e4. Kontuniemi kertoi kyselyss\u00e4, ett\u00e4 kuusessa on aina \u201dmuutama rakas ja vanha koriste piilotettuna, joilla on tunnearvoa ja joita ilman kuusikaan ei merkitsisi mit\u00e4\u00e4n\u201d.<\/p>\n<p><img decoding=\"async\" src=\"https:\/\/www.europesays.com\/fi\/wp-content\/uploads\/2025\/12\/1766781671_706_468.jpg\" alt=\"Kisassa toiseksi sijoittunut Kirsi Kontuniemi kertoi kyselyss\u00e4, ett\u00e4 h\u00e4n hankkii miehens\u00e4 kanssa joulukuusen aina samalta myyj\u00e4lt\u00e4. \u201dT\u00e4n\u00e4 vuonna ei en\u00e4\u00e4 montaa ollut j\u00e4ljell\u00e4 ja niist\u00e4 valikoitui t\u00e4m\u00e4.\u201d\" class=\"_Img_1rerz_1\" style=\"aspect-ratio:0.75\" loading=\"eager\"\/><\/p>\n<p class=\"article-picture-caption\">Kisassa toiseksi sijoittunut Kirsi Kontuniemi kertoi kyselyss\u00e4, ett\u00e4 h\u00e4n hankkii miehens\u00e4 kanssa joulukuusen aina samalta myyj\u00e4lt\u00e4. \u201dT\u00e4n\u00e4 vuonna ei en\u00e4\u00e4 montaa ollut j\u00e4ljell\u00e4 ja niist\u00e4 valikoitui t\u00e4m\u00e4.\u201d Kuva:\u00a0Kirsi Kontuniemen kuvakokoelma<\/p>\n<p class=\"article-body mb-nof-24 px-nof-16\">Kolmanneksi tullut <a class=\"article-personlink\" href=\"https:\/\/www.aamulehti.fi\/haku\/?query=Anna%20Chronsin\" rel=\"nofollow noopener\" target=\"_blank\">Anna Chronsin<\/a> kuusi sai puolestaan 361 \u00e4\u00e4nt\u00e4. Chrons kertoi kyselyss\u00e4, ett\u00e4 l\u00e4hes kuusi metri\u00e4 korkeaan olohuoneeseen on vaikea l\u00f6yt\u00e4\u00e4 juuri sopivaa joulukuusta, joten se haetaan aina vesilahtelaisesta mets\u00e4st\u00e4.<\/p>\n<p class=\"article-body mb-nof-24 px-nof-16\">Kuusen koristeista Chrons paljasti, ett\u00e4 suurin osa niist\u00e4 on saatu lahjaksi tai ostettu muistoksi matkoilta.<\/p>\n<p class=\"article-body mb-nof-24 px-nof-16\">\u201dJokaista koristetta ripustaessa on mukava muistella, mist\u00e4 ja milloin se onkaan saatu tai hankittu\u201d, Chrons kertoi.<\/p>\n<p><img decoding=\"async\" src=\"https:\/\/www.europesays.com\/fi\/wp-content\/uploads\/2025\/12\/1766781672_145_468.jpg\" alt=\"Kolmanneksi sijoittunut Anna Chronsin joulukuusi.\" class=\"_Img_1rerz_1\" style=\"aspect-ratio:0.7026041666666667\" loading=\"eager\"\/><\/p>\n<p class=\"article-picture-caption\">Kolmanneksi sijoittunut Anna Chronsin joulukuusi. Kuva:\u00a0Anna Chronsin kuvakokoelma<\/p>\n","protected":false},"excerpt":{"rendered":"Pirkanmaan komein kuusi -\u00e4\u00e4nestyksen voittajaksi selviytyi joulukuusi, jonka vanhin koriste on iso\u00e4idin perint\u00f6\u00e4 1970-luvulta. Aamulehti Pirkanmaan komein kuusi&hellip;\n","protected":false},"author":2,"featured_media":126562,"comment_status":"","ping_status":"","sticky":false,"template":"","format":"standard","meta":{"footnotes":""},"categories":[12],"tags":[157,22,23,26,27,33,31,30,17,24,25,28,29,15,18,21,32,19,20,16],"class_list":{"0":"post-126561","1":"post","2":"type-post","3":"status-publish","4":"format-standard","5":"has-post-thumbnail","7":"category-suomi","8":"tag-aamulehti","9":"tag-breaking-news","10":"tag-breakingnews","11":"tag-featured-news","12":"tag-featurednews","13":"tag-fi","14":"tag-finland","15":"tag-finnish","16":"tag-headlines","17":"tag-latest-news","18":"tag-latestnews","19":"tag-main-news","20":"tag-mainnews","21":"tag-news","22":"tag-otsikot","23":"tag-paauutiset","24":"tag-suomi","25":"tag-top-stories","26":"tag-topstories","27":"tag-uutiset"},"share_on_mastodon":{"url":"https:\/\/pubeurope.com\/@fi\/115787811425280386","error":""},"_links":{"self":[{"href":"https:\/\/www.europesays.com\/fi\/wp-json\/wp\/v2\/posts\/126561","targetHints":{"allow":["GET"]}}],"collection":[{"href":"https:\/\/www.europesays.com\/fi\/wp-json\/wp\/v2\/posts"}],"about":[{"href":"https:\/\/www.europesays.com\/fi\/wp-json\/wp\/v2\/types\/post"}],"author":[{"embeddable":true,"href":"https:\/\/www.europesays.com\/fi\/wp-json\/wp\/v2\/users\/2"}],"replies":[{"embeddable":true,"href":"https:\/\/www.europesays.com\/fi\/wp-json\/wp\/v2\/comments?post=126561"}],"version-history":[{"count":0,"href":"https:\/\/www.europesays.com\/fi\/wp-json\/wp\/v2\/posts\/126561\/revisions"}],"wp:featuredmedia":[{"embeddable":true,"href":"https:\/\/www.europesays.com\/fi\/wp-json\/wp\/v2\/media\/126562"}],"wp:attachment":[{"href":"https:\/\/www.europesays.com\/fi\/wp-json\/wp\/v2\/media?parent=126561"}],"wp:term":[{"taxonomy":"category","embeddable":true,"href":"https:\/\/www.europesays.com\/fi\/wp-json\/wp\/v2\/categories?post=126561"},{"taxonomy":"post_tag","embeddable":true,"href":"https:\/\/www.europesays.com\/fi\/wp-json\/wp\/v2\/tags?post=126561"}],"curies":[{"name":"wp","href":"https:\/\/api.w.org\/{rel}","templated":true}]}}