{"id":126569,"date":"2025-12-26T21:01:12","date_gmt":"2025-12-26T21:01:12","guid":{"rendered":"https:\/\/www.europesays.com\/fi\/126569\/"},"modified":"2025-12-26T21:01:12","modified_gmt":"2025-12-26T21:01:12","slug":"sani-brannfors-20-pidatteli-kyynelia-ice-cagessa","status":"publish","type":"post","link":"https:\/\/www.europesays.com\/fi\/126569\/","title":{"rendered":"Sani Br\u00e4nnfors, 20, pid\u00e4tteli kyyneli\u00e4 Ice Cagessa"},"content":{"rendered":"<p>Br\u00e4nnfors voitti, mutta oli kaikkea muuta kuin tyytyv\u00e4inen.<\/p>\n<p><img decoding=\"async\" class=\"image image-show image-preview\" src=\"https:\/\/www.europesays.com\/fi\/wp-content\/uploads\/2025\/12\/4aaa097cc86acca6d0c8695c7d76bfb9f9b82e0a0038ea9ff6a6e60327e5bb29.jpg\" alt=\"\"\/><img decoding=\"async\" class=\"image image-show\" src=\"https:\/\/www.europesays.com\/fi\/wp-content\/uploads\/2025\/12\/1766782872_885_4aaa097cc86acca6d0c8695c7d76bfb9f9b82e0a0038ea9ff6a6e60327e5bb29.jpg\" alt=\"\"\/><\/p>\n<p>Sani Br\u00e4nnfors sai suuret suosionosoitukset Espoossa, mutta pettyi omaan esitykseens\u00e4. Atte Kajova<\/p>\n<p class=\"paragraph\">\u2013\u2009Pid\u00e4t\u00e4n itkua v\u00e4h\u00e4n. En tied\u00e4. Halusin saada enemm\u00e4n aikaan. En nyt p\u00e4\u00e4ssyt n\u00e4ytt\u00e4m\u00e4\u00e4n sellaista kehityshyppy\u00e4 h\u00e4kiss\u00e4 kuin olisin halunnut.<\/p>\n<p class=\"paragraph\">Suomen vapaaottelun suurlahjakkuus <strong>Sani Br\u00e4nnfors<\/strong>, 20, ei ollut tyytyv\u00e4inen kolmier\u00e4isen ottelunsa j\u00e4lkeen. Ice Cage -debyytti ja uran toinen ammattilaisottelu p\u00e4\u00e4ttyi voittoon argentiinalaista <strong>Sof\u00eda Landia<\/strong> vastaan.<\/p>\n<p class=\"paragraph\">Voitto oli tuomarienkin papereissa yksimielinen, mutta Br\u00e4nnforsin mukaan esitys j\u00e4i silti piippuun.<\/p>\n<p class=\"paragraph\">\u2013\u2009En oikein p\u00e4\u00e4ssyt ottelun aikana siihen hetkeen kunnolla k\u00e4siksi, vaan meni aika puristamalla. Omalla tavallaan on helpotus, ett\u00e4 matsi on ohi.<\/p>\n<p class=\"paragraph\">H\u00e4kiss\u00e4 ja median edess\u00e4 n\u00e4ytti, ett\u00e4 tunteet olivat pinnassa.<\/p>\n<p class=\"paragraph\">\u2013\u2009Se oli tavallaan ty\u00f6voitto. Ei j\u00e4\u00e4nyt fiilis, ett\u00e4 olipa hyv\u00e4 matsi.<\/p>\n<p class=\"paragraph\">Espoon loppuunmyyty Metro-areena antoi siihenastisen illan kovimmat suosionosoitukset Br\u00e4nnforsille. Nimi on pinnalla ja ihmisten mieliss\u00e4.<\/p>\n<p>Sof\u00eda Landi lensi tonttiin&#8230; Atte Kajova<\/p>\n<p>&#8230;ja sai kovia osumia. Atte Kajova<\/p>\n<p class=\"paragraph\">\u2013\u2009Sis\u00e4\u00e4ntulo oli tosi kiva ja ihana. Varmaan j\u00e4lkik\u00e4teen tulee olo, ett\u00e4 mik\u00e4 minua vaivaa, olisi pit\u00e4nyt vain olla iloinen jo siit\u00e4. Kyll\u00e4 se viel\u00e4 tulee.<\/p>\n<p class=\"paragraph\">My\u00f6s vastustaja Landi lunasti lupauksensa. H\u00e4n taisteli ajoittain kovaksi yltyneen ly\u00f6nti- ja painimankelin l\u00e4pi luovuttamatta. Br\u00e4nnfors jakoi kovia iskuja varsinkin matossa, kun p\u00e4\u00e4si p\u00e4\u00e4lle.<\/p>\n<p class=\"paragraph\">\u2013\u2009No joo, joitain hyvi\u00e4 tuli annettua, Br\u00e4nnfors sanoi.<\/p>\n<p class=\"paragraph\">Br\u00e4nnfors jatkaa uraansa tappiottomana ammattilaisena.<\/p>\n","protected":false},"excerpt":{"rendered":"Br\u00e4nnfors voitti, mutta oli kaikkea muuta kuin tyytyv\u00e4inen. Sani Br\u00e4nnfors sai suuret suosionosoitukset Espoossa, mutta pettyi omaan esitykseens\u00e4.&hellip;\n","protected":false},"author":2,"featured_media":126570,"comment_status":"","ping_status":"","sticky":false,"template":"","format":"standard","meta":{"footnotes":""},"categories":[158],"tags":[35,2110,33,31,30,3844,763,41,159,32,397,160,161],"class_list":{"0":"post-126569","1":"post","2":"type-post","3":"status-publish","4":"format-standard","5":"has-post-thumbnail","7":"category-urheilu","8":"tag-24h","9":"tag-elamantapa-ja-vapaa-aika","10":"tag-fi","11":"tag-finland","12":"tag-finnish","13":"tag-kamppailu-urheilu","14":"tag-kulttuuri-ja-viihde","15":"tag-liikunta-ja-urheilu","16":"tag-sports","17":"tag-suomi","18":"tag-taide","19":"tag-urheilu","20":"tag-urheilutapahtumat"},"share_on_mastodon":{"url":"https:\/\/pubeurope.com\/@fi\/115787889830749600","error":""},"_links":{"self":[{"href":"https:\/\/www.europesays.com\/fi\/wp-json\/wp\/v2\/posts\/126569","targetHints":{"allow":["GET"]}}],"collection":[{"href":"https:\/\/www.europesays.com\/fi\/wp-json\/wp\/v2\/posts"}],"about":[{"href":"https:\/\/www.europesays.com\/fi\/wp-json\/wp\/v2\/types\/post"}],"author":[{"embeddable":true,"href":"https:\/\/www.europesays.com\/fi\/wp-json\/wp\/v2\/users\/2"}],"replies":[{"embeddable":true,"href":"https:\/\/www.europesays.com\/fi\/wp-json\/wp\/v2\/comments?post=126569"}],"version-history":[{"count":0,"href":"https:\/\/www.europesays.com\/fi\/wp-json\/wp\/v2\/posts\/126569\/revisions"}],"wp:featuredmedia":[{"embeddable":true,"href":"https:\/\/www.europesays.com\/fi\/wp-json\/wp\/v2\/media\/126570"}],"wp:attachment":[{"href":"https:\/\/www.europesays.com\/fi\/wp-json\/wp\/v2\/media?parent=126569"}],"wp:term":[{"taxonomy":"category","embeddable":true,"href":"https:\/\/www.europesays.com\/fi\/wp-json\/wp\/v2\/categories?post=126569"},{"taxonomy":"post_tag","embeddable":true,"href":"https:\/\/www.europesays.com\/fi\/wp-json\/wp\/v2\/tags?post=126569"}],"curies":[{"name":"wp","href":"https:\/\/api.w.org\/{rel}","templated":true}]}}