{"id":126584,"date":"2025-12-26T21:24:11","date_gmt":"2025-12-26T21:24:11","guid":{"rendered":"https:\/\/www.europesays.com\/fi\/126584\/"},"modified":"2025-12-26T21:24:11","modified_gmt":"2025-12-26T21:24:11","slug":"jeff-scott-soto-kommentoi-yngwie-malmsteenin-julkaisua-jossa-kitaravirtuoosi-haukkui-kaikki-entiset-laulajansa-maan-rakoon","status":"publish","type":"post","link":"https:\/\/www.europesays.com\/fi\/126584\/","title":{"rendered":"Jeff Scott Soto kommentoi Yngwie Malmsteenin julkaisua, jossa kitaravirtuoosi haukkui kaikki entiset laulajansa maan rakoon"},"content":{"rendered":"<p>Kitarasankari Yngwie Malmsteen <a href=\"https:\/\/www.soundi.fi\/uutiset\/jokin-sai-yngwie-malmsteenin-hermostumaan-julkaisi-arhakan-viestin-sosiaalisessa-mediassa\/\" target=\"_blank\" rel=\"noreferrer noopener nofollow\">julkaisi hiljattain<\/a> somessa p\u00e4ivityksen, jossa h\u00e4n haukkui maineellaan ratsastavat soolob\u00e4ndins\u00e4 entiset laulajat \u2013 mik\u00e4 Malmsteenin kirjoissa tarkoittaa kaikkia entisi\u00e4 yhteisty\u00f6kumppaneitaan.<\/p>\n<p>\u201dTehd\u00e4\u00e4n asia nyt selv\u00e4ksi: jos joku on ollut mukana minun soololevyill\u00e4ni, se ei merkitse sit\u00e4, ett\u00e4 he omistaisivat osan siit\u00e4. Jos kirjoitat rivin sinne t\u00e4nne, se ei tee sinusta viel\u00e4 s\u00e4velt\u00e4j\u00e4\u00e4, eik\u00e4 minun kappaleitteni laulaminen tee niist\u00e4 heid\u00e4n kappaleitaan\u201d, Malmsteen jyrisi viestipalvelu X:ss\u00e4.<\/p>\n<p>\u201dJos saat huomiota ainoastaan nojaamalla minun br\u00e4ndiini, k\u00e4ytt\u00e4m\u00e4ll\u00e4 minun nime\u00e4ni ja hy\u00f6dynt\u00e4m\u00e4ll\u00e4 minun soolokatalogiani, olet jo valmiiksi vastannut kysymykseen siit\u00e4, kuka t\u00e4ss\u00e4 on oikeasti tehnyt jotain. Mit\u00e4 itse olet \u00e4\u00e4nitt\u00e4nyt tai luonut viimeisen 30\u201340-vuoden aikana?\u201d<\/p>\n<p>Lue my\u00f6s: <a href=\"https:\/\/www.soundi.fi\/uutiset\/jokin-sai-yngwie-malmsteenin-hermostumaan-julkaisi-arhakan-viestin-sosiaalisessa-mediassa\/\" title=\"Jokin sai Yngwie Malmsteenin hermostumaan \u2013 julkaisi \u00e4rh\u00e4k\u00e4n viestin sosiaalisessa mediassa\" class=\"underline-custom !font-montserrat !font-bold !underline-offset-4 !decoration-4 !decoration-tilt-light\" rel=\"nofollow noopener\" target=\"_blank\">Jokin sai Yngwie Malmsteenin hermostumaan \u2013 julkaisi \u00e4rh\u00e4k\u00e4n viestin sosiaalisessa mediassa<\/a><\/p>\n<p>Lue my\u00f6s: <a href=\"https:\/\/www.soundi.fi\/uutiset\/yngwie-malmsteen-selvittaa-miksi-ei-enaa-palkkaa-laulajia-bandiinsa-he-luulevat-olevansa-elvis-presley-tai-jotain\/\" title=\"Yngwie Malmsteen selvitt\u00e4\u00e4, miksi ei en\u00e4\u00e4 palkkaa laulajia b\u00e4ndiins\u00e4 \u2013 \u201dHe luulevat olevansa Elvis Presley tai jotain\u201d\" class=\"underline-custom !font-montserrat !font-bold !underline-offset-4 !decoration-4 !decoration-tilt-light\" rel=\"nofollow noopener\" target=\"_blank\">Yngwie Malmsteen selvitt\u00e4\u00e4, miksi ei en\u00e4\u00e4 palkkaa laulajia b\u00e4ndiins\u00e4 \u2013 \u201dHe luulevat olevansa Elvis Presley tai jotain\u201d<\/a><\/p>\n<p>Jeff Scott Soto, joka lauloi Malmsteenin Rising Force -soolob\u00e4ndin kahdella ensimm\u00e4isell\u00e4 levyll\u00e4 (Rising Force, 1984 ja Marching Out, 1985) ja oli mukana my\u00f6s vuoden 1996 Inspiration-levyll\u00e4, kommentoi Malmsteenin p\u00e4ivityst\u00e4 tuoreessa Artists On Recordin haastattelussa ja sanoo, ettei kitaravirtuoosin purkaus johdu h\u00e4nest\u00e4.<\/p>\n<p>\u201dPuhelimeni r\u00e4j\u00e4hti viesteist\u00e4 [Yngwien julkaisun j\u00e4lkeen] ja kaikki ajattelivat, ett\u00e4 h\u00e4n puhui minusta. Ei h\u00e4n puhunut. H\u00e4n puhui kahdesta muusta vanhasta laulajasta, jotka tekev\u00e4t tribuuttikeikkoja. Ilmeisesti he mainostivat keikkoja sellaisina ja Yngwie kuuli siit\u00e4. Siit\u00e4 se purkaus johtui. Se ei liittynyt minuun\u201d, Soto toteaa.<\/p>\n<p>\u201dMin\u00e4 en tee mit\u00e4\u00e4n Yngwie-keikkoja tai ratsasta h\u00e4nen nimell\u00e4\u00e4n ja perinn\u00f6ll\u00e4\u00e4n. Min\u00e4 ainoastaan julkaisen asioita netiss\u00e4 juhlistaakseni niit\u00e4 asioita, joita tein h\u00e4nen kanssaan. Se on osa minunkin historiaa, joten juhlistan sit\u00e4. Mutta en yrit\u00e4 saada h\u00e4nelt\u00e4 mit\u00e4\u00e4n sill\u00e4.\u201d<\/p>\n<p>\u201dJa jos katsotaan viimeist\u00e4 30-40 vuotta, niin olen mukana yli sadalla levyll\u00e4, helposti. Olen julkaissut pelk\u00e4st\u00e4\u00e4n soololevyj\u00e4 kahdeksan, sitten on W.E.T.-yhtye ja Talisman. Olen pysynyt kiireisen\u00e4. Minun kohdallani ei voi todellakaan kysy\u00e4, mit\u00e4 olen muka tehnyt, koska olen tehnyt paljon asioita.\u201d<\/p>\n<p>Lue my\u00f6s: <a href=\"https:\/\/www.soundi.fi\/uutiset\/jeff-scott-soto-pitaa-kiinni-vaitteestaan-etta-yngwie-malmsteen-uhkasi-perua-konserttinsa-saatuaan-tietaa-entisen-laulajansa-olevan-katsomossa\/\" title=\"Jeff Scott Soto pit\u00e4\u00e4 kiinni v\u00e4itteest\u00e4\u00e4n, ett\u00e4 Yngwie Malmsteen uhkasi perua konserttinsa saatuaan tiet\u00e4\u00e4 entisen laulajansa olevan katsomossa\" class=\"underline-custom !font-montserrat !font-bold !underline-offset-4 !decoration-4 !decoration-tilt-light\" rel=\"nofollow noopener\" target=\"_blank\">Jeff Scott Soto pit\u00e4\u00e4 kiinni v\u00e4itteest\u00e4\u00e4n, ett\u00e4 Yngwie Malmsteen uhkasi perua konserttinsa saatuaan tiet\u00e4\u00e4 entisen laulajansa olevan katsomossa<\/a><\/p>\n<p>Soto ja Malmsteen eiv\u00e4t ole t\u00e4ll\u00e4 hetkell\u00e4 puhev\u00e4leiss\u00e4, mutta laulaja sanoo toivovansa, ett\u00e4 asiaan tulee viel\u00e4 muutos.<\/p>\n<p>\u201dOlen yritt\u00e4nyt hieroa sovintoa ja korjata asiat. Kaikki luulevat, ett\u00e4 yrit\u00e4n saada h\u00e4nest\u00e4 jotain irti tai haluan takaisin h\u00e4nen b\u00e4ndiins\u00e4. Ei, tahdon vain rauhaa. Haluan rakkautta ja yhteissointua kaikkien kanssa, joiden kanssa olen urallani tehnyt yhteisty\u00f6t\u00e4. Siksi min\u00e4 jatkuvasti ojennan oliivipuun oksaa\u201d, Soto toteaa.<\/p>\n<p>\u201dOlen jo 60-vuotias. Kuka tiet\u00e4\u00e4, kauanko minulla viel\u00e4 on aikaa t\u00e4\u00e4ll\u00e4? Haluan l\u00e4hte\u00e4 pois ilman vihollisia, puhtaalta alustalta. Haluan vain olla hyviss\u00e4 v\u00e4leiss\u00e4 kaikkien el\u00e4m\u00e4\u00e4ni kuuluvien kanssa. Malmsteen ja min\u00e4 emme puhu toisillemme emmek\u00e4 k\u00e4y toistemme keikoilla. Mutta toivon mukaan jonain p\u00e4iv\u00e4n\u00e4 asia muuttuu.\u201d<\/p>\n<p><img loading=\"lazy\" decoding=\"async\" alt=\"YouTube video\" width=\"480\" height=\"360\" data-pin-nopin=\"true\" nopin=\"nopin\" class=\"perfmatters-lazy\" src=\"https:\/\/www.europesays.com\/fi\/wp-content\/uploads\/2025\/12\/1766784251_708_hqdefault.jpg\"\/><\/p>\n<p>Lue my\u00f6s: <a href=\"https:\/\/www.soundi.fi\/uutiset\/millaista-on-kiertaa-yngwie-malmsteenin-kanssa-ei-aivan-helppoa-kertoo-joe-satriani\/\" title=\"Millaista on kiert\u00e4\u00e4 Yngwie Malmsteenin kanssa? Ei aivan helppoa, kertoo Joe Satriani\" class=\"underline-custom !font-montserrat !font-bold !underline-offset-4 !decoration-4 !decoration-tilt-light\" rel=\"nofollow noopener\" target=\"_blank\">Millaista on kiert\u00e4\u00e4 Yngwie Malmsteenin kanssa? Ei aivan helppoa, kertoo Joe Satriani<\/a><\/p>\n<p>Lue my\u00f6s: <a href=\"https:\/\/www.soundi.fi\/uutiset\/joe-lynn-turner-vertailee-tyoskentelya-ritchie-blackmoren-ja-yngwie-malmsteenin-kanssa-ruotsalaismaestro-taisi-olla-se-hankalampi-tapaus\/\" title=\"Joe Lynn Turner vertailee ty\u00f6skentely\u00e4 Ritchie Blackmoren ja Yngwie Malmsteenin kanssa \u2013 ruotsalaismaestro taisi olla se hankalampi tapaus\" class=\"underline-custom !font-montserrat !font-bold !underline-offset-4 !decoration-4 !decoration-tilt-light\" rel=\"nofollow noopener\" target=\"_blank\">Joe Lynn Turner vertailee ty\u00f6skentely\u00e4 Ritchie Blackmoren ja Yngwie Malmsteenin kanssa \u2013 ruotsalaismaestro taisi olla se hankalampi tapaus<\/a><\/p>\n<p>Lue my\u00f6s: <a href=\"https:\/\/www.soundi.fi\/uutiskirje\/\" title=\"Tilaa Soundin uutiskirje\" class=\"underline-custom !font-montserrat !font-bold !underline-offset-4 !decoration-4 !decoration-red-600 !text-md\" rel=\"nofollow noopener\" target=\"_blank\">Tilaa Soundin uutiskirje ja tied\u00e4t mist\u00e4 kahvitauolla puhutaan! Nappaa ajankohtaiset musiikin uutiset ja puheenaiheet suoraan s\u00e4hk\u00f6postiin t\u00e4st\u00e4.<\/a><\/p>\n","protected":false},"excerpt":{"rendered":"Kitarasankari Yngwie Malmsteen julkaisi hiljattain somessa p\u00e4ivityksen, jossa h\u00e4n haukkui maineellaan ratsastavat soolob\u00e4ndins\u00e4 entiset laulajat \u2013 mik\u00e4 Malmsteenin&hellip;\n","protected":false},"author":2,"featured_media":126585,"comment_status":"","ping_status":"","sticky":false,"template":"","format":"standard","meta":{"footnotes":""},"categories":[132],"tags":[137,33,31,30,195,47,32,109],"class_list":{"0":"post-126584","1":"post","2":"type-post","3":"status-publish","4":"format-standard","5":"has-post-thumbnail","7":"category-musiikki","8":"tag-entertainment","9":"tag-fi","10":"tag-finland","11":"tag-finnish","12":"tag-music","13":"tag-musiikki","14":"tag-suomi","15":"tag-viihde"},"share_on_mastodon":{"url":"https:\/\/pubeurope.com\/@fi\/115787980254251099","error":""},"_links":{"self":[{"href":"https:\/\/www.europesays.com\/fi\/wp-json\/wp\/v2\/posts\/126584","targetHints":{"allow":["GET"]}}],"collection":[{"href":"https:\/\/www.europesays.com\/fi\/wp-json\/wp\/v2\/posts"}],"about":[{"href":"https:\/\/www.europesays.com\/fi\/wp-json\/wp\/v2\/types\/post"}],"author":[{"embeddable":true,"href":"https:\/\/www.europesays.com\/fi\/wp-json\/wp\/v2\/users\/2"}],"replies":[{"embeddable":true,"href":"https:\/\/www.europesays.com\/fi\/wp-json\/wp\/v2\/comments?post=126584"}],"version-history":[{"count":0,"href":"https:\/\/www.europesays.com\/fi\/wp-json\/wp\/v2\/posts\/126584\/revisions"}],"wp:featuredmedia":[{"embeddable":true,"href":"https:\/\/www.europesays.com\/fi\/wp-json\/wp\/v2\/media\/126585"}],"wp:attachment":[{"href":"https:\/\/www.europesays.com\/fi\/wp-json\/wp\/v2\/media?parent=126584"}],"wp:term":[{"taxonomy":"category","embeddable":true,"href":"https:\/\/www.europesays.com\/fi\/wp-json\/wp\/v2\/categories?post=126584"},{"taxonomy":"post_tag","embeddable":true,"href":"https:\/\/www.europesays.com\/fi\/wp-json\/wp\/v2\/tags?post=126584"}],"curies":[{"name":"wp","href":"https:\/\/api.w.org\/{rel}","templated":true}]}}