{"id":126588,"date":"2025-12-26T21:28:12","date_gmt":"2025-12-26T21:28:12","guid":{"rendered":"https:\/\/www.europesays.com\/fi\/126588\/"},"modified":"2025-12-26T21:28:12","modified_gmt":"2025-12-26T21:28:12","slug":"nain-tamperelaiset-reagoivat-pate-mustajarven-kuolemaan","status":"publish","type":"post","link":"https:\/\/www.europesays.com\/fi\/126588\/","title":{"rendered":"N\u00e4in tamperelaiset reagoivat Pate Mustaj\u00e4rven kuolemaan"},"content":{"rendered":"<p>Tappara-fanit muistelivat Pate Mustaj\u00e4rve\u00e4. <\/p>\n<p><img decoding=\"async\" class=\"image image-show image-preview\" src=\"https:\/\/www.europesays.com\/fi\/wp-content\/uploads\/2025\/12\/ba8fe89235fcb29ab3b648346211bbe36e4097525c5c4cf461ee5ea7952afcb5.jpg\" alt=\"\"\/><img decoding=\"async\" class=\"image image-show\" src=\"https:\/\/www.europesays.com\/fi\/wp-content\/uploads\/2025\/12\/1766784492_966_ba8fe89235fcb29ab3b648346211bbe36e4097525c5c4cf461ee5ea7952afcb5.jpg\" alt=\"\"\/><\/p>\n<p>Nokia-areenalla pidettiin hiljainen hetki Pate Mustaj\u00e4rven muistolle. Mika Kylm\u00e4niemi \/ AOP<\/p>\n<p class=\"paragraph\">Sarjak\u00e4rki Tappara haki tapaninp\u00e4iv\u00e4n\u00e4 selke\u00e4n 5\u20130-voiton Pelicansista Nokia-areenalla, mutta ottelua leimasi poikkeuksellinen suru.<\/p>\n<p class=\"paragraph\">Aiemmin p\u00e4iv\u00e4ll\u00e4 koko Suomea kosketti uutinen tamperelaisen musiikkilegendan <strong>Pate Mustaj\u00e4rven<\/strong> kuolemasta, ja sen vaikutus n\u00e4kyi my\u00f6s hallissa.<\/p>\n<p class=\"paragraph\">Iltalehti tapasi ottelun j\u00e4lkeen Tappara-faneja, jotka kunnioittivat ikikannattajaansa.<\/p>\n<p class=\"paragraph\">\u2013 Ikoninen artisti on poissa, kiitos h\u00e4nelle ja yhtye jatkaa, sanoivat <strong>Juha<\/strong> ja <strong>Eemil<\/strong>.<\/p>\n<p>Juha ja Eemil. Juha Veli  Jokinen<\/p>\n<p class=\"paragraph\">Tappara-fanien joukossa oli my\u00f6s musiikkialan ammattilaisia. Basisti <strong>Ville Rauhala<\/strong>, joka soitti Paten kahdeksannella studioalbumilla Musta, kertoi kunnioittavansa pitk\u00e4\u00e4 uraa ja yst\u00e4vyytt\u00e4\u00e4n legendan kanssa.<\/p>\n<p class=\"paragraph\">\u2013 Suuri kunnioitus ja ihailu. Tapasimme jokin aika sitten, ja t\u00e4m\u00e4 on iso menetys, Rauhala sanoi kiiruhtaessaan kitara olalla seuraavalle keikalle.<\/p>\n<p>Basisti Ville Rauhala soitti Pate Mustaj\u00e4rven albumilla. Juha Veli  Jokinen<\/p>\n<p class=\"paragraph\">My\u00f6s vanhemmat Tappara-fanit halusivat muistaa Mustaj\u00e4rven musiikkiperint\u00f6\u00e4.<\/p>\n<p class=\"paragraph\">\u2013 Monia hauskoja keikkoja on tullut jammailtua Popedan tahtiin nuoruudessa. Ik\u00e4v\u00e4 j\u00e4i, mutta musiikki s\u00e4ilyy, kertoivat <strong>Erkki<\/strong>, <strong>Jorma<\/strong> ja <strong>Hannu<\/strong>.<\/p>\n<p class=\"paragraph\">\u2013 Punaista ja makeaa on edelleen hieno biisi, he lis\u00e4siv\u00e4t yhdest\u00e4 suusta.<\/p>\n<p>Erkki, Jorma ja Hannu. Juha Veli  Jokinen<\/p>\n","protected":false},"excerpt":{"rendered":"Tappara-fanit muistelivat Pate Mustaj\u00e4rve\u00e4. Nokia-areenalla pidettiin hiljainen hetki Pate Mustaj\u00e4rven muistolle. Mika Kylm\u00e4niemi \/ AOP Sarjak\u00e4rki Tappara haki&hellip;\n","protected":false},"author":2,"featured_media":126589,"comment_status":"","ping_status":"","sticky":false,"template":"","format":"standard","meta":{"footnotes":""},"categories":[130],"tags":[35,138,137,33,31,30,1143,41,47,32,484,109],"class_list":{"0":"post-126588","1":"post","2":"type-post","3":"status-publish","4":"format-standard","5":"has-post-thumbnail","7":"category-viihde","8":"tag-24h","9":"tag-audio","10":"tag-entertainment","11":"tag-fi","12":"tag-finland","13":"tag-finnish","14":"tag-jaakiekko","15":"tag-liikunta-ja-urheilu","16":"tag-musiikki","17":"tag-suomi","18":"tag-taiteellinen-ilmaisu-ja-mediat","19":"tag-viihde"},"share_on_mastodon":{"url":"https:\/\/pubeurope.com\/@fi\/115787996305903329","error":""},"_links":{"self":[{"href":"https:\/\/www.europesays.com\/fi\/wp-json\/wp\/v2\/posts\/126588","targetHints":{"allow":["GET"]}}],"collection":[{"href":"https:\/\/www.europesays.com\/fi\/wp-json\/wp\/v2\/posts"}],"about":[{"href":"https:\/\/www.europesays.com\/fi\/wp-json\/wp\/v2\/types\/post"}],"author":[{"embeddable":true,"href":"https:\/\/www.europesays.com\/fi\/wp-json\/wp\/v2\/users\/2"}],"replies":[{"embeddable":true,"href":"https:\/\/www.europesays.com\/fi\/wp-json\/wp\/v2\/comments?post=126588"}],"version-history":[{"count":0,"href":"https:\/\/www.europesays.com\/fi\/wp-json\/wp\/v2\/posts\/126588\/revisions"}],"wp:featuredmedia":[{"embeddable":true,"href":"https:\/\/www.europesays.com\/fi\/wp-json\/wp\/v2\/media\/126589"}],"wp:attachment":[{"href":"https:\/\/www.europesays.com\/fi\/wp-json\/wp\/v2\/media?parent=126588"}],"wp:term":[{"taxonomy":"category","embeddable":true,"href":"https:\/\/www.europesays.com\/fi\/wp-json\/wp\/v2\/categories?post=126588"},{"taxonomy":"post_tag","embeddable":true,"href":"https:\/\/www.europesays.com\/fi\/wp-json\/wp\/v2\/tags?post=126588"}],"curies":[{"name":"wp","href":"https:\/\/api.w.org\/{rel}","templated":true}]}}