{"id":126606,"date":"2025-12-26T21:58:14","date_gmt":"2025-12-26T21:58:14","guid":{"rendered":"https:\/\/www.europesays.com\/fi\/126606\/"},"modified":"2025-12-26T21:58:14","modified_gmt":"2025-12-26T21:58:14","slug":"gazalainen-sairaala-sulki-toimintansa-polttoainepulassa","status":"publish","type":"post","link":"https:\/\/www.europesays.com\/fi\/126606\/","title":{"rendered":"Gazalainen sairaala sulki toimintansa polttoainepulassa"},"content":{"rendered":"<p><strong class=\"typography-bold\">Al-Awdaan hakeutuu hoitoon joka p\u00e4iv\u00e4 noin tuhat ihmist\u00e4.<\/strong><\/p>\n<p>Hoitoa saa ensiapupoliklinikalla, synnytysosastolla ja lastentautien osastolla.<\/p>\n<p>Al-Awdan sairaala Gazassa on keskeytt\u00e4nyt monia toimintojaan polttoainevajeen vuoksi. Sairaalan edustaja kertoo, ett\u00e4 generaattoreiden tarvitsemasta polttoaineesta on pulaa, mink\u00e4 vuoksi ainoastaan v\u00e4ltt\u00e4m\u00e4tt\u00f6mimmiksi katsotut osastot pidet\u00e4\u00e4n auki.<\/p>\n<p>Hoitoa saa ensiapupoliklinikalla, synnytysosastolla ja lastentautien osastolla. Sairaalan on pit\u00e4nyt vuokrata pieni generaattori saadakseen osastot pidetty\u00e4 toiminnassa.<\/p>\n<p>Al-Awdaan hakeutuu hoitoon joka p\u00e4iv\u00e4 noin tuhat ihmist\u00e4, ja lis\u00e4ksi siell\u00e4 on noin kuusikymment\u00e4 sairaalapotilasta.<\/p>\n<p>Tavanomaisissa oloissa sairaala k\u00e4ytt\u00e4\u00e4 1\u2009000\u20131\u2009200 litraa dieseli\u00e4 p\u00e4iv\u00e4ss\u00e4. T\u00e4ll\u00e4 hetkell\u00e4 sill\u00e4 on k\u00e4ytett\u00e4viss\u00e4\u00e4n noin 800 litraa.<\/p>\n<p>Sairaalan edustaja painottaa, ett\u00e4 sulku on v\u00e4liaikainen ja liittyy polttoaineen saatavuuteen.\u00a0<\/p>\n<p>Jos polttoainepula pitkittyy, se uhkaa sairaalan kyky\u00e4 tarjota peruspalveluita. Sairaalasta onkin vedottu paikallisiin ja kansainv\u00e4lisiin toimijoihin, jotta ne auttaisivat polttoainetoimituksissa.<\/p>\n<p><strong class=\"typography-bold\">Lue my\u00f6s: <\/strong><a class=\"cursor-pointer underline\" data-testid=\"internal-link\" role=\"link\" data-sentry-element=\"Link\" data-sentry-component=\"InternalLink\" data-sentry-source-file=\"InternalLink.tsx\" href=\"https:\/\/www.mtvuutiset.fi\/artikkeli\/israelin-puolustusministeri-israel-ei-vetaydy-taysin-gazasta-vaan-perustaa-sinne-uusia-siirtokuntia\/9274474\" rel=\"nofollow noopener\" target=\"_blank\"><strong class=\"typography-bold\">Israelin puolustusministeri: Israel ei koskaan t\u00e4ysin vet\u00e4ydy Gazasta, perustaa sinne my\u00f6s uusia siirtokuntia<\/strong><\/a><strong class=\"typography-bold\">Kriisi edelleen vakava<\/strong><\/p>\n<p>Gazaan saatiin lokakuussa hauras tulitauko, mutta palestiinalaisalue on edelleen vakavan humanitaarisen kriisin kourissa.<\/p>\n<p>YK:n ja muiden j\u00e4rjest\u00f6jen mukaan Gazaan p\u00e4\u00e4see nyt 100\u2013300 avustusrekkaa p\u00e4iv\u00e4ss\u00e4, kun tulitaukosopimuksessa on sovittu 600 p\u00e4ivitt\u00e4isest\u00e4 kuljetuksesta. Muissa kuljetuksissa on p\u00e4\u00e4asiassa kaupallisia hy\u00f6dykkeit\u00e4, joita suurella osalla Gazan yli kahdesta miljoonasta ihmisest\u00e4 ei ole mahdollisuutta hankkia.Valtaosa Gazan asukkaista on riippuvaisia YK:n ja muiden kansainv\u00e4listen j\u00e4rjest\u00f6jen tarjoamasta avusta.<\/p>\n","protected":false},"excerpt":{"rendered":"Al-Awdaan hakeutuu hoitoon joka p\u00e4iv\u00e4 noin tuhat ihmist\u00e4. Hoitoa saa ensiapupoliklinikalla, synnytysosastolla ja lastentautien osastolla. Al-Awdan sairaala Gazassa&hellip;\n","protected":false},"author":2,"featured_media":126607,"comment_status":"","ping_status":"","sticky":false,"template":"","format":"standard","meta":{"footnotes":""},"categories":[14],"tags":[22,23,26,27,33,31,30,17,24,25,28,29,15,18,21,32,19,20,56,16,59,60,61],"class_list":{"0":"post-126606","1":"post","2":"type-post","3":"status-publish","4":"format-standard","5":"has-post-thumbnail","7":"category-ulkomaat","8":"tag-breaking-news","9":"tag-breakingnews","10":"tag-featured-news","11":"tag-featurednews","12":"tag-fi","13":"tag-finland","14":"tag-finnish","15":"tag-headlines","16":"tag-latest-news","17":"tag-latestnews","18":"tag-main-news","19":"tag-mainnews","20":"tag-news","21":"tag-otsikot","22":"tag-paauutiset","23":"tag-suomi","24":"tag-top-stories","25":"tag-topstories","26":"tag-ulkomaat","27":"tag-uutiset","28":"tag-world","29":"tag-world-news","30":"tag-worldnews"},"share_on_mastodon":{"url":"https:\/\/pubeurope.com\/@fi\/115788113839448452","error":""},"_links":{"self":[{"href":"https:\/\/www.europesays.com\/fi\/wp-json\/wp\/v2\/posts\/126606","targetHints":{"allow":["GET"]}}],"collection":[{"href":"https:\/\/www.europesays.com\/fi\/wp-json\/wp\/v2\/posts"}],"about":[{"href":"https:\/\/www.europesays.com\/fi\/wp-json\/wp\/v2\/types\/post"}],"author":[{"embeddable":true,"href":"https:\/\/www.europesays.com\/fi\/wp-json\/wp\/v2\/users\/2"}],"replies":[{"embeddable":true,"href":"https:\/\/www.europesays.com\/fi\/wp-json\/wp\/v2\/comments?post=126606"}],"version-history":[{"count":0,"href":"https:\/\/www.europesays.com\/fi\/wp-json\/wp\/v2\/posts\/126606\/revisions"}],"wp:featuredmedia":[{"embeddable":true,"href":"https:\/\/www.europesays.com\/fi\/wp-json\/wp\/v2\/media\/126607"}],"wp:attachment":[{"href":"https:\/\/www.europesays.com\/fi\/wp-json\/wp\/v2\/media?parent=126606"}],"wp:term":[{"taxonomy":"category","embeddable":true,"href":"https:\/\/www.europesays.com\/fi\/wp-json\/wp\/v2\/categories?post=126606"},{"taxonomy":"post_tag","embeddable":true,"href":"https:\/\/www.europesays.com\/fi\/wp-json\/wp\/v2\/tags?post=126606"}],"curies":[{"name":"wp","href":"https:\/\/api.w.org\/{rel}","templated":true}]}}