{"id":126610,"date":"2025-12-26T22:00:10","date_gmt":"2025-12-26T22:00:10","guid":{"rendered":"https:\/\/www.europesays.com\/fi\/126610\/"},"modified":"2025-12-26T22:00:10","modified_gmt":"2025-12-26T22:00:10","slug":"mysteerimaistaja-myyrmannin-vihreassa-vuohessa-joutui-tilaamaan-muuta-kuin-halusi-mutta-oli-se-hyvaa-vantaan-sanomat","status":"publish","type":"post","link":"https:\/\/www.europesays.com\/fi\/126610\/","title":{"rendered":"Mysteerimaistaja | Myyrmannin Vihre\u00e4ss\u00e4 vuohessa joutui tilaamaan muuta kuin halusi, mutta oli se hyv\u00e4\u00e4 &#8211; Vantaan Sanomat"},"content":{"rendered":"<ol>\n<li><a href=\"https:\/\/news.google.com\/rss\/articles\/CBMiXkFVX3lxTFB6dS1QdTE2MHo1WDl0dTNJS1FZNGFEWVN2VmdkX3FGUFo0amNhRnVnT1NJYnEyNXpmN2lfaDJiV3FGeFdxWEdEWWJuS1RBQTJFdklyelE5Y09mWTRLemc?oc=5\" target=\"_blank\" rel=\"nofollow noopener\">Mysteerimaistaja | Myyrmannin Vihre\u00e4ss\u00e4 vuohessa joutui tilaamaan muuta kuin halusi, mutta oli se hyv\u00e4\u00e4<\/a>&nbsp;&nbsp;Vantaan Sanomat<\/li>\n<li><a href=\"https:\/\/news.google.com\/rss\/articles\/CBMiT0FVX3lxTE80Uk1fazRJMXFmQkszTWJ3UVdIWDlmT1JNZGpsSkh0VkY4UzdabWVnR0kxTFZqSnMzaEI1WlA3bldDMlF2a3ZCczRvcl9ucXM?oc=5\" target=\"_blank\" rel=\"nofollow noopener\">ESS baarikierroksella | &#8221;Vakioporukan takia pidetty pystyss\u00e4&#8221; \u2013 ilman toisen ravintolan tukea Lahdessa olisi yksi l\u00e4hi\u00f6baari v\u00e4hemm\u00e4n<\/a>&nbsp;&nbsp;Etel\u00e4-Suomen Sanomat<\/li>\n<li><a href=\"https:\/\/news.google.com\/rss\/articles\/CBMiT0FVX3lxTE9RVzFhZUZvdC1ISEo4Y3ZHUzFGMEZnM3B0V1ZTYzFvdzlMcDZ3ZXV0eUlpMXk3cmJTSkhiTU1yWTdkSFJWdWhDNF80cFJHeWs?oc=5\" target=\"_blank\" rel=\"nofollow noopener\">Raimo Helminen huusi SaiPan hereille liian my\u00f6h\u00e4\u00e4n: &#8221;Tuntui, ett\u00e4 lopun olimme niskan p\u00e4\u00e4ll\u00e4&#8221;<\/a>&nbsp;&nbsp;Etel\u00e4-Saimaa<\/li>\n<li><a href=\"https:\/\/news.google.com\/rss\/articles\/CBMiV0FVX3lxTE53cTFlX1ZJWUVaelRtQTFGdkdkTHJqNUFvVENvYTNUZFJvdG5OaGZ2Q2JmT3lobUNEeERkY3YyVF9MTEQ3c2ZScWo3dkRVSHZTUS01Q0ttdw?oc=5\" target=\"_blank\" rel=\"nofollow noopener\">Eurojackpotissa ei t\u00e4ysosumia \u2013 t\u00e4ss\u00e4 oikea rivi<\/a>&nbsp;&nbsp;Keskisuomalainen<\/li>\n<li><a href=\"https:\/\/news.google.com\/rss\/articles\/CBMijwFBVV95cUxNT0wzY09EU2hSYXNlYTM1WkRKdmd4Tm9HRldFRThQR2VfZ2ltcW9obXcxYkxxNUFwdjcwY2MxdWt2anpwTmd1VDRYa1Y1T243UmJIQmUyYWt5cGZFeG0wY0NIcmt0T2xJdDhXSHNCUlBzNEcwQ3EtdXdQYkFIdkQyVTdvZGZic3JNaWJmQkY0SQ?oc=5\" target=\"_blank\" rel=\"nofollow noopener\">KalPa katkaisi SaiPan voittoputken<\/a>&nbsp;&nbsp;SaiPa.fi<\/li>\n<\/ol>\n","protected":false},"excerpt":{"rendered":"Mysteerimaistaja | Myyrmannin Vihre\u00e4ss\u00e4 vuohessa joutui tilaamaan muuta kuin halusi, mutta oli se hyv\u00e4\u00e4&nbsp;&nbsp;Vantaan Sanomat ESS baarikierroksella |&hellip;\n","protected":false},"author":2,"featured_media":126611,"comment_status":"","ping_status":"","sticky":false,"template":"","format":"standard","meta":{"footnotes":""},"categories":[5],"tags":[22,23,26,27,33,31,30,17,24,25,28,29,22478,8443,8523,15,18,21,2331,32,19,20,16,2107],"class_list":{"0":"post-126610","1":"post","2":"type-post","3":"status-publish","4":"format-standard","5":"has-post-thumbnail","7":"category-otsikot","8":"tag-breaking-news","9":"tag-breakingnews","10":"tag-featured-news","11":"tag-featurednews","12":"tag-fi","13":"tag-finland","14":"tag-finnish","15":"tag-headlines","16":"tag-latest-news","17":"tag-latestnews","18":"tag-main-news","19":"tag-mainnews","20":"tag-mysteerimaistaja","21":"tag-myyrmaki","22":"tag-myyrmanni","23":"tag-news","24":"tag-otsikot","25":"tag-paauutiset","26":"tag-ruoka-ja-juoma","27":"tag-suomi","28":"tag-top-stories","29":"tag-topstories","30":"tag-uutiset","31":"tag-vapaa-aika"},"share_on_mastodon":{"url":"https:\/\/pubeurope.com\/@fi\/115788121604974465","error":""},"_links":{"self":[{"href":"https:\/\/www.europesays.com\/fi\/wp-json\/wp\/v2\/posts\/126610","targetHints":{"allow":["GET"]}}],"collection":[{"href":"https:\/\/www.europesays.com\/fi\/wp-json\/wp\/v2\/posts"}],"about":[{"href":"https:\/\/www.europesays.com\/fi\/wp-json\/wp\/v2\/types\/post"}],"author":[{"embeddable":true,"href":"https:\/\/www.europesays.com\/fi\/wp-json\/wp\/v2\/users\/2"}],"replies":[{"embeddable":true,"href":"https:\/\/www.europesays.com\/fi\/wp-json\/wp\/v2\/comments?post=126610"}],"version-history":[{"count":0,"href":"https:\/\/www.europesays.com\/fi\/wp-json\/wp\/v2\/posts\/126610\/revisions"}],"wp:featuredmedia":[{"embeddable":true,"href":"https:\/\/www.europesays.com\/fi\/wp-json\/wp\/v2\/media\/126611"}],"wp:attachment":[{"href":"https:\/\/www.europesays.com\/fi\/wp-json\/wp\/v2\/media?parent=126610"}],"wp:term":[{"taxonomy":"category","embeddable":true,"href":"https:\/\/www.europesays.com\/fi\/wp-json\/wp\/v2\/categories?post=126610"},{"taxonomy":"post_tag","embeddable":true,"href":"https:\/\/www.europesays.com\/fi\/wp-json\/wp\/v2\/tags?post=126610"}],"curies":[{"name":"wp","href":"https:\/\/api.w.org\/{rel}","templated":true}]}}