{"id":126612,"date":"2025-12-26T22:12:11","date_gmt":"2025-12-26T22:12:11","guid":{"rendered":"https:\/\/www.europesays.com\/fi\/126612\/"},"modified":"2025-12-26T22:12:11","modified_gmt":"2025-12-26T22:12:11","slug":"suomalainen-kulttiprogebandi-teki-paluun-como-fi","status":"publish","type":"post","link":"https:\/\/www.europesays.com\/fi\/126612\/","title":{"rendered":"Suomalainen kulttiprogeb\u00e4ndi teki paluun &#8211; Como.fi"},"content":{"rendered":"<p><strong>Absoluuttinen Nollapiste<\/strong> on julkaissut uuden kappaleen.<\/p>\n<p>Edellisen kerran b\u00e4ndilt\u00e4 saatiin musiikkia vuonna 2014, kun b\u00e4ndi julkaisi\u00a0Pisara ja lammas -tupla-albumin j\u00e4kimm\u00e4isen puoliskon. Edelt\u00e4v\u00e4 osa levyst\u00e4 ilmestyi vuonna 2012. Pitk\u00e4\u00e4n tauolla ollut b\u00e4ndi teki paluukeikkoja t\u00e4n\u00e4 vuonna. B\u00e4ndilt\u00e4 ilmestyy uusi albumi\u00a0Magneettipohjoinen\u00a0ensi vuonna.<\/p>\n<p>Yhtye perustettiin Rovaniemell\u00e4 vuonna 1991. Se on urallaan julkaissut 12 albumia. Uuden kappaleen kuulet alta.<\/p>\n<p><img loading=\"lazy\" decoding=\"async\" alt=\"YouTube video\" width=\"480\" height=\"360\" data-pin-nopin=\"true\" nopin=\"nopin\" class=\"perfmatters-lazy\" src=\"https:\/\/www.europesays.com\/fi\/wp-content\/uploads\/2025\/12\/1766745250_262_hqdefault.jpg\"\/><\/p>\n<p>Lue my\u00f6s: <a href=\"https:\/\/www.como.fi\/tilaa-comon-uutiskirje\/\" title=\"Tilaa Comon uutiskirje ja tied\u00e4t mist\u00e4 kahvitauolla puhutaan! Nappaa kotimaan tv-vinkit ja puheenaiheet suoraan s\u00e4hk\u00f6postiin t\u00e4st\u00e4.\" class=\"underline-custom !font-montserrat !font-bold !underline-offset-4 !decoration-4 !decoration-red-600 !text-md\" rel=\"nofollow noopener\" target=\"_blank\">Tilaa Comon uutiskirje ja tied\u00e4t mist\u00e4 kahvitauolla puhutaan! Nappaa kotimaan tv-vinkit ja puheenaiheet suoraan s\u00e4hk\u00f6postiin t\u00e4st\u00e4.<\/a><\/p>\n","protected":false},"excerpt":{"rendered":"Absoluuttinen Nollapiste on julkaissut uuden kappaleen. Edellisen kerran b\u00e4ndilt\u00e4 saatiin musiikkia vuonna 2014, kun b\u00e4ndi julkaisi\u00a0Pisara ja lammas&hellip;\n","protected":false},"author":2,"featured_media":126613,"comment_status":"","ping_status":"","sticky":false,"template":"","format":"standard","meta":{"footnotes":""},"categories":[136],"tags":[407,137,33,31,30,408,32,109],"class_list":{"0":"post-126612","1":"post","2":"type-post","3":"status-publish","4":"format-standard","5":"has-post-thumbnail","7":"category-julkkikset","8":"tag-celebrities","9":"tag-entertainment","10":"tag-fi","11":"tag-finland","12":"tag-finnish","13":"tag-julkkikset","14":"tag-suomi","15":"tag-viihde"},"share_on_mastodon":{"url":"https:\/\/pubeurope.com\/@fi\/115788168916257130","error":""},"_links":{"self":[{"href":"https:\/\/www.europesays.com\/fi\/wp-json\/wp\/v2\/posts\/126612","targetHints":{"allow":["GET"]}}],"collection":[{"href":"https:\/\/www.europesays.com\/fi\/wp-json\/wp\/v2\/posts"}],"about":[{"href":"https:\/\/www.europesays.com\/fi\/wp-json\/wp\/v2\/types\/post"}],"author":[{"embeddable":true,"href":"https:\/\/www.europesays.com\/fi\/wp-json\/wp\/v2\/users\/2"}],"replies":[{"embeddable":true,"href":"https:\/\/www.europesays.com\/fi\/wp-json\/wp\/v2\/comments?post=126612"}],"version-history":[{"count":0,"href":"https:\/\/www.europesays.com\/fi\/wp-json\/wp\/v2\/posts\/126612\/revisions"}],"wp:featuredmedia":[{"embeddable":true,"href":"https:\/\/www.europesays.com\/fi\/wp-json\/wp\/v2\/media\/126613"}],"wp:attachment":[{"href":"https:\/\/www.europesays.com\/fi\/wp-json\/wp\/v2\/media?parent=126612"}],"wp:term":[{"taxonomy":"category","embeddable":true,"href":"https:\/\/www.europesays.com\/fi\/wp-json\/wp\/v2\/categories?post=126612"},{"taxonomy":"post_tag","embeddable":true,"href":"https:\/\/www.europesays.com\/fi\/wp-json\/wp\/v2\/tags?post=126612"}],"curies":[{"name":"wp","href":"https:\/\/api.w.org\/{rel}","templated":true}]}}