{"id":126614,"date":"2025-12-26T22:16:19","date_gmt":"2025-12-26T22:16:19","guid":{"rendered":"https:\/\/www.europesays.com\/fi\/126614\/"},"modified":"2025-12-26T22:16:19","modified_gmt":"2025-12-26T22:16:19","slug":"costello-hautamaen-hyvastit-mustajarvelle-mtv-uutiset","status":"publish","type":"post","link":"https:\/\/www.europesays.com\/fi\/126614\/","title":{"rendered":"Costello Hautam\u00e4en hyv\u00e4stit Mustaj\u00e4rvelle | MTV Uutiset"},"content":{"rendered":"<p><strong class=\"typography-bold\">Pate Mustaj\u00e4rven pitk\u00e4aikainen b\u00e4ndikaveri, lauluntekij\u00e4 Costello Hautam\u00e4ki on julkaissut muistokirjotuksen Mustaj\u00e4rvest\u00e4.<\/strong><\/p>\n<p>Popedan\u00a0kitaristi ja lauluntekij\u00e4 <strong class=\"typography-bold\">Costello Hautam\u00e4ki <\/strong>muistelee Suomi-rockin legendaa ja pitk\u00e4aikaista b\u00e4ndikaveriaan <strong class=\"typography-bold\">Pate Mustaj\u00e4rve\u00e4<\/strong> <a class=\"underline\" data-testid=\"external-link\" href=\"https:\/\/www.instagram.com\/p\/DSvOUylDFqg\/\" rel=\"noopener noreferrer nofollow\" target=\"_blank\" data-sentry-component=\"ExternalLink\" data-sentry-source-file=\"ExternalLink.tsx\">Instagram-p\u00e4ivityksess\u00e4\u00e4n<\/a>.\u00a0<\/p>\n<p>Mustaj\u00e4rvi kuoli t\u00e4n\u00e4\u00e4n tapaninp\u00e4iv\u00e4n\u00e4 69-vuotiaana. H\u00e4n oli Popedan perustajaj\u00e4sen ja toimi yhtyeen vokalistina 46 vuoden ajan toissa vuoteen asti.\u00a0<\/p>\n<p>Mustaj\u00e4rvi ehti 1970-luvun lopulta alkaen kiert\u00e4\u00e4 yhtyeens\u00e4 kanssa koko lailla kaikki Suomen keikkapaikat moneen kertaan.<\/p>\n<p>\u2013 Pari miljoonaa kilometri\u00e4 samassa keikkabussissa. Suomirokin suuri \u00e4\u00e4ni on vaiennut, Hautam\u00e4ki kirjoittaa p\u00e4ivityksess\u00e4\u00e4n.<\/p>\n<p>\u2013 Laulut j\u00e4\u00e4 el\u00e4m\u00e4\u00e4n. Hyv\u00e4\u00e4 matkaa, Pauli. Terv. Costi.<\/p>\n<p>Karismaattisena lavahahmona tunnettu Mustaj\u00e4rvi muistetaan erityisesti vahvoista live-esityksist\u00e4\u00e4n b\u00e4ndins\u00e4 kanssa. H\u00e4n korosti olevansa esiintyj\u00e4 eik\u00e4 halunnut kutsua itse\u00e4\u00e4n muusikoksi.<\/p>\n<p>Veli-Pekka &#8221;Costello&#8221; Hautam\u00e4ki on s\u00e4velt\u00e4nyt useita Popedan hittej\u00e4, kuten kappaleet\u00a0Kersantti Karoliina,\u00a0Matkalla Alabamaan\u00a0ja\u00a0Kuuma kes\u00e4.<\/p>\n<p><script async src=\"\/\/www.instagram.com\/embed.js\"><\/script><\/p>\n","protected":false},"excerpt":{"rendered":"Pate Mustaj\u00e4rven pitk\u00e4aikainen b\u00e4ndikaveri, lauluntekij\u00e4 Costello Hautam\u00e4ki on julkaissut muistokirjotuksen Mustaj\u00e4rvest\u00e4. Popedan\u00a0kitaristi ja lauluntekij\u00e4 Costello Hautam\u00e4ki muistelee Suomi-rockin&hellip;\n","protected":false},"author":2,"featured_media":126615,"comment_status":"","ping_status":"","sticky":false,"template":"","format":"standard","meta":{"footnotes":""},"categories":[132],"tags":[137,33,31,30,195,47,32,109],"class_list":{"0":"post-126614","1":"post","2":"type-post","3":"status-publish","4":"format-standard","5":"has-post-thumbnail","7":"category-musiikki","8":"tag-entertainment","9":"tag-fi","10":"tag-finland","11":"tag-finnish","12":"tag-music","13":"tag-musiikki","14":"tag-suomi","15":"tag-viihde"},"share_on_mastodon":{"url":"https:\/\/pubeurope.com\/@fi\/115788184479381694","error":""},"_links":{"self":[{"href":"https:\/\/www.europesays.com\/fi\/wp-json\/wp\/v2\/posts\/126614","targetHints":{"allow":["GET"]}}],"collection":[{"href":"https:\/\/www.europesays.com\/fi\/wp-json\/wp\/v2\/posts"}],"about":[{"href":"https:\/\/www.europesays.com\/fi\/wp-json\/wp\/v2\/types\/post"}],"author":[{"embeddable":true,"href":"https:\/\/www.europesays.com\/fi\/wp-json\/wp\/v2\/users\/2"}],"replies":[{"embeddable":true,"href":"https:\/\/www.europesays.com\/fi\/wp-json\/wp\/v2\/comments?post=126614"}],"version-history":[{"count":0,"href":"https:\/\/www.europesays.com\/fi\/wp-json\/wp\/v2\/posts\/126614\/revisions"}],"wp:featuredmedia":[{"embeddable":true,"href":"https:\/\/www.europesays.com\/fi\/wp-json\/wp\/v2\/media\/126615"}],"wp:attachment":[{"href":"https:\/\/www.europesays.com\/fi\/wp-json\/wp\/v2\/media?parent=126614"}],"wp:term":[{"taxonomy":"category","embeddable":true,"href":"https:\/\/www.europesays.com\/fi\/wp-json\/wp\/v2\/categories?post=126614"},{"taxonomy":"post_tag","embeddable":true,"href":"https:\/\/www.europesays.com\/fi\/wp-json\/wp\/v2\/tags?post=126614"}],"curies":[{"name":"wp","href":"https:\/\/api.w.org\/{rel}","templated":true}]}}