{"id":126618,"date":"2025-12-26T22:20:10","date_gmt":"2025-12-26T22:20:10","guid":{"rendered":"https:\/\/www.europesays.com\/fi\/126618\/"},"modified":"2025-12-26T22:20:10","modified_gmt":"2025-12-26T22:20:10","slug":"prinssi-williamin-harvinainen-kuva-prinsessa-dianasta-joulumuistot-ja-hyvantekevaisyys","status":"publish","type":"post","link":"https:\/\/www.europesays.com\/fi\/126618\/","title":{"rendered":"Prinssi Williamin harvinainen kuva prinsessa Dianasta &#8211; Joulumuistot ja hyv\u00e4ntekev\u00e4isyys"},"content":{"rendered":"<p>            ADAM VAUGHAN \/ AOP\n        <\/p>\n<p class=\"subtitle \">Prinssi William seuraa \u00e4itins\u00e4 jalanj\u00e4ljiss\u00e4.<\/p>\n<p class=\"article-content article-content-width !bg-background\">Joulu on monille muistojen aikaa, ja sit\u00e4 se n\u00e4ytt\u00e4isi olevan my\u00f6s prinssi\u00a0ja prinsessa. Joulun alla he julkaisivat Instagram-tilill\u00e4\u00e4n kuvaparin, jonka otoksista ensimm\u00e4inen on nostalginen kuva prinsessa.<\/p>\n<p class=\"font-weight-bold m-font-weight-bold article-content article-content-width !bg-background\">Arkistovideo: He ovat Euroopan rikkaimmat kuninkaalliset<\/p>\n<p class=\"article-content article-content-width !bg-background\">William muistelee \u00e4iti\u00e4\u00e4n verrattain harvoin, ja etenkin kuvat edesmenneest\u00e4 prinsessasta ovat poikkeuksellisia.<\/p>\n<p class=\"article-content article-content-width !bg-background\">Ennen joulua muistelulle l\u00f6ytyi kuitenkin syyt\u00e4, kun William vieraili The Passage -hyv\u00e4ntekev\u00e4isyysj\u00e4rjest\u00f6n tiloissa.<\/p>\n<p class=\"article-content article-content-width !bg-background\">Instagram-julkaisun ensimm\u00e4isess\u00e4 kuvassa Diana ja viel\u00e4 nuori William poseeraavat kameralle kokkien vieress\u00e4.<\/p>\n<p class=\"article-content article-content-width !bg-background\">Toisessa kuvassa hymyilee William, sek\u00e4 pitk\u00e4ksi ett\u00e4 aikuiseksi ven\u00e4ht\u00e4neen\u00e4, mutta j\u00e4lleen kokin kanssa. Perinteet n\u00e4ytt\u00e4v\u00e4t jatkuvan, sill\u00e4 my\u00f6s William on ottanut vanhimman poikansa prinssi\u00a0mukaan.<\/p>\n<p class=\"article-content article-content-width !bg-background\">The Passage on hyv\u00e4ntekev\u00e4isyysj\u00e4rjest\u00f6, joka tarjoaa kohtaamispaikan kodittomille henkil\u00f6ille ja pyrkii puuttumaan kodittomuuden riskeihin jo ennen kriisi\u00e4.<\/p>\n<p>        <a itemprop=\"url\" href=\"https:\/\/www.seiska.fi\/kuninkaalliset\/kuningas-kiistaa-suhteensa-prinsessa-dianaan\/1977967\" rel=\"nofollow noopener\" target=\"_blank\"><\/p>\n<p>\nPrinsessa Diana\n<\/p>\n<p class=\"section-date\">\n        <strong class=\"article-section\" data-section=\"kuninkaalliset\"><br \/>\n            kuninkaalliset<br \/>\n        <\/strong><br \/>\n        1.11. 15:00\n    <\/p>\n<p>Kuningas kiist\u00e4\u00e4 suhteensa prinsessa Dianaan\n    <\/p>\n<p itemprop=\"description\" class=\"subtitle \">\n    Dianan rakkausel\u00e4m\u00e4 on j\u00e4lleen nostettu tikun nokkaan.\n<\/p>\n<p>        <\/a><\/p>\n<p>Perinne jatkuu<\/p>\n<p class=\"article-content article-content-width !bg-background\">Prinssi William on ollut j\u00e4rjest\u00f6n virallinen suojelija vuodesta 2019, ja t\u00e4t\u00e4 ennen h\u00e4nen kerrotaan vierailleen j\u00e4rjest\u00f6n tiloissa usein. Vierailut ovat olleet sek\u00e4 virallisia ett\u00e4 yksityisi\u00e4.<\/p>\n<p class=\"article-content article-content-width !bg-background\">\u2013 Niiden monien vuosien aikana, joina olen vieraillut The Passagessa \u2013 ensin pienen\u00e4 poikana \u00e4itini kanssa \u2013 olen kasvanut v\u00e4litt\u00e4m\u00e4\u00e4n teist\u00e4 syv\u00e4sti, William on kommentoinut j\u00e4rjest\u00f6\u00e4.<\/p>\n<p class=\"article-content article-content-width !bg-background\">Vierailullaan George ja William osallistuivat j\u00e4rjest\u00f6n jouluruokailun valmisteluun esimerkiksi keitti\u00f6apulaisina sek\u00e4 kuusenkoristelijoina.<\/p>\n<p class=\"article-content article-content-width !bg-background\">\u2013 Olemme ylpeit\u00e4 ollessamme vapaaehtoisten ja henkil\u00f6kunnan kanssa valmistelemassa joululounasta \u2013 t\u00e4n\u00e4 vuonna mukana my\u00f6s yhdet apuk\u00e4det lis\u00e4\u00e4! julkaisun ohessa hehkutettiin Instagramissa.<\/p>\n<p>        <a itemprop=\"url\" href=\"https:\/\/www.seiska.fi\/kuninkaalliset\/prinsessa-catherinen-hella-ele-hurmaa-video\/1991024\" rel=\"nofollow noopener\" target=\"_blank\"><\/p>\n<p>\nVideo!\n<\/p>\n<p class=\"section-date\">\n        <strong class=\"article-section\" data-section=\"kuninkaalliset\"><br \/>\n            kuninkaalliset<br \/>\n        <\/strong><br \/>\n        13.11. 09:53\n    <\/p>\n<p>Prinsessa Catherinen hell\u00e4 ele hurmaa \u2013 video!\n    <\/p>\n<p itemprop=\"description\" class=\"subtitle \">\n    Catherinesta povataan upeaa kuningatarta.\n<\/p>\n<p>        <\/a><\/p>\n","protected":false},"excerpt":{"rendered":"ADAM VAUGHAN \/ AOP Prinssi William seuraa \u00e4itins\u00e4 jalanj\u00e4ljiss\u00e4. Joulu on monille muistojen aikaa, ja sit\u00e4 se n\u00e4ytt\u00e4isi&hellip;\n","protected":false},"author":2,"featured_media":126619,"comment_status":"","ping_status":"","sticky":false,"template":"","format":"standard","meta":{"footnotes":""},"categories":[130],"tags":[1418,137,33,31,30,5630,5856,212,4200,1725,1724,32,22479,109],"class_list":{"0":"post-126618","1":"post","2":"type-post","3":"status-publish","4":"format-standard","5":"has-post-thumbnail","7":"category-viihde","8":"tag-britannian-kuninkaallinen-perhe","9":"tag-entertainment","10":"tag-fi","11":"tag-finland","12":"tag-finnish","13":"tag-hyvantekevaisyys","14":"tag-joulu","15":"tag-lifestyle","16":"tag-prinsessa-catherine","17":"tag-prinsessa-diana","18":"tag-prinssi-william","19":"tag-suomi","20":"tag-the-passage","21":"tag-viihde"},"share_on_mastodon":{"url":"https:\/\/pubeurope.com\/@fi\/115788200214811959","error":""},"_links":{"self":[{"href":"https:\/\/www.europesays.com\/fi\/wp-json\/wp\/v2\/posts\/126618","targetHints":{"allow":["GET"]}}],"collection":[{"href":"https:\/\/www.europesays.com\/fi\/wp-json\/wp\/v2\/posts"}],"about":[{"href":"https:\/\/www.europesays.com\/fi\/wp-json\/wp\/v2\/types\/post"}],"author":[{"embeddable":true,"href":"https:\/\/www.europesays.com\/fi\/wp-json\/wp\/v2\/users\/2"}],"replies":[{"embeddable":true,"href":"https:\/\/www.europesays.com\/fi\/wp-json\/wp\/v2\/comments?post=126618"}],"version-history":[{"count":0,"href":"https:\/\/www.europesays.com\/fi\/wp-json\/wp\/v2\/posts\/126618\/revisions"}],"wp:featuredmedia":[{"embeddable":true,"href":"https:\/\/www.europesays.com\/fi\/wp-json\/wp\/v2\/media\/126619"}],"wp:attachment":[{"href":"https:\/\/www.europesays.com\/fi\/wp-json\/wp\/v2\/media?parent=126618"}],"wp:term":[{"taxonomy":"category","embeddable":true,"href":"https:\/\/www.europesays.com\/fi\/wp-json\/wp\/v2\/categories?post=126618"},{"taxonomy":"post_tag","embeddable":true,"href":"https:\/\/www.europesays.com\/fi\/wp-json\/wp\/v2\/tags?post=126618"}],"curies":[{"name":"wp","href":"https:\/\/api.w.org\/{rel}","templated":true}]}}