{"id":126622,"date":"2025-12-26T22:24:11","date_gmt":"2025-12-26T22:24:11","guid":{"rendered":"https:\/\/www.europesays.com\/fi\/126622\/"},"modified":"2025-12-26T22:24:11","modified_gmt":"2025-12-26T22:24:11","slug":"kolmea-naista-puukotettiin-pariisin-metrossa","status":"publish","type":"post","link":"https:\/\/www.europesays.com\/fi\/126622\/","title":{"rendered":"Kolmea naista puukotettiin Pariisin metrossa"},"content":{"rendered":"<p><strong class=\"typography-bold\">Ranskassa kolme naista on haavoittunut perjantaina puukotuksissa Pariisin metrossa. Teoista ep\u00e4ilty mies saatiin syytt\u00e4j\u00e4n mukaan kiinni.<\/strong><\/p>\n<p>Hy\u00f6kk\u00e4ykset tapahtuivat Pariisissa liikennelaitoksen mukaan kolmella eri metroasemalla perjantaina iltap\u00e4iv\u00e4ll\u00e4 puolen tunnin sis\u00e4ll\u00e4.<\/p>\n<p>Teoista ep\u00e4ilty mies p\u00e4\u00e4si ensin pakenemaan, mutta h\u00e4net saatiin kiinni my\u00f6hemmin.<\/p>\n<p>Syytt\u00e4j\u00e4n mukaan ep\u00e4ilty saatiin tunnistetuksi valvontakameroiden tallenteiden avulla, ja poliisit l\u00f6ysiv\u00e4t miehen puhelimen paikannustietojen avulla Val d&#8217;Oisen alueelta Pariisin pohjoispuolelta.<\/p>\n<p>Puukotukset tehtiin juuri, kun ihmiset Pariisissa kulkivat joulunajan ja loppuvuoden riennoissa. Hy\u00f6kk\u00e4ykset tapahtuivat saman metrolinjan varrella Republiquen, Arts et Metiersin sek\u00e4 Operan asemilla.<\/p>\n<p>Le <a class=\"underline\" data-testid=\"external-link\" href=\"https:\/\/www.leparisien.fr\/faits-divers\/paris-trois-femmes-poignardees-dans-le-metro-par-un-homme-26-12-2025-6SINKZU5ZNDAJNV5OBXLQJIMWE.php\" rel=\"noopener noreferrer nofollow\" data-sentry-component=\"ExternalLink\" data-sentry-source-file=\"ExternalLink.tsx\" target=\"_blank\">Parisien<\/a> -lehden poliisil\u00e4hteen mukaan uhrien saamat vammat eiv\u00e4t olleet vakavia. Poliisil\u00e4hteen mukaan yksi uhreista on raskaana. Kahden naisen vammat olivat l\u00e4hteen mukaan sel\u00e4ss\u00e4 ja reisiss\u00e4.<\/p>\n<p>Juttua p\u00e4ivitetty 26.12.2025 kello 22.11.<\/p>\n","protected":false},"excerpt":{"rendered":"Ranskassa kolme naista on haavoittunut perjantaina puukotuksissa Pariisin metrossa. Teoista ep\u00e4ilty mies saatiin syytt\u00e4j\u00e4n mukaan kiinni. Hy\u00f6kk\u00e4ykset tapahtuivat&hellip;\n","protected":false},"author":2,"featured_media":126623,"comment_status":"","ping_status":"","sticky":false,"template":"","format":"standard","meta":{"footnotes":""},"categories":[14],"tags":[22,23,26,27,33,31,30,17,24,25,28,29,15,18,21,32,19,20,56,16,59,60,61],"class_list":{"0":"post-126622","1":"post","2":"type-post","3":"status-publish","4":"format-standard","5":"has-post-thumbnail","7":"category-ulkomaat","8":"tag-breaking-news","9":"tag-breakingnews","10":"tag-featured-news","11":"tag-featurednews","12":"tag-fi","13":"tag-finland","14":"tag-finnish","15":"tag-headlines","16":"tag-latest-news","17":"tag-latestnews","18":"tag-main-news","19":"tag-mainnews","20":"tag-news","21":"tag-otsikot","22":"tag-paauutiset","23":"tag-suomi","24":"tag-top-stories","25":"tag-topstories","26":"tag-ulkomaat","27":"tag-uutiset","28":"tag-world","29":"tag-world-news","30":"tag-worldnews"},"share_on_mastodon":{"url":"https:\/\/pubeurope.com\/@fi\/115788216041004859","error":""},"_links":{"self":[{"href":"https:\/\/www.europesays.com\/fi\/wp-json\/wp\/v2\/posts\/126622","targetHints":{"allow":["GET"]}}],"collection":[{"href":"https:\/\/www.europesays.com\/fi\/wp-json\/wp\/v2\/posts"}],"about":[{"href":"https:\/\/www.europesays.com\/fi\/wp-json\/wp\/v2\/types\/post"}],"author":[{"embeddable":true,"href":"https:\/\/www.europesays.com\/fi\/wp-json\/wp\/v2\/users\/2"}],"replies":[{"embeddable":true,"href":"https:\/\/www.europesays.com\/fi\/wp-json\/wp\/v2\/comments?post=126622"}],"version-history":[{"count":0,"href":"https:\/\/www.europesays.com\/fi\/wp-json\/wp\/v2\/posts\/126622\/revisions"}],"wp:featuredmedia":[{"embeddable":true,"href":"https:\/\/www.europesays.com\/fi\/wp-json\/wp\/v2\/media\/126623"}],"wp:attachment":[{"href":"https:\/\/www.europesays.com\/fi\/wp-json\/wp\/v2\/media?parent=126622"}],"wp:term":[{"taxonomy":"category","embeddable":true,"href":"https:\/\/www.europesays.com\/fi\/wp-json\/wp\/v2\/categories?post=126622"},{"taxonomy":"post_tag","embeddable":true,"href":"https:\/\/www.europesays.com\/fi\/wp-json\/wp\/v2\/tags?post=126622"}],"curies":[{"name":"wp","href":"https:\/\/api.w.org\/{rel}","templated":true}]}}