{"id":126626,"date":"2025-12-26T22:26:09","date_gmt":"2025-12-26T22:26:09","guid":{"rendered":"https:\/\/www.europesays.com\/fi\/126626\/"},"modified":"2025-12-26T22:26:09","modified_gmt":"2025-12-26T22:26:09","slug":"kaksi-kuollut-lumivyoryissa-ranskan-alpeilla-uutisia-lyhyesti","status":"publish","type":"post","link":"https:\/\/www.europesays.com\/fi\/126626\/","title":{"rendered":"Kaksi kuollut lumivy\u00f6ryiss\u00e4 Ranskan Alpeilla | Uutisia lyhyesti"},"content":{"rendered":"<p class=\"aw-1gybjub aw-5vja16 kEtdKx kmuxyA yle__article__paragraph\">Viranomaiset kehottavat varovaisuuteen matalan lumivy\u00f6ryriskin alueilla nopeasti muuttuvan s\u00e4\u00e4n takia.<\/p>\n<p><img decoding=\"async\" alt=\"Useita rakennuksia reunustaa laskettelurinteit\u00e4 vuoren juurella. Rakennusten valot loistavat h\u00e4m\u00e4rtyv\u00e4ss\u00e4 illassa.\" src=\"https:\/\/www.europesays.com\/fi\/wp-content\/uploads\/2025\/12\/39-1574679694efa04c05db.jpeg\" class=\"aw-1l9m598 hKVVvP\"\/><\/p>\n<p>Avaa kuvien katselu<\/p>\n<p>La Plagnen laskettelukeskus Raskan Alpeilla tammikuussa 2010. Arkistokuva. Kuva: Jean-Pierre Clatot \/ AFP<\/p>\n<p>26.12. 22:59\u2022P\u00e4ivitetty 26.12. 23:18<\/p>\n<p class=\"aw-1gybjub aw-1p7kakr kEtdKx cEmitX yle__article__paragraph\">Kaksi ihmist\u00e4 on kuollut lumivy\u00f6ryiss\u00e4 laskettelukeskuksessa Ranskan Alpeilla. Asiasta kertoivat perjantaina paikalliset viranomaiset, jotka varoittivat samalla nopeasti muuttuvista s\u00e4\u00e4olosuhteista.<\/p>\n<p class=\"aw-1gybjub aw-1p7kakr kEtdKx cEmitX yle__article__paragraph\">Matkaopas oli johtanut laskettelemassa ollutta viiden hengen ryhm\u00e4\u00e4, kun ryhm\u00e4 oli j\u00e4\u00e4nyt lumivy\u00f6ryn keskelle rinteen ulkopuolisella alueella La Plagnen laskettelukeskuksessa Savoien alueella puoliltap\u00e4ivin.<\/p>\n<p class=\"aw-1gybjub aw-1p7kakr kEtdKx cEmitX yle__article__paragraph\">Onnettomuus tapahtui noin 2,6 kilometrin korkeudessa, viranomaiset kertoivat.<\/p>\n<p class=\"aw-1gybjub aw-1p7kakr kEtdKx cEmitX yle__article__paragraph\">Ryhm\u00e4n 60-vuotias matkaopas kuoli syd\u00e4npys\u00e4hdyksen seurauksena my\u00f6hemmin sairaalassa, viranomaiset kertovat. Lis\u00e4ksi 50-vuotias nainen vietiin hoitoon useiden vammojen takia. My\u00f6s kaksi muuta ryhm\u00e4ss\u00e4 ollutta loukkaantui lievemmin.<\/p>\n<p class=\"aw-1gybjub aw-1p7kakr kEtdKx cEmitX yle__article__paragraph\">Muutamaa tuntia my\u00f6hemmin tapahtui toinen lumivy\u00f6ry noin 2,3 kilometrin korkeudessa l\u00e4hell\u00e4 Valloiren kyl\u00e4\u00e4, joka sijaitsee Mont Jovet\u2019n tuntumassa.<\/p>\n<p class=\"aw-1gybjub aw-1p7kakr kEtdKx cEmitX yle__article__paragraph\">Lumivy\u00f6ryn alle j\u00e4i nelj\u00e4 hiiht\u00e4m\u00e4ss\u00e4 ollutta ihmist\u00e4. Yksi heist\u00e4 sai syd\u00e4npys\u00e4hdyksen, eiv\u00e4tk\u00e4 pelastajat onnistuneet elvytt\u00e4m\u00e4\u00e4n h\u00e4nt\u00e4. Kaksi muuta ihmist\u00e4 loukkaantui liev\u00e4sti.<\/p>\n<p class=\"aw-1gybjub aw-1p7kakr kEtdKx cEmitX yle__article__paragraph\">L\u00e4hell\u00e4 Montgenevre\u00e4 tapahtui kolmaskin lumivy\u00f6ry, jossa loukkaantui 40-vuotias italialainen hiiht\u00e4j\u00e4, viranomaiset kertoivat.<\/p>\n<p class=\"aw-1gybjub aw-1p7kakr kEtdKx cEmitX yle__article__paragraph\">Kaikki lumivy\u00f6ryt tapahtuivat matalan lumivy\u00f6ryriskin alueilla, mutta viime p\u00e4ivien s\u00e4\u00e4 on tehnyt olosuhteista petollisen ja viranomaiset kehottavat varovaisuuteen my\u00f6s matalan lumivy\u00f6ryriskin alueilla.<\/p>\n","protected":false},"excerpt":{"rendered":"Viranomaiset kehottavat varovaisuuteen matalan lumivy\u00f6ryriskin alueilla nopeasti muuttuvan s\u00e4\u00e4n takia. Avaa kuvien katselu La Plagnen laskettelukeskus Raskan Alpeilla&hellip;\n","protected":false},"author":2,"featured_media":126627,"comment_status":"","ping_status":"","sticky":false,"template":"","format":"standard","meta":{"footnotes":""},"categories":[5],"tags":[2888,22,23,26,27,33,31,30,17,24,25,22480,16630,28,29,15,837,18,21,1422,32,10305,19,20,56,16],"class_list":{"0":"post-126626","1":"post","2":"type-post","3":"status-publish","4":"format-standard","5":"has-post-thumbnail","7":"category-otsikot","8":"tag-alpit","9":"tag-breaking-news","10":"tag-breakingnews","11":"tag-featured-news","12":"tag-featurednews","13":"tag-fi","14":"tag-finland","15":"tag-finnish","16":"tag-headlines","17":"tag-latest-news","18":"tag-latestnews","19":"tag-lumionnettomuudet","20":"tag-lumivyoryt","21":"tag-main-news","22":"tag-mainnews","23":"tag-news","24":"tag-onnettomuudet","25":"tag-otsikot","26":"tag-paauutiset","27":"tag-ranska","28":"tag-suomi","29":"tag-talvisaa","30":"tag-top-stories","31":"tag-topstories","32":"tag-ulkomaat","33":"tag-uutiset"},"share_on_mastodon":{"url":"https:\/\/pubeurope.com\/@fi\/115788223966849158","error":""},"_links":{"self":[{"href":"https:\/\/www.europesays.com\/fi\/wp-json\/wp\/v2\/posts\/126626","targetHints":{"allow":["GET"]}}],"collection":[{"href":"https:\/\/www.europesays.com\/fi\/wp-json\/wp\/v2\/posts"}],"about":[{"href":"https:\/\/www.europesays.com\/fi\/wp-json\/wp\/v2\/types\/post"}],"author":[{"embeddable":true,"href":"https:\/\/www.europesays.com\/fi\/wp-json\/wp\/v2\/users\/2"}],"replies":[{"embeddable":true,"href":"https:\/\/www.europesays.com\/fi\/wp-json\/wp\/v2\/comments?post=126626"}],"version-history":[{"count":0,"href":"https:\/\/www.europesays.com\/fi\/wp-json\/wp\/v2\/posts\/126626\/revisions"}],"wp:featuredmedia":[{"embeddable":true,"href":"https:\/\/www.europesays.com\/fi\/wp-json\/wp\/v2\/media\/126627"}],"wp:attachment":[{"href":"https:\/\/www.europesays.com\/fi\/wp-json\/wp\/v2\/media?parent=126626"}],"wp:term":[{"taxonomy":"category","embeddable":true,"href":"https:\/\/www.europesays.com\/fi\/wp-json\/wp\/v2\/categories?post=126626"},{"taxonomy":"post_tag","embeddable":true,"href":"https:\/\/www.europesays.com\/fi\/wp-json\/wp\/v2\/tags?post=126626"}],"curies":[{"name":"wp","href":"https:\/\/api.w.org\/{rel}","templated":true}]}}