{"id":126637,"date":"2025-12-26T22:50:15","date_gmt":"2025-12-26T22:50:15","guid":{"rendered":"https:\/\/www.europesays.com\/fi\/126637\/"},"modified":"2025-12-26T22:50:15","modified_gmt":"2025-12-26T22:50:15","slug":"malesian-entinen-paaministeri-tuomittiin-vallan-vaarinkaytosta-ja-rahanpesusta-uutisia-lyhyesti","status":"publish","type":"post","link":"https:\/\/www.europesays.com\/fi\/126637\/","title":{"rendered":"Malesian entinen p\u00e4\u00e4ministeri tuomittiin vallan v\u00e4\u00e4rink\u00e4yt\u00f6st\u00e4 ja rahanpesusta | Uutisia lyhyesti"},"content":{"rendered":"<p class=\"aw-1gybjub aw-5vja16 kEtdKx kmuxyA yle__article__paragraph\">Tuomari totesi  Najib Razakin syylliseksi nelj\u00e4\u00e4n syytteeseen vallan v\u00e4\u00e4rink\u00e4yt\u00f6st\u00e4 ja 21 syytteeseen rahanpesusta.<\/p>\n<p><img decoding=\"async\" alt=\"Malesian entinen p\u00e4\u00e4ministeri Najib Razak vilkuttaa kameralle sotilaiden ymp\u00e4r\u00f6im\u00e4n\u00e4.\" src=\"https:\/\/www.europesays.com\/fi\/wp-content\/uploads\/2025\/12\/39-1574554694e686fe2298.jpeg\" class=\"aw-1l9m598 hKVVvP\"\/><\/p>\n<p>Avaa kuvien katselu<\/p>\n<p>Malesian entinen p\u00e4\u00e4ministeri Najib Razakia saapumassa korkeimpaan oikeuteen Kuala Lumpurissa 22.12. Kuva: Fazry Ismail \/ EPA<\/p>\n<p class=\"aw-1gybjub aw-1p7kakr kEtdKx cEmitX yle__article__paragraph\">Malesian entinen p\u00e4\u00e4ministeri <strong class=\"aw-ak79eh KyCXm yle__article__strong\">Najib Razak<\/strong> on tuomittu vallan v\u00e4\u00e4rink\u00e4yt\u00f6st\u00e4 ja rahanpesusta. Tuomari totesi h\u00e4net syylliseksi nelj\u00e4\u00e4n syytteeseen vallan v\u00e4\u00e4rink\u00e4yt\u00f6st\u00e4 ja 21 syytteeseen rahanpesusta.<\/p>\n<p class=\"aw-1gybjub aw-1p7kakr kEtdKx cEmitX yle__article__paragraph\">Najib perusti p\u00e4\u00e4ministerin\u00e4 valtiollisen 1Malaysia Development Berhad -rahaston (1MDB) vuonna 2009. Sen j\u00e4lkeen h\u00e4n oli mukana miljardien dollarien suuruisessa kavalluksessa rahastosta.<\/p>\n<p class=\"aw-1gybjub aw-1p7kakr kEtdKx cEmitX yle__article__paragraph\">Malesian ja Yhdysvaltain tutkijoiden mukaan 1MDB:st\u00e4 varastettiin v\u00e4hint\u00e4\u00e4n 4,5 miljardia dollaria. Miljardi p\u00e4\u00e4tyi v\u00e4itetysti Najibiin liitetyille tileille. H\u00e4n on kiist\u00e4nyt v\u00e4\u00e4rink\u00e4yt\u00f6kset.<\/p>\n<p class=\"aw-1gybjub aw-1p7kakr kEtdKx cEmitX yle__article__paragraph\">Tuomari ei ole viel\u00e4 ilmoittanut Najibin tuomiota, mutta h\u00e4n voi saada 15\u201320 vuoden enimm\u00e4isvankeusrangaistuksen jokaisesta syytteest\u00e4.<\/p>\n<p class=\"aw-1gybjub aw-1p7kakr kEtdKx cEmitX yle__article__paragraph\">72-vuotias Najib on ollut vankilassa elokuusta 2022 l\u00e4htien, kun Malesian korkein oikeus vahvisti tuomion, joka tuomitsi h\u00e4net korruptiosta 1MDB:lt\u00e4 laittomasti saatujen varojen vuoksi.<\/p>\n<p class=\"aw-1gybjub aw-1p7kakr kEtdKx cEmitX yle__article__paragraph\">L\u00e4hteet: Reuters, AP<\/p>\n","protected":false},"excerpt":{"rendered":"Tuomari totesi Najib Razakin syylliseksi nelj\u00e4\u00e4n syytteeseen vallan v\u00e4\u00e4rink\u00e4yt\u00f6st\u00e4 ja 21 syytteeseen rahanpesusta. Avaa kuvien katselu Malesian entinen&hellip;\n","protected":false},"author":2,"featured_media":126638,"comment_status":"","ping_status":"","sticky":false,"template":"","format":"standard","meta":{"footnotes":""},"categories":[14],"tags":[22,23,26,27,33,31,30,17,4737,24,25,28,29,3281,15,18,3552,21,581,32,19,20,56,16,59,60,61],"class_list":{"0":"post-126637","1":"post","2":"type-post","3":"status-publish","4":"format-standard","5":"has-post-thumbnail","7":"category-ulkomaat","8":"tag-breaking-news","9":"tag-breakingnews","10":"tag-featured-news","11":"tag-featurednews","12":"tag-fi","13":"tag-finland","14":"tag-finnish","15":"tag-headlines","16":"tag-kavallus","17":"tag-latest-news","18":"tag-latestnews","19":"tag-main-news","20":"tag-mainnews","21":"tag-malesia","22":"tag-news","23":"tag-otsikot","24":"tag-paaministerit","25":"tag-paauutiset","26":"tag-rikokset","27":"tag-suomi","28":"tag-top-stories","29":"tag-topstories","30":"tag-ulkomaat","31":"tag-uutiset","32":"tag-world","33":"tag-world-news","34":"tag-worldnews"},"share_on_mastodon":{"url":"https:\/\/pubeurope.com\/@fi\/115788318513746121","error":""},"_links":{"self":[{"href":"https:\/\/www.europesays.com\/fi\/wp-json\/wp\/v2\/posts\/126637","targetHints":{"allow":["GET"]}}],"collection":[{"href":"https:\/\/www.europesays.com\/fi\/wp-json\/wp\/v2\/posts"}],"about":[{"href":"https:\/\/www.europesays.com\/fi\/wp-json\/wp\/v2\/types\/post"}],"author":[{"embeddable":true,"href":"https:\/\/www.europesays.com\/fi\/wp-json\/wp\/v2\/users\/2"}],"replies":[{"embeddable":true,"href":"https:\/\/www.europesays.com\/fi\/wp-json\/wp\/v2\/comments?post=126637"}],"version-history":[{"count":0,"href":"https:\/\/www.europesays.com\/fi\/wp-json\/wp\/v2\/posts\/126637\/revisions"}],"wp:featuredmedia":[{"embeddable":true,"href":"https:\/\/www.europesays.com\/fi\/wp-json\/wp\/v2\/media\/126638"}],"wp:attachment":[{"href":"https:\/\/www.europesays.com\/fi\/wp-json\/wp\/v2\/media?parent=126637"}],"wp:term":[{"taxonomy":"category","embeddable":true,"href":"https:\/\/www.europesays.com\/fi\/wp-json\/wp\/v2\/categories?post=126637"},{"taxonomy":"post_tag","embeddable":true,"href":"https:\/\/www.europesays.com\/fi\/wp-json\/wp\/v2\/tags?post=126637"}],"curies":[{"name":"wp","href":"https:\/\/api.w.org\/{rel}","templated":true}]}}