{"id":126639,"date":"2025-12-26T22:51:08","date_gmt":"2025-12-26T22:51:08","guid":{"rendered":"https:\/\/www.europesays.com\/fi\/126639\/"},"modified":"2025-12-26T22:51:08","modified_gmt":"2025-12-26T22:51:08","slug":"somalia-tuomitsee-israelin-paatoksen-tunnustaa-somalimaa-itsenaiseksi-uutisia-lyhyesti","status":"publish","type":"post","link":"https:\/\/www.europesays.com\/fi\/126639\/","title":{"rendered":"Somalia tuomitsee Israelin p\u00e4\u00e4t\u00f6ksen tunnustaa Somalimaa itsen\u00e4iseksi | Uutisia lyhyesti"},"content":{"rendered":"<p class=\"aw-1gybjub aw-5vja16 kEtdKx kmuxyA yle__article__paragraph\">Israel on ainoa maa maailmassa, joka on virallisesti tunnustanut Somalimaan.<\/p>\n<p class=\"aw-1gybjub aw-1p7kakr kEtdKx cEmitX yle__article__paragraph\">Somalia on tuominnut Israelin p\u00e4\u00e4t\u00f6ksen Somalimaan tunnustamisesta. Somalia pit\u00e4\u00e4 tunnustamista tahallisena hy\u00f6kk\u00e4yksen\u00e4 Somalian suvereniteettia vastaan.<\/p>\n<p class=\"aw-1gybjub aw-1p7kakr kEtdKx cEmitX yle__article__paragraph\">Israel ilmoitti tapaninp\u00e4iv\u00e4n\u00e4 tunnustaneensa virallisesti Somalimaan itsen\u00e4iseksi valtioksi. Israelista tuli n\u00e4in ensimm\u00e4inen maa maailmassa, joka on virallisesti tunnustanut Somalimaan.<\/p>\n<p class=\"aw-1gybjub aw-1p7kakr kEtdKx cEmitX yle__article__paragraph\">Somalian ulkoministeri\u00f6 varoitti lausunnossaan, ett\u00e4 Israelin p\u00e4\u00e4t\u00f6s vaarantaa vakavasti alueellisen vakauden ja turvallisuuden sek\u00e4 nostaa poliittisia j\u00e4nnitteit\u00e4.<\/p>\n<p class=\"aw-1gybjub aw-1p7kakr kEtdKx cEmitX yle__article__paragraph\">Egyptin ulkoministeri sanoi keskustelleensa puhelimitse Somalian, Turkin ja Djiboutin ulkoministerien kanssa tilanteesta. Ministerien mukaan Israelin p\u00e4\u00e4t\u00f6s tunnustaa Somalimaan itsen\u00e4isyys on \u201dvaarallinen kehityssuunta Afrikan sarven alueella\u201d.<\/p>\n<p class=\"aw-1gybjub aw-1p7kakr kEtdKx cEmitX yle__article__paragraph\">My\u00f6s Afrikan unioni tyrm\u00e4si Israelin p\u00e4\u00e4t\u00f6ksen ja toisti tukevansa t\u00e4ysin Somalian yhten\u00e4isyytt\u00e4 sek\u00e4 alueellista koskemattomuutta. Samalla Afrikan unioni varoitti, ett\u00e4 Israelin toimet h\u00e4iritsev\u00e4t koko mantereen vakautta ja rauhaa.<\/p>\n<p class=\"aw-1gybjub aw-1p7kakr kEtdKx cEmitX yle__article__paragraph\">L\u00e4hteet: AFP, Reuters<\/p>\n","protected":false},"excerpt":{"rendered":"Israel on ainoa maa maailmassa, joka on virallisesti tunnustanut Somalimaan. Somalia on tuominnut Israelin p\u00e4\u00e4t\u00f6ksen Somalimaan tunnustamisesta. Somalia&hellip;\n","protected":false},"author":2,"featured_media":74,"comment_status":"","ping_status":"","sticky":false,"template":"","format":"standard","meta":{"footnotes":""},"categories":[12],"tags":[22483,22,23,9350,26,27,33,31,30,17,993,8631,70,4258,24,25,28,29,15,18,21,22461,22484,32,19,20,56,16],"class_list":{"0":"post-126639","1":"post","2":"type-post","3":"status-publish","4":"format-standard","5":"has-post-thumbnail","7":"category-suomi","8":"tag-afrikan-unioni","9":"tag-breaking-news","10":"tag-breakingnews","11":"tag-egypti","12":"tag-featured-news","13":"tag-featurednews","14":"tag-fi","15":"tag-finland","16":"tag-finnish","17":"tag-headlines","18":"tag-israel","19":"tag-ita-afrikka","20":"tag-kansainvalinen-politiikka","21":"tag-konfliktit","22":"tag-latest-news","23":"tag-latestnews","24":"tag-main-news","25":"tag-mainnews","26":"tag-news","27":"tag-otsikot","28":"tag-paauutiset","29":"tag-somalia","30":"tag-somalimaa","31":"tag-suomi","32":"tag-top-stories","33":"tag-topstories","34":"tag-ulkomaat","35":"tag-uutiset"},"share_on_mastodon":{"url":"https:\/\/pubeurope.com\/@fi\/115788322191613939","error":""},"_links":{"self":[{"href":"https:\/\/www.europesays.com\/fi\/wp-json\/wp\/v2\/posts\/126639","targetHints":{"allow":["GET"]}}],"collection":[{"href":"https:\/\/www.europesays.com\/fi\/wp-json\/wp\/v2\/posts"}],"about":[{"href":"https:\/\/www.europesays.com\/fi\/wp-json\/wp\/v2\/types\/post"}],"author":[{"embeddable":true,"href":"https:\/\/www.europesays.com\/fi\/wp-json\/wp\/v2\/users\/2"}],"replies":[{"embeddable":true,"href":"https:\/\/www.europesays.com\/fi\/wp-json\/wp\/v2\/comments?post=126639"}],"version-history":[{"count":0,"href":"https:\/\/www.europesays.com\/fi\/wp-json\/wp\/v2\/posts\/126639\/revisions"}],"wp:featuredmedia":[{"embeddable":true,"href":"https:\/\/www.europesays.com\/fi\/wp-json\/wp\/v2\/media\/74"}],"wp:attachment":[{"href":"https:\/\/www.europesays.com\/fi\/wp-json\/wp\/v2\/media?parent=126639"}],"wp:term":[{"taxonomy":"category","embeddable":true,"href":"https:\/\/www.europesays.com\/fi\/wp-json\/wp\/v2\/categories?post=126639"},{"taxonomy":"post_tag","embeddable":true,"href":"https:\/\/www.europesays.com\/fi\/wp-json\/wp\/v2\/tags?post=126639"}],"curies":[{"name":"wp","href":"https:\/\/api.w.org\/{rel}","templated":true}]}}