{"id":126640,"date":"2025-12-26T22:52:11","date_gmt":"2025-12-26T22:52:11","guid":{"rendered":"https:\/\/www.europesays.com\/fi\/126640\/"},"modified":"2025-12-26T22:52:11","modified_gmt":"2025-12-26T22:52:11","slug":"jaapallotuloksia-miesten-bandyliiga-etela-suomen-sanomat","status":"publish","type":"post","link":"https:\/\/www.europesays.com\/fi\/126640\/","title":{"rendered":"J\u00e4\u00e4pallotuloksia | Miesten Bandyliiga &#8211; Etel\u00e4-Suomen Sanomat"},"content":{"rendered":"<ol>\n<li><a href=\"https:\/\/news.google.com\/rss\/articles\/CBMiSkFVX3lxTE05QjNEYlhqRWxUc080QURCcm0yNnowajVQeWh5U2Ixb1BobUhocEtRMFE0cFRPVzR6VHJxWVB5ekpDZkFYNjdGMzdR?oc=5\" target=\"_blank\" rel=\"nofollow noopener\">J\u00e4\u00e4pallotuloksia | Miesten Bandyliiga<\/a>&nbsp;&nbsp;Etel\u00e4-Suomen Sanomat<\/li>\n<li><a href=\"https:\/\/news.google.com\/rss\/articles\/CBMiT0FVX3lxTE80Uk1fazRJMXFmQkszTWJ3UVdIWDlmT1JNZGpsSkh0VkY4UzdabWVnR0kxTFZqSnMzaEI1WlA3bldDMlF2a3ZCczRvcl9ucXM?oc=5\" target=\"_blank\" rel=\"nofollow noopener\">ESS baarikierroksella | &#8221;Vakioporukan takia pidetty pystyss\u00e4&#8221; \u2013 ilman toisen ravintolan tukea Lahdessa olisi yksi l\u00e4hi\u00f6baari v\u00e4hemm\u00e4n<\/a>&nbsp;&nbsp;Etel\u00e4-Suomen Sanomat<\/li>\n<li><a href=\"https:\/\/news.google.com\/rss\/articles\/CBMijwFBVV95cUxNT0wzY09EU2hSYXNlYTM1WkRKdmd4Tm9HRldFRThQR2VfZ2ltcW9obXcxYkxxNUFwdjcwY2MxdWt2anpwTmd1VDRYa1Y1T243UmJIQmUyYWt5cGZFeG0wY0NIcmt0T2xJdDhXSHNCUlBzNEcwQ3EtdXdQYkFIdkQyVTdvZGZic3JNaWJmQkY0SQ?oc=5\" target=\"_blank\" rel=\"nofollow noopener\">KalPa katkaisi SaiPan voittoputken<\/a>&nbsp;&nbsp;SaiPa.fi<\/li>\n<li><a href=\"https:\/\/news.google.com\/rss\/articles\/CBMiT0FVX3lxTE9RVzFhZUZvdC1ISEo4Y3ZHUzFGMEZnM3B0V1ZTYzFvdzlMcDZ3ZXV0eUlpMXk3cmJTSkhiTU1yWTdkSFJWdWhDNF80cFJHeWs?oc=5\" target=\"_blank\" rel=\"nofollow noopener\">Raimo Helminen huusi SaiPan hereille liian my\u00f6h\u00e4\u00e4n: &#8221;Tuntui, ett\u00e4 lopun olimme niskan p\u00e4\u00e4ll\u00e4&#8221;<\/a>&nbsp;&nbsp;Etel\u00e4-Saimaa<\/li>\n<li><a href=\"https:\/\/news.google.com\/rss\/articles\/CBMiVkFVX3lxTFA4V0hMUVhYV0Q3cVBaN2NxelZCdGJ5eEFYX0N6Sml2SWNlc0hsdWFPVDB0Ukd0ejJ0QndOREg4ZnFXVlRQU1c1U0JGaGhtR0hQWmFkN0Rn?oc=5\" target=\"_blank\" rel=\"nofollow noopener\">KalPa rakentaa uutta nousua joulutauon j\u00e4lkeen &#8211; \u201cAilahtelevuutta on ollut liikaa\u201d<\/a>&nbsp;&nbsp;Savon Sanomat<\/li>\n<\/ol>\n","protected":false},"excerpt":{"rendered":"J\u00e4\u00e4pallotuloksia | Miesten Bandyliiga&nbsp;&nbsp;Etel\u00e4-Suomen Sanomat ESS baarikierroksella | &#8221;Vakioporukan takia pidetty pystyss\u00e4&#8221; \u2013 ilman toisen ravintolan tukea Lahdessa&hellip;\n","protected":false},"author":2,"featured_media":106230,"comment_status":"","ping_status":"","sticky":false,"template":"","format":"standard","meta":{"footnotes":""},"categories":[5],"tags":[22,23,26,27,33,31,30,17,22463,24,25,28,29,15,18,21,32,19,20,3008,16],"class_list":{"0":"post-126640","1":"post","2":"type-post","3":"status-publish","4":"format-standard","5":"has-post-thumbnail","7":"category-otsikot","8":"tag-breaking-news","9":"tag-breakingnews","10":"tag-featured-news","11":"tag-featurednews","12":"tag-fi","13":"tag-finland","14":"tag-finnish","15":"tag-headlines","16":"tag-jaapallo","17":"tag-latest-news","18":"tag-latestnews","19":"tag-main-news","20":"tag-mainnews","21":"tag-news","22":"tag-otsikot","23":"tag-paauutiset","24":"tag-suomi","25":"tag-top-stories","26":"tag-topstories","27":"tag-urheilutulokset","28":"tag-uutiset"},"share_on_mastodon":{"url":"https:\/\/pubeurope.com\/@fi\/115788326109059201","error":""},"_links":{"self":[{"href":"https:\/\/www.europesays.com\/fi\/wp-json\/wp\/v2\/posts\/126640","targetHints":{"allow":["GET"]}}],"collection":[{"href":"https:\/\/www.europesays.com\/fi\/wp-json\/wp\/v2\/posts"}],"about":[{"href":"https:\/\/www.europesays.com\/fi\/wp-json\/wp\/v2\/types\/post"}],"author":[{"embeddable":true,"href":"https:\/\/www.europesays.com\/fi\/wp-json\/wp\/v2\/users\/2"}],"replies":[{"embeddable":true,"href":"https:\/\/www.europesays.com\/fi\/wp-json\/wp\/v2\/comments?post=126640"}],"version-history":[{"count":0,"href":"https:\/\/www.europesays.com\/fi\/wp-json\/wp\/v2\/posts\/126640\/revisions"}],"wp:featuredmedia":[{"embeddable":true,"href":"https:\/\/www.europesays.com\/fi\/wp-json\/wp\/v2\/media\/106230"}],"wp:attachment":[{"href":"https:\/\/www.europesays.com\/fi\/wp-json\/wp\/v2\/media?parent=126640"}],"wp:term":[{"taxonomy":"category","embeddable":true,"href":"https:\/\/www.europesays.com\/fi\/wp-json\/wp\/v2\/categories?post=126640"},{"taxonomy":"post_tag","embeddable":true,"href":"https:\/\/www.europesays.com\/fi\/wp-json\/wp\/v2\/tags?post=126640"}],"curies":[{"name":"wp","href":"https:\/\/api.w.org\/{rel}","templated":true}]}}