{"id":126651,"date":"2025-12-26T23:18:14","date_gmt":"2025-12-26T23:18:14","guid":{"rendered":"https:\/\/www.europesays.com\/fi\/126651\/"},"modified":"2025-12-26T23:18:14","modified_gmt":"2025-12-26T23:18:14","slug":"kahden-auton-risteyskolari-kaustisella-kolme-ihmista-sairaalaan","status":"publish","type":"post","link":"https:\/\/www.europesays.com\/fi\/126651\/","title":{"rendered":"Kahden auton risteyskolari Kaustisella \u2013 Kolme ihmist\u00e4 sairaalaan"},"content":{"rendered":"<p>                                  Paikallisuutiset<\/p>\n<p>                <img loading=\"lazy\" decoding=\"async\" itemprop=\"contentUrl\" class=\"figure-img img-fluid\"  src=\"https:\/\/www.europesays.com\/fi\/wp-content\/uploads\/2025\/12\/1766791094_3_imengine.public.prod.hil.infomaker.io\" width=\"8093\" height=\"4552\"  alt=\"\"\/><\/p>\n<p>                                                    Kuva:<br \/>\n                    Emma Toikkanen<\/p>\n<p>              Pe 26.12.2025 klo 19:14<br \/>\n                  | P\u00e4ivitetty: Pe 26.12.2025 klo 19:18<\/p>\n<p>      MAINOS &#8211; juttu jatkuu mainoksen j\u00e4lkeen<\/p>\n<p>      MAINOS &#8211; mainos p\u00e4\u00e4ttyy<\/p>\n<p class=\"ew-body\">Kaustisella sattui perjantai-iltana kahden henkil\u00f6auton kolari risteyksess\u00e4. Kolari sattui tiell\u00e4 13 eli Kokkolantiell\u00e4 noin kello 17.50, Viiperin ja Kaustisen v\u00e4lisell\u00e4 tieosuudella.<\/p>\n<p class=\"ew-body\">Keski-Pohjanmaan pelastuslaitoksen p\u00e4ivyst\u00e4v\u00e4 palomestari Niina Kontio kertoo, ett\u00e4 onnettomuudessa oli yhteens\u00e4 nelj<\/p>\n<p>  <a class=\"btn btn-secondary btn-icon-left\" href=\"#coral_thread\"><br \/>\n    <img decoding=\"async\" src=\"https:\/\/www.keskipohjanmaa.fi\/wp-content\/themes\/hilla-theme\/assets\/img\/icon_comments.svg\" alt=\"\"\/><br \/>\n    Kommentoi<br \/>\n    \u00a0(0)<br \/>\n  <\/a><\/p>\n<p>  <a class=\"btn btn-secondary btn-icon-left mailto_web\" href=\"mailto:toimitus@keskipohjanmaa.fi?subject=Ilmoita%20asiavirheest%C3%A4&amp;body=Otsikko%3A%20Kahden%20auton%20risteyskolari%20Kaustisella%20%E2%80%93%20Kolme%20ihmist%C3%A4%20sairaalaan%0AUuid%3A%20b0c3b9ce-1e41-4ae6-8f58-a3861e69b640%0AUrl%3A%20https%3A%2F%2Fwww.keskipohjanmaa.fi%2Fartikkeli%2Fkahden-auton-risteyskolari-kaustisella-kolme-ihmista-sairaalaan\"><br \/>\n    <img decoding=\"async\" src=\"https:\/\/www.keskipohjanmaa.fi\/wp-content\/themes\/hilla-theme\/assets\/img\/icon_feedback.svg\" alt=\"\"\/><br \/>\n    Ilmoita asiavirheest\u00e4<br \/>\n  <\/a><\/p>\n","protected":false},"excerpt":{"rendered":"Paikallisuutiset Kuva: Emma Toikkanen Pe 26.12.2025 klo 19:14 | P\u00e4ivitetty: Pe 26.12.2025 klo 19:18 MAINOS &#8211; juttu jatkuu&hellip;\n","protected":false},"author":2,"featured_media":126652,"comment_status":"","ping_status":"","sticky":false,"template":"","format":"standard","meta":{"footnotes":""},"categories":[12],"tags":[22,23,26,27,33,31,30,17,24,25,28,29,15,18,21,32,19,20,16],"class_list":{"0":"post-126651","1":"post","2":"type-post","3":"status-publish","4":"format-standard","5":"has-post-thumbnail","7":"category-suomi","8":"tag-breaking-news","9":"tag-breakingnews","10":"tag-featured-news","11":"tag-featurednews","12":"tag-fi","13":"tag-finland","14":"tag-finnish","15":"tag-headlines","16":"tag-latest-news","17":"tag-latestnews","18":"tag-main-news","19":"tag-mainnews","20":"tag-news","21":"tag-otsikot","22":"tag-paauutiset","23":"tag-suomi","24":"tag-top-stories","25":"tag-topstories","26":"tag-uutiset"},"share_on_mastodon":{"url":"https:\/\/pubeurope.com\/@fi\/115788428620124607","error":""},"_links":{"self":[{"href":"https:\/\/www.europesays.com\/fi\/wp-json\/wp\/v2\/posts\/126651","targetHints":{"allow":["GET"]}}],"collection":[{"href":"https:\/\/www.europesays.com\/fi\/wp-json\/wp\/v2\/posts"}],"about":[{"href":"https:\/\/www.europesays.com\/fi\/wp-json\/wp\/v2\/types\/post"}],"author":[{"embeddable":true,"href":"https:\/\/www.europesays.com\/fi\/wp-json\/wp\/v2\/users\/2"}],"replies":[{"embeddable":true,"href":"https:\/\/www.europesays.com\/fi\/wp-json\/wp\/v2\/comments?post=126651"}],"version-history":[{"count":0,"href":"https:\/\/www.europesays.com\/fi\/wp-json\/wp\/v2\/posts\/126651\/revisions"}],"wp:featuredmedia":[{"embeddable":true,"href":"https:\/\/www.europesays.com\/fi\/wp-json\/wp\/v2\/media\/126652"}],"wp:attachment":[{"href":"https:\/\/www.europesays.com\/fi\/wp-json\/wp\/v2\/media?parent=126651"}],"wp:term":[{"taxonomy":"category","embeddable":true,"href":"https:\/\/www.europesays.com\/fi\/wp-json\/wp\/v2\/categories?post=126651"},{"taxonomy":"post_tag","embeddable":true,"href":"https:\/\/www.europesays.com\/fi\/wp-json\/wp\/v2\/tags?post=126651"}],"curies":[{"name":"wp","href":"https:\/\/api.w.org\/{rel}","templated":true}]}}