{"id":126653,"date":"2025-12-26T23:19:09","date_gmt":"2025-12-26T23:19:09","guid":{"rendered":"https:\/\/www.europesays.com\/fi\/126653\/"},"modified":"2025-12-26T23:19:09","modified_gmt":"2025-12-26T23:19:09","slug":"nama-olivat-ice-cagen-huippuhetket-theo-kolehmainen-ja-abdul-hussein-tyrmaavina-sani-brannfors-dominoi-urheilua-lyhyesti","status":"publish","type":"post","link":"https:\/\/www.europesays.com\/fi\/126653\/","title":{"rendered":"N\u00e4m\u00e4 olivat Ice Cagen huippu\u00adhetket: Theo Kolehmainen ja Abdul Hussein tyrm\u00e4\u00e4vin\u00e4, Sani Br\u00e4nnfors dominoi | Urheilua lyhyesti"},"content":{"rendered":"<p class=\"aw-1gybjub aw-5vja16 kEtdKx kmuxyA yle__article__paragraph\">Suomalaisen kamppailu-urheiluv\u00e4en katseet k\u00e4\u00e4ntyiv\u00e4t tapanin\u00adp\u00e4iv\u00e4n\u00e4 Espooseen, kun Ice Cage 6 j\u00e4rjestettiin loppuun\u00admyydyss\u00e4 Espoon areenassa.<\/p>\n<p><img decoding=\"async\" alt=\"Theo Kolehmainen Ice Cage -tapahtuman h\u00e4kiss\u00e4.\" src=\"https:\/\/www.europesays.com\/fi\/wp-content\/uploads\/2025\/12\/39-151848468bc9c9896d73.jpeg\" class=\"aw-1l9m598 hKVVvP\"\/><\/p>\n<p>Avaa kuvien katselu<\/p>\n<p>Theo Kolehmainen k\u00e4rsi edellisess\u00e4 Ice Cage -ottelussaan syyskuussa tappion, kun Suomen tunnetuin vapaaottelija Makwan Amirkhani onnistui anakondakuristuksessaan. Nyt Kolehmainen otti kotiyleis\u00f6ns\u00e4 edess\u00e4 tyrm\u00e4ysvoiton. Kuva: Ari Welling\/Yle<\/p>\n<p class=\"aw-1gybjub aw-1p7kakr kEtdKx cEmitX yle__article__paragraph\">Ice Cage Fighting -promootio on luonut mainetta, my\u00f6s kovin kyseenalaista sellaista, erikoisilla ottelupareilla, joista tunnetuin on <strong class=\"aw-ak79eh KyCXm yle__article__strong\">Joni \u201dStagala\u201d Takalan<\/strong> ja <strong class=\"aw-ak79eh KyCXm yle__article__strong\">Mika \u201dImmu\u201d Ilm\u00e9nin<\/strong> kohtaaminen viime kev\u00e4\u00e4n Ice Cage 4:ss\u00e4.<\/p>\n<p class=\"aw-1gybjub aw-1p7kakr kEtdKx cEmitX yle__article__paragraph\">Nytkin Espoossa n\u00e4htiin yksi \u201dfriikkishow\u201d, kun l\u00e4hes kaksimetrinen ja yli 150-kiloinen <strong class=\"aw-ak79eh KyCXm yle__article__strong\">Roger Karimus<\/strong> kohtasi nyrkkeilyottelussa ex-kehonrakentaja <strong class=\"aw-ak79eh KyCXm yle__article__strong\">Matias Niemen<\/strong>. 95-kiloinen Niemi nousi jo aiemmin syksyll\u00e4 keh\u00e4\u00e4n showottelussa <a class=\"aw-iao6s4 iHOxEa yle__article__link\" href=\"https:\/\/yle.fi\/a\/74-20185916\" role=\"link\" rel=\"nofollow noopener\" target=\"_blank\">ja voitti<\/a> Face 2 Face -tapahtumassa <strong class=\"aw-ak79eh KyCXm yle__article__strong\">Jere Karalahden<\/strong>.<\/p>\n<p class=\"aw-1gybjub aw-1p7kakr kEtdKx cEmitX yle__article__paragraph\">Karimus hallitsi ottelua, mutta nopeampi Niemi kesti mukana. Karimus kuitenkin voitti kolme kertaa kolme minuuttia kest\u00e4neen erikoisottelun tuomariston haja\u00e4\u00e4nip\u00e4\u00e4t\u00f6ksell\u00e4.<\/p>\n<p class=\"aw-1gybjub aw-1p7kakr kEtdKx cEmitX yle__article__paragraph\">Friikkiottelut ja kohuhakuiset taisteluparit ovat asia erikseen, mutta Ice Cage -illassa n\u00e4htiin my\u00f6s Suomen kovimpia vapaaottelijoita.<\/p>\n<p><img decoding=\"async\" alt=\"Urheilijamies seisoo hikisen\u00e4 rankan urheilusuorituksen keskell\u00e4.\" src=\"https:\/\/www.europesays.com\/fi\/wp-content\/uploads\/2025\/12\/39-153068468dbc57cc0f64.jpeg\" loading=\"lazy\" class=\"aw-1l9m598 hKVVvP\"\/><\/p>\n<p>Avaa kuvien katselu<\/p>\n<p>Matias Niemi on ottanut haasteen vastaan rahakkaissa showotteluissa. Kuva: Mikko SuutarinenHussein ja Kolehmainen tyrm\u00e4\u00e4vin\u00e4<\/p>\n<p class=\"aw-1gybjub aw-1p7kakr kEtdKx cEmitX yle__article__paragraph\">Espoon illan p\u00e4\u00e4ottelussa suomalainen vapaaottelija, UFC-sopimusta hamuava <strong class=\"aw-ak79eh KyCXm yle__article__strong\">Abdul Hussein<\/strong>, 28, kohtasi 42-vuotiaan yhdysvaltalaisen <strong class=\"aw-ak79eh KyCXm yle__article__strong\">Tyson Namin<\/strong>. Nam on otellut UFC:ss\u00e4 kahdeksan kertaa ja voittanut kolmesti.<\/p>\n<p class=\"aw-1gybjub aw-1p7kakr kEtdKx cEmitX yle__article__paragraph\">Hussein ja Nam ottelivat Ice Cagen k\u00e4\u00e4pi\u00f6sarjan mestaruusvy\u00f6st\u00e4 (61,2-kiloiset).<\/p>\n<p class=\"aw-1gybjub aw-1p7kakr kEtdKx cEmitX yle__article__paragraph\">Libanonilaissyntyinen Hussein oli ennen t\u00e4t\u00e4 voittanut 16:sta ammattilaisottelustaan 14. H\u00e4nt\u00e4 on pidetty Suomen suurimpana uutena UFC-toivona.<\/p>\n<p class=\"aw-1gybjub aw-1p7kakr kEtdKx cEmitX yle__article__paragraph\">Hussein osoitti v\u00e4litt\u00f6m\u00e4sti vaarallisuutensa <a class=\"aw-iao6s4 iHOxEa yle__article__link\" href=\"https:\/\/www.instagram.com\/p\/DSvgBDZCIGE\/\" role=\"link\" rel=\"nofollow noopener\" target=\"_blank\">ja tyrm\u00e4si<\/a> konkarivastustajansa nopealla oikean k\u00e4den koukulla avauser\u00e4ss\u00e4.<\/p>\n<p class=\"aw-1gybjub aw-1p7kakr kEtdKx cEmitX yle__article__paragraph\">Illan viimeist\u00e4 edellisess\u00e4 ottelussa, niin ik\u00e4\u00e4n ammattilaisvapaaottelussa espoolainen <strong class=\"aw-ak79eh KyCXm yle__article__strong\">Theo Kolehmainen<\/strong> p\u00e4\u00e4si kotiyleis\u00f6ns\u00e4 eteen 70,3-kiloisten kamppailussa.<\/p>\n<p class=\"aw-1gybjub aw-1p7kakr kEtdKx cEmitX yle__article__paragraph\">25-vuotias Kolehmainen oli otellut aiemmin kolme ammattilaisottelua, joista oli voittanut kaksi ja k\u00e4rsinyt tappion <strong class=\"aw-ak79eh KyCXm yle__article__strong\">Makwan Amirkhanille<\/strong>.<\/p>\n<p class=\"aw-1gybjub aw-1p7kakr kEtdKx cEmitX yle__article__paragraph\">Nyt Kolehmainen kohtasi kokeneen <strong class=\"aw-ak79eh KyCXm yle__article__strong\">Toni Lampisen<\/strong>, 35, eik\u00e4 t\u00e4m\u00e4k\u00e4\u00e4n ottelu kauaa vanhentunut. <a class=\"aw-iao6s4 iHOxEa yle__article__link\" href=\"https:\/\/www.instagram.com\/p\/DSvdZL5iEpK\/\" role=\"link\" rel=\"nofollow noopener\" target=\"_blank\">Kolehmainen tyrm\u00e4si<\/a> Lampisen ensimm\u00e4isess\u00e4 er\u00e4ss\u00e4 kovan iskumyllyn p\u00e4\u00e4tteeksi.<\/p>\n<p>Sani Br\u00e4nnfors voittojen tiell\u00e4<img decoding=\"async\" alt=\"Sani Br\u00e4nnfors treeneiss\u00e4\" src=\"https:\/\/www.europesays.com\/fi\/wp-content\/uploads\/2025\/12\/39-1468329682c3c9f75265.jpeg\" loading=\"lazy\" class=\"aw-1l9m598 hKVVvP\"\/><\/p>\n<p>Avaa kuvien katselu<\/p>\n<p>Sani Br\u00e4nnfors voitti my\u00f6s uransa toisen ammattilaisottelun. Arkistokuva. Kuva: Malena Holmstr\u00f6m \/ Yle<\/p>\n<p class=\"aw-1gybjub aw-1p7kakr kEtdKx cEmitX yle__article__paragraph\">Suuri suomalainen UFC-toivo on my\u00f6s <strong class=\"aw-ak79eh KyCXm yle__article__strong\">Sani Br\u00e4nnfors<\/strong>, 20, joka on amat\u00f6\u00f6ripuolella voittanut jo kaiken mahdollisen.<\/p>\n<p class=\"aw-1gybjub aw-1p7kakr kEtdKx cEmitX yle__article__paragraph\">H\u00e4n tyrm\u00e4si toukokuussa ensimm\u00e4isess\u00e4 ammattilaisvapaaottelussaan Brasilian <strong class=\"aw-ak79eh KyCXm yle__article__strong\">Liane Barrosin<\/strong>.<\/p>\n<p class=\"aw-1gybjub aw-1p7kakr kEtdKx cEmitX yle__article__paragraph\">Nyt Br\u00e4nnfors otteli ensi kertaa Ice Cagessa ja sai vastaansa 34-vuotiaan argentiinalaisen <strong class=\"aw-ak79eh KyCXm yle__article__strong\">Sofia Landin<\/strong> (ammattilaissaldo 4 voittoa, 4 tappiota).<\/p>\n<p class=\"aw-1gybjub aw-1p7kakr kEtdKx cEmitX yle__article__paragraph\">58-kiloisten kamppailu p\u00e4\u00e4ttyi Br\u00e4nnforssin voittoon kaikin tuomari\u00e4\u00e4nin. Suomalainen hallitsi ottelua ja haki aktiivisesti lopetusta, mutta Landi selvitti kuristusyritykset.<\/p>\n<p class=\"aw-1gybjub aw-1p7kakr kEtdKx cEmitX yle__article__paragraph\">Br\u00e4nnfors arveli ottelun j\u00e4lkeen haastattelussa, ett\u00e4 voitto kirkastunee vasta my\u00f6hemmin. H\u00e4n oli esimerkiksi <a class=\"aw-iao6s4 iHOxEa yle__article__link\" href=\"https:\/\/www.iltalehti.fi\/kamppailulajit\/a\/fe2420be-3832-406b-8369-5b33d9dd91b9\" role=\"link\" rel=\"nofollow noopener\" target=\"_blank\">Iltalehden mukaan<\/a> pettynyt, ettei saanut lopetettua ottelua, vaan se meni hieman puristamiseksi. H\u00e4n kuvailikin suoritustaan ty\u00f6voitoksi.<\/p>\n<p class=\"aw-1gybjub aw-1p7kakr kEtdKx cEmitX yle__article__paragraph\">\u2013 Pid\u00e4t\u00e4n itkua v\u00e4h\u00e4n. En tied\u00e4. Halusin saada enemm\u00e4n aikaan. En nyt p\u00e4\u00e4ssyt n\u00e4ytt\u00e4m\u00e4\u00e4n sellaista kehityshyppy\u00e4 h\u00e4kiss\u00e4 kuin olisin halunnut, ottelija kuvaili IL:n mukaan.<\/p>\n<p class=\"aw-1gybjub aw-1p7kakr kEtdKx cEmitX yle__article__paragraph\">Yle Areenasta l\u00f6ytyy dokumenttisarja ammattilaiseksi siirtyneest\u00e4 Sani Br\u00e4nnforsista.<\/p>\n<p><img decoding=\"async\" alt=\"\" src=\"https:\/\/www.europesays.com\/fi\/wp-content\/uploads\/2025\/12\/13-1-71325825-1745308736248.jpeg\" class=\"aw-1l9m598 hKVVvP\"\/><\/p>\n<p class=\"aw-1gybjub aw-1p7kakr kEtdKx cEmitX yle__article__paragraph\">Muissa ammattilaisvapaaottelun kamppailuissa lappeenrantalainen <strong class=\"aw-ak79eh KyCXm yle__article__strong\">Edward Walls<\/strong> voitti kaikin tuomari\u00e4\u00e4nin <strong class=\"aw-ak79eh KyCXm yle__article__strong\">Verneri Hakkisen<\/strong> (65,8-kiloiset) ja <strong class=\"aw-ak79eh KyCXm yle__article__strong\">Rasmus Vauhkonen<\/strong> p\u00e4ihitti tuomariston yksimielisell\u00e4 p\u00e4\u00e4t\u00f6ksell\u00e4 <strong class=\"aw-ak79eh KyCXm yle__article__strong\">Kevin Niemisen<\/strong> (65,8-kiloiset).<\/p>\n<p class=\"aw-1gybjub aw-1p7kakr kEtdKx cEmitX yle__article__paragraph\">Niin ik\u00e4\u00e4n ammattilaisvapaaottelussa <strong class=\"aw-ak79eh KyCXm yle__article__strong\">Olli Santalahti<\/strong>, 31, voitti puolalaisen <strong class=\"aw-ak79eh KyCXm yle__article__strong\">Mateusz Rybakin<\/strong> ensimm\u00e4isen er\u00e4n anakondakuristuksella (83,9-kiloiset).<\/p>\n<p class=\"aw-1gybjub aw-1p7kakr kEtdKx cEmitX yle__article__paragraph\">Ylemp\u00e4\u00e4n painoluokkaan vaihtanut Santalahti otti jo vuoden viidennen voittonsa ja huuteli keh\u00e4ss\u00e4 UFC-mahdollisuuden per\u00e4\u00e4n. Santalahti on ker\u00e4nnyt uransa 27 ammattilaisottelusta 19 voittoa.<\/p>\n<p><img decoding=\"async\" alt=\"Olli Santalahti ja George Smith keh\u00e4ss\u00e4 Manchesterissa 15.3.2025.\" src=\"https:\/\/www.europesays.com\/fi\/wp-content\/uploads\/2025\/12\/39-1574676694ef8227c432.jpeg\" loading=\"lazy\" class=\"aw-1l9m598 hKVVvP\"\/><\/p>\n<p>Avaa kuvien katselu<\/p>\n<p>Olli Santalahti (vas.) otti vuoden ensimm\u00e4isen voittonsa maaliskuussa, kun h\u00e4n p\u00e4ihitti Manchesterissa George Smithin. Kuva: Graham Finney \/ AOP<\/p>\n<p class=\"aw-1gybjub aw-1p7kakr kEtdKx cEmitX yle__article__paragraph\">Vapaaottelun lis\u00e4ksi n\u00e4htiin nyrkkeily\u00e4, potkunyrkkeily\u00e4 ja thainyrkkeily\u00e4.<\/p>\n<p class=\"aw-1gybjub aw-1p7kakr kEtdKx cEmitX yle__article__paragraph\">Esimerkiksi thainyrkkeilyn Euroopan mestari <strong class=\"aw-ak79eh KyCXm yle__article__strong\">Eeva Pohto<\/strong> voitti yksimielisin tuomari\u00e4\u00e4nin potkunyrkkeilyn maailmanmestarin <strong class=\"aw-ak79eh KyCXm yle__article__strong\">Noora al-Saffun<\/strong>. Kyse oli 55-kiloisten potkunyrkkeilyottelusta.<\/p>\n<p><script async src=\"\/\/www.instagram.com\/embed.js\"><\/script><\/p>\n","protected":false},"excerpt":{"rendered":"Suomalaisen kamppailu-urheiluv\u00e4en katseet k\u00e4\u00e4ntyiv\u00e4t tapanin\u00adp\u00e4iv\u00e4n\u00e4 Espooseen, kun Ice Cage 6 j\u00e4rjestettiin loppuun\u00admyydyss\u00e4 Espoon areenassa. Avaa kuvien katselu Theo&hellip;\n","protected":false},"author":2,"featured_media":126654,"comment_status":"","ping_status":"","sticky":false,"template":"","format":"standard","meta":{"footnotes":""},"categories":[5],"tags":[22,23,400,26,27,33,31,30,17,5876,24,25,28,29,15,18,21,32,19,20,160,161,16,8589,4455],"class_list":{"0":"post-126653","1":"post","2":"type-post","3":"status-publish","4":"format-standard","5":"has-post-thumbnail","7":"category-otsikot","8":"tag-breaking-news","9":"tag-breakingnews","10":"tag-espoo","11":"tag-featured-news","12":"tag-featurednews","13":"tag-fi","14":"tag-finland","15":"tag-finnish","16":"tag-headlines","17":"tag-kamppailulajit","18":"tag-latest-news","19":"tag-latestnews","20":"tag-main-news","21":"tag-mainnews","22":"tag-news","23":"tag-otsikot","24":"tag-paauutiset","25":"tag-suomi","26":"tag-top-stories","27":"tag-topstories","28":"tag-urheilu","29":"tag-urheilutapahtumat","30":"tag-uutiset","31":"tag-vapaaottelijat","32":"tag-vapaaottelu"},"share_on_mastodon":{"url":"https:\/\/pubeurope.com\/@fi\/115788432431467723","error":""},"_links":{"self":[{"href":"https:\/\/www.europesays.com\/fi\/wp-json\/wp\/v2\/posts\/126653","targetHints":{"allow":["GET"]}}],"collection":[{"href":"https:\/\/www.europesays.com\/fi\/wp-json\/wp\/v2\/posts"}],"about":[{"href":"https:\/\/www.europesays.com\/fi\/wp-json\/wp\/v2\/types\/post"}],"author":[{"embeddable":true,"href":"https:\/\/www.europesays.com\/fi\/wp-json\/wp\/v2\/users\/2"}],"replies":[{"embeddable":true,"href":"https:\/\/www.europesays.com\/fi\/wp-json\/wp\/v2\/comments?post=126653"}],"version-history":[{"count":0,"href":"https:\/\/www.europesays.com\/fi\/wp-json\/wp\/v2\/posts\/126653\/revisions"}],"wp:featuredmedia":[{"embeddable":true,"href":"https:\/\/www.europesays.com\/fi\/wp-json\/wp\/v2\/media\/126654"}],"wp:attachment":[{"href":"https:\/\/www.europesays.com\/fi\/wp-json\/wp\/v2\/media?parent=126653"}],"wp:term":[{"taxonomy":"category","embeddable":true,"href":"https:\/\/www.europesays.com\/fi\/wp-json\/wp\/v2\/categories?post=126653"},{"taxonomy":"post_tag","embeddable":true,"href":"https:\/\/www.europesays.com\/fi\/wp-json\/wp\/v2\/tags?post=126653"}],"curies":[{"name":"wp","href":"https:\/\/api.w.org\/{rel}","templated":true}]}}