{"id":126657,"date":"2025-12-26T23:32:14","date_gmt":"2025-12-26T23:32:14","guid":{"rendered":"https:\/\/www.europesays.com\/fi\/126657\/"},"modified":"2025-12-26T23:32:14","modified_gmt":"2025-12-26T23:32:14","slug":"kuka-otti-kuuluisan-valokuvan-elviksesta-arkussa-2","status":"publish","type":"post","link":"https:\/\/www.europesays.com\/fi\/126657\/","title":{"rendered":"Kuka otti kuuluisan valokuvan Elviksest\u00e4 arkussa?"},"content":{"rendered":"<p>Elvis Presleyst\u00e4 otettiin tuhansia ja tuhansia kuvia. Mutta mit\u00e4\u00e4n t\u00e4llaista kukaan ei odottanut koskaan n\u00e4kev\u00e4ns\u00e4.<\/p>\n<p>24.12. 17:30<\/p>\n<p class=\"article-body nof-ui-body-medium mb-nof-24 px-nof-16\">Artikkeli on julkaistu ensimm\u00e4isen kerran 4.9.2025. IS julkaisee vuodenvaihteessa uudelleen suosituimpia juttujaan.<\/p>\n<p class=\"article-body mb-nof-24 px-nof-16\">Rokin kuningas <a class=\"article-personlink\" href=\"https:\/\/www.is.fi\/haku\/?query=Elvis%20Presley\" rel=\"nofollow noopener\" target=\"_blank\">Elvis Presley <\/a>l\u00f6ydettiin makaamasta elottomana kotinsa kylpyhuoneen lattialta iltap\u00e4iv\u00e4ll\u00e4 16. elokuuta 1977.<\/p>\n<p class=\"article-body mb-nof-24 px-nof-16\">H\u00e4nen hautajaisensa pidettiin 18. elokuuta. Elvis oli aseteltu avonaiseen arkkuun Gracelandin kodissaan. Hautajaisiin kutsuttiin ainoastaan laulajan l\u00e4himm\u00e4t yst\u00e4v\u00e4t ja sukulaiset.<\/p>\n<p class=\"article-body mb-nof-24 px-nof-16\">Vain viikkoja kuoleman j\u00e4lkeen, 6. syyskuuta 1977, National Enquirer -lehden kannessa julkaistiin kuva Elviksest\u00e4 makaamassa avonaisessa arkussa.<\/p>\n<p class=\"article-body mb-nof-24 px-nof-16\">Kuvan ottajan henkil\u00f6llisyytt\u00e4 on pohdittu vuosikymmenien ajan. Yhden teorian mukaan Elviksen serkku <a class=\"article-personlink\" href=\"https:\/\/www.is.fi\/haku\/?query=Billy%20Mann\" rel=\"nofollow noopener\" target=\"_blank\">Billy Mann<\/a> olisi saanut 18 000 dollaria salaa otetusta kuvasta.<\/p>\n<p class=\"article-body mb-nof-24 px-nof-16\">Kuva oli j\u00e4ttipotti lehdelle. National Enquirerin 6,7 miljoonan kappaleen painos myytiin loppuun hetkess\u00e4, ja yksi ainoa irtonumero tuotti kustantajalleen yli kaksi miljoonaa dollaria.<\/p>\n<p class=\"article-body mb-nof-24 px-nof-16\"><a class=\"underline underline-offset-[0.12em] [text-decoration-thickness:var(--generic-link-underline-thickness)] [text-decoration-color:var(--generic-link-underline-color)] [text-decoration-skip-ink:var(--generic-link-underline-skip-ink)] break-words\" href=\"https:\/\/auctions.potterauctions.com\/_PRESLEY__Elvis__1935_1977___The_Notorious_Origina-LOT78643.aspx\" rel=\"nofollow noopener\" target=\"_blank\">Alkuper\u00e4inen kuva<\/a> huutokaupattiin viime vuonna yhdess\u00e4 National Enquirerin numeron kanssa 5 040 dollarilla Potter &amp; Potter -huutokauppakamarin toimesta.<\/p>\n<p class=\"article-body mb-nof-24 px-nof-16\">Toimittaja <a class=\"article-personlink\" href=\"https:\/\/www.is.fi\/haku\/?query=Jari%20Porttila\" rel=\"nofollow noopener\" target=\"_blank\">Jari Porttila<\/a> v\u00e4itt\u00e4\u00e4 syyskuussa ilmestyneess\u00e4 kirjassaan Kohtalona Elvis (Readme.fi) tiet\u00e4v\u00e4ns\u00e4 kuvan ottajan oikean henkil\u00f6llisyyden. Se ei Porttilan mukaan olisikaan Billy Mann.<\/p>\n<p class=\"article-body mb-nof-24 px-nof-16\">Mann oli kuitenkin pitk\u00e4\u00e4n p\u00e4\u00e4ep\u00e4ilty. H\u00e4nen uskottiin piilottaneen pienen kameran takkinsa sis\u00e4vuoreen. H\u00e4n sai liikkua vapaasti Gracelandissa. Mann ei itse koskaan vahvistanut eik\u00e4 kiist\u00e4nyt asiaa julkisesti.<\/p>\n<p class=\"article-body mb-nof-24 px-nof-16\">Yht\u00e4 asiaa pidettiin varmana. Kuvan ottajan t\u00e4ytyi kuulua Elviksen sis\u00e4piiriin, Memphis mafiaan. Memphis mafia oli median antama ep\u00e4virallinen nimitys Elviksen l\u00e4himm\u00e4lle yst\u00e4v\u00e4piirille, henkivartijoille ja luotetuille henkil\u00f6ille 1960-luvun puoliv\u00e4list\u00e4 h\u00e4nen kuolemaansa asti.<\/p>\n<p><img decoding=\"async\" src=\"https:\/\/www.europesays.com\/fi\/wp-content\/uploads\/2025\/09\/1756969327_120_468.jpg\" alt=\"\" class=\"_Img_1rerz_1\" style=\"aspect-ratio:0.7869791666666667\" loading=\"eager\"\/><\/p>\n<p class=\"article-body mb-nof-24 px-nof-16\">Oikean kuvaajan henkil\u00f6llisyys selvisi Porttilan mukaan Suomessa, tarkemmin sanottuna Alaveteliss\u00e4. Siell\u00e4 asuu suomalainen liikemies <a class=\"article-personlink\" href=\"https:\/\/www.is.fi\/haku\/?query=Karl%20Lindroos\" rel=\"nofollow noopener\" target=\"_blank\">Karl Lindroos<\/a>, joka omistaa maailman suurimman yksityisen Elvis-kokoelman. 30 vuotta kiinteist\u00f6v\u00e4litt\u00e4j\u00e4n\u00e4 Floridassa toiminut Lindroos oppi harrastuksensa kautta tuntemaan Elviksen tuttavia, serkkuja, Memphis mafiaa, sed\u00e4t ja t\u00e4dit.<\/p>\n<p class=\"article-body mb-nof-24 px-nof-16\">Yksi Memphis mafian j\u00e4senist\u00e4 vieraili Lindroosin kotona kes\u00e4ll\u00e4 1996. Er\u00e4\u00e4n\u00e4 iltana h\u00e4n oli puheliaalla tuulella.<\/p>\n<p class=\"article-body mb-nof-24 px-nof-16\">\u201dKarl, kerron nyt sinulle asian joka on painanut mielt\u00e4ni yh\u00e4 enemm\u00e4n ja enemm\u00e4n viime aikoina. Koska sin\u00e4 ymm\u00e4rr\u00e4t Elvist\u00e4 ja h\u00e4nen perint\u00f6\u00e4\u00e4n niin hyvin ja olet varjellut h\u00e4nen nime\u00e4\u00e4n ja tavaroita kaikki n\u00e4m\u00e4 vuodet, olet valmis kuulemaan t\u00e4m\u00e4n. Se olin min\u00e4, joka otti l\u00e4hikuvan Elviksen kasvoista, kun h\u00e4n makasi arkussa. Se olin min\u00e4, mafian mies huokaa\u201d.<\/p>\n<p class=\"article-body mb-nof-24 px-nof-16\">Tarina jatkui.<\/p>\n<p class=\"article-body mb-nof-24 px-nof-16\">\u201dSain Elviksen kuoleman j\u00e4lkeen yhteydenoton National Enquirerista. He kysyiv\u00e4t, voisinko ottaa valokuvan Elviksest\u00e4, kun h\u00e4n makasi arkussa Gracelandin sis\u00e4tiloissa. Mietin pitk\u00e4\u00e4n asiaa, mutta kun he lupasivat 100 000 dollarin palkkion, ajattelin, ett\u00e4 jotenkin minun olisi turvattava tulevaisuuteni nyt kun Elvis ei ollut en\u00e4\u00e4 joukossamme.\u201d<\/p>\n<p class=\"article-body mb-nof-24 px-nof-16\">Mies kertoi tarinansa Lindroosille, mutta pyysi pit\u00e4m\u00e4\u00e4n asian salassa niin kauan kuin h\u00e4n el\u00e4isi.<\/p>\n<p class=\"article-body mb-nof-24 px-nof-16\">\u201dT\u00e4m\u00e4 salaisuus on ollut harteillani kaikki n\u00e4m\u00e4 vuodet. Nyt se on my\u00f6s sinun harteillasi, sill\u00e4 et saa kertoa t\u00e4st\u00e4 kenellek\u00e4\u00e4n ennen kuin olen poistunut taivaallisiin joukkoihin, Memphisin mafian mies vannotti Karl Lindroosia Alavetelin talon pihalla makkaroiden k\u00e4ristyess\u00e4 grilliss\u00e4.\u201d<\/p>\n<p><img decoding=\"async\" src=\"https:\/\/www.europesays.com\/fi\/wp-content\/uploads\/2025\/09\/1756969327_938_468.jpg\" alt=\"\" class=\"_Img_1rerz_1\" style=\"aspect-ratio:0.759375\" loading=\"eager\"\/><\/p>\n<p class=\"article-body mb-nof-24 px-nof-16\">Lindroos ei tiennyt uskoako tarinaa. Porttilan kirjan mukaan Lindroos tenttasi yst\u00e4v\u00e4\u00e4ns\u00e4 asiasta useaan otteeseen. T\u00e4m\u00e4 vakuutti olevansa tosissaan.<\/p>\n<p class=\"article-body mb-nof-24 px-nof-16\">Mies kuoli 21. tammikuuta 2011 Texasissa. Lindroos piti kuitenkin miehen salaisuuden edelleen omana tietonaan.<\/p>\n<p class=\"article-body mb-nof-24 px-nof-16\">Kunnes nyt.<\/p>\n<p class=\"article-body mb-nof-24 px-nof-16\">Porttila kirjoittaa Lindroosin kertoneen, ett\u00e4 kuvan ottaja oli <a class=\"article-personlink\" href=\"https:\/\/www.is.fi\/haku\/?query=Lamar%20Fike\" rel=\"nofollow noopener\" target=\"_blank\">Lamar Fike<\/a>.<\/p>\n<p class=\"article-body mb-nof-24 px-nof-16\">Fike oli Elviksen pitk\u00e4aikaisin yst\u00e4v\u00e4. H\u00e4n oli jopa viett\u00e4nyt aikaa Elviksen kanssa Saksassa, kun laulaja suoritti siell\u00e4 asepalvelustaan vuosina 1958\u20131960.<\/p>\n<p class=\"article-body mb-nof-24 px-nof-16\">\u201dLamar Fike oli ensimm\u00e4inen Memphis mafian j\u00e4sen, joka muutti asumaan Gracelandiin, Elviksen kotiin. T\u00e4m\u00e4 merkitsi siirtym\u00e4\u00e4 t\u00e4ysin uuteen el\u00e4m\u00e4ntapaan: h\u00e4n ei en\u00e4\u00e4 ainoastaan kiert\u00e4nyt Elviksen kanssa ymp\u00e4ri maata, vaan asui h\u00e4nen kanssaan 24\/7\u201d<\/p>\n<p class=\"article-body mb-nof-24 px-nof-16\">\u2013\u2009Lamar oli mies, joka v\u00e4ritti usein tarinoitaan, mutta ei h\u00e4n tuollaisessa asiassa olisi voinut puhua palturia. Oliko h\u00e4nen saamansa summa 100 000 dollaria, on tietenkin ep\u00e4varmaa, mutta kaikki muu tuntuisi kyll\u00e4 t\u00e4sm\u00e4\u00e4v\u00e4n, Lindroos pohtii Porttilan kirjassa.<\/p>\n<p class=\"article-body mb-nof-24 px-nof-16\">Porttila my\u00f6nt\u00e4\u00e4, ett\u00e4 asialle on mahdotonta saada virallista vahvistusta, sill\u00e4 my\u00f6s National Enquirerin silloinen v\u00e4ki on jo manan majoilla.<\/p>\n<p><img decoding=\"async\" src=\"https:\/\/www.europesays.com\/fi\/wp-content\/uploads\/2025\/09\/1756969328_320_468.jpg\" alt=\"\" class=\"_Img_1rerz_1\" style=\"aspect-ratio:1.761467889908257\" loading=\"eager\"\/><\/p>\n<p class=\"article-body mb-nof-24 px-nof-16\">Miksi Lamar Fike v\u00e4itti ottaneensa tuon maailmaa h\u00e4kellytt\u00e4neen kuvan Elviksest\u00e4?<\/p>\n<p class=\"article-body mb-nof-24 px-nof-16\">Lindroos esitt\u00e4\u00e4 kirjassa pohdinnan Fiken mahdollisista motiiveista:<\/p>\n<p class=\"article-body mb-nof-24 px-nof-16\">\u2013\u2009H\u00e4n ei katunut sit\u00e4, vaan oli jopa ylpe\u00e4 siit\u00e4. H\u00e4n sanoi, ett\u00e4 Elviksen pitk\u00e4aikaisimpana yst\u00e4v\u00e4n\u00e4 se oli h\u00e4nen teht\u00e4v\u00e4ns\u00e4. Lamarin mukaan Elvis oli siin\u00e4 kuvassa niin rauhallisen n\u00e4k\u00f6inen, ett\u00e4 koko maailman piti n\u00e4hd\u00e4 Elvis juuri sellaisena. Ihmisen\u00e4, joka oli viimein saanut rauhan.<\/p>\n<p class=\"article-body nof-ui-body-medium mb-nof-24 px-nof-16\">Kursivoidut kohdat ja sitaatit ovat Jari Porttilan kirjasta Kohtalona Elvis (Readme.fi).<\/p>\n","protected":false},"excerpt":{"rendered":"Elvis Presleyst\u00e4 otettiin tuhansia ja tuhansia kuvia. Mutta mit\u00e4\u00e4n t\u00e4llaista kukaan ei odottanut koskaan n\u00e4kev\u00e4ns\u00e4. 24.12. 17:30 Artikkeli&hellip;\n","protected":false},"author":2,"featured_media":25175,"comment_status":"","ping_status":"","sticky":false,"template":"","format":"standard","meta":{"footnotes":""},"categories":[135],"tags":[389,387,388,390,137,33,31,30,34,32,394,393,391,392,109],"class_list":{"0":"post-126657","1":"post","2":"type-post","3":"status-publish","4":"format-standard","5":"has-post-thumbnail","7":"category-taiteet-ja-suunnittelu","8":"tag-arts","9":"tag-arts-and-design","10":"tag-artsanddesign","11":"tag-design","12":"tag-entertainment","13":"tag-fi","14":"tag-finland","15":"tag-finnish","16":"tag-ilta-sanomat","17":"tag-suomi","18":"tag-suunnittelu","19":"tag-taiteet","20":"tag-taiteet-ja-suunnittelu","21":"tag-taiteetsuunnittelu","22":"tag-viihde"},"share_on_mastodon":{"url":"https:\/\/pubeurope.com\/@fi\/115788483502167858","error":""},"_links":{"self":[{"href":"https:\/\/www.europesays.com\/fi\/wp-json\/wp\/v2\/posts\/126657","targetHints":{"allow":["GET"]}}],"collection":[{"href":"https:\/\/www.europesays.com\/fi\/wp-json\/wp\/v2\/posts"}],"about":[{"href":"https:\/\/www.europesays.com\/fi\/wp-json\/wp\/v2\/types\/post"}],"author":[{"embeddable":true,"href":"https:\/\/www.europesays.com\/fi\/wp-json\/wp\/v2\/users\/2"}],"replies":[{"embeddable":true,"href":"https:\/\/www.europesays.com\/fi\/wp-json\/wp\/v2\/comments?post=126657"}],"version-history":[{"count":0,"href":"https:\/\/www.europesays.com\/fi\/wp-json\/wp\/v2\/posts\/126657\/revisions"}],"wp:featuredmedia":[{"embeddable":true,"href":"https:\/\/www.europesays.com\/fi\/wp-json\/wp\/v2\/media\/25175"}],"wp:attachment":[{"href":"https:\/\/www.europesays.com\/fi\/wp-json\/wp\/v2\/media?parent=126657"}],"wp:term":[{"taxonomy":"category","embeddable":true,"href":"https:\/\/www.europesays.com\/fi\/wp-json\/wp\/v2\/categories?post=126657"},{"taxonomy":"post_tag","embeddable":true,"href":"https:\/\/www.europesays.com\/fi\/wp-json\/wp\/v2\/tags?post=126657"}],"curies":[{"name":"wp","href":"https:\/\/api.w.org\/{rel}","templated":true}]}}