{"id":126659,"date":"2025-12-26T23:39:09","date_gmt":"2025-12-26T23:39:09","guid":{"rendered":"https:\/\/www.europesays.com\/fi\/126659\/"},"modified":"2025-12-26T23:39:09","modified_gmt":"2025-12-26T23:39:09","slug":"perry-bamonte-on-kuollut","status":"publish","type":"post","link":"https:\/\/www.europesays.com\/fi\/126659\/","title":{"rendered":"Perry Bamonte on kuollut"},"content":{"rendered":"<p>The Curen Perry Bamonte on kuollut.<\/p>\n<p><img decoding=\"async\" class=\"image image-show image-preview\" src=\"https:\/\/www.europesays.com\/fi\/wp-content\/uploads\/2025\/12\/70d05eb2b4c59ca4d7696358d96e53157f4ddcb5538cecf0fe288da017b3ad79.jpg\" alt=\"\"\/><img decoding=\"async\" class=\"image image-show\" src=\"https:\/\/www.europesays.com\/fi\/wp-content\/uploads\/2025\/12\/1766792349_737_70d05eb2b4c59ca4d7696358d96e53157f4ddcb5538cecf0fe288da017b3ad79.jpg\" alt=\"\"\/><\/p>\n<p>Perry Bamonte lavalla vuonna 2022.  AOP<\/p>\n<p class=\"paragraph\">Brittil\u00e4isess\u00e4 The Curess\u00e4 kitaraa ja koskettimia soittanut <strong>Perry Bamonte<\/strong> on kuollut. H\u00e4n oli kuollessaan 65-vuotias.<\/p>\n<p class=\"paragraph\">The Cure kertoi poismenosta <a href=\"https:\/\/www.thecure.com\/news\/2025\/12\/perry-archangelo-bamonte-1960-2025\/\" rel=\"noopener nofollow\" target=\"_blank\">nettisivuillaan<\/a>. Tiedotteen mukaan Bamonte kuoli sairastettuaan lyhyen aikaa.<\/p>\n<p class=\"paragraph\">Bamonte soitti The Curessa vuodesta 1990 vuoteen 2005, ja uudestaan h\u00e4n liittyi yhtyeeseen vuonna 2022.<\/p>\n<p class=\"paragraph\">\u2013 Teddy oli hiljainen, intensiivinen, vakaa ja hyvin luova. H\u00e4n oli l\u00e4mminsyd\u00e4minen ja oleellinen osa The Curen tarinaa, The Cure kirjoittaa nettisivuillaan.<\/p>\n<p class=\"paragraph\">Useasti Suomessa konsertoinut The Cure perustettiin Crawleyss\u00e4 Sussexissa 70-luvun lopulla. Sen tunnetuimpia kappaleita ovat Friday I\u2019m In Love, Boys Don\u2019t Cry ja Lovesong.<\/p>\n","protected":false},"excerpt":{"rendered":"The Curen Perry Bamonte on kuollut. Perry Bamonte lavalla vuonna 2022. AOP Brittil\u00e4isess\u00e4 The Curess\u00e4 kitaraa ja koskettimia&hellip;\n","protected":false},"author":2,"featured_media":126660,"comment_status":"","ping_status":"","sticky":false,"template":"","format":"standard","meta":{"footnotes":""},"categories":[130],"tags":[35,138,137,33,31,30,763,47,141,32,397,484,109],"class_list":{"0":"post-126659","1":"post","2":"type-post","3":"status-publish","4":"format-standard","5":"has-post-thumbnail","7":"category-viihde","8":"tag-24h","9":"tag-audio","10":"tag-entertainment","11":"tag-fi","12":"tag-finland","13":"tag-finnish","14":"tag-kulttuuri-ja-viihde","15":"tag-musiikki","16":"tag-muusikot-bandit","17":"tag-suomi","18":"tag-taide","19":"tag-taiteellinen-ilmaisu-ja-mediat","20":"tag-viihde"},"share_on_mastodon":{"url":"https:\/\/pubeurope.com\/@fi\/115788511047745981","error":""},"_links":{"self":[{"href":"https:\/\/www.europesays.com\/fi\/wp-json\/wp\/v2\/posts\/126659","targetHints":{"allow":["GET"]}}],"collection":[{"href":"https:\/\/www.europesays.com\/fi\/wp-json\/wp\/v2\/posts"}],"about":[{"href":"https:\/\/www.europesays.com\/fi\/wp-json\/wp\/v2\/types\/post"}],"author":[{"embeddable":true,"href":"https:\/\/www.europesays.com\/fi\/wp-json\/wp\/v2\/users\/2"}],"replies":[{"embeddable":true,"href":"https:\/\/www.europesays.com\/fi\/wp-json\/wp\/v2\/comments?post=126659"}],"version-history":[{"count":0,"href":"https:\/\/www.europesays.com\/fi\/wp-json\/wp\/v2\/posts\/126659\/revisions"}],"wp:featuredmedia":[{"embeddable":true,"href":"https:\/\/www.europesays.com\/fi\/wp-json\/wp\/v2\/media\/126660"}],"wp:attachment":[{"href":"https:\/\/www.europesays.com\/fi\/wp-json\/wp\/v2\/media?parent=126659"}],"wp:term":[{"taxonomy":"category","embeddable":true,"href":"https:\/\/www.europesays.com\/fi\/wp-json\/wp\/v2\/categories?post=126659"},{"taxonomy":"post_tag","embeddable":true,"href":"https:\/\/www.europesays.com\/fi\/wp-json\/wp\/v2\/tags?post=126659"}],"curies":[{"name":"wp","href":"https:\/\/api.w.org\/{rel}","templated":true}]}}