{"id":126662,"date":"2025-12-26T23:43:08","date_gmt":"2025-12-26T23:43:08","guid":{"rendered":"https:\/\/www.europesays.com\/fi\/126662\/"},"modified":"2025-12-26T23:43:08","modified_gmt":"2025-12-26T23:43:08","slug":"yhdysvallat-arahti-kiinalle-yhdysvaltalaisyrityksille-asetetuista-pakotteista-uutisia-lyhyesti","status":"publish","type":"post","link":"https:\/\/www.europesays.com\/fi\/126662\/","title":{"rendered":"Yhdysvallat \u00e4r\u00e4hti Kiinalle yhdysvaltalais\u00adyrityksille asetetuista pakotteista | Uutisia lyhyesti"},"content":{"rendered":"<p class=\"aw-1gybjub aw-5vja16 kEtdKx kmuxyA yle__article__paragraph\">Kiina ilmoitti perjantaina pakotteista useille yhdysvaltalaisille puolustusalan yhti\u00f6lle sek\u00e4 yritys\u00adjohtajille.<\/p>\n<p class=\"aw-1gybjub aw-1p7kakr kEtdKx cEmitX yle__article__paragraph\">Yhdysvaltain ulkoministeri\u00f6 sanoo maan hallinnon vastustavan jyrk\u00e4sti Kiinan pyrkimyksi\u00e4 rankaista yhdysvaltalaisia yrityksi\u00e4, jotka ovat osallisia Taiwanin kanssa tehdyiss\u00e4 asekaupoissa.<\/p>\n<p class=\"aw-1gybjub aw-1p7kakr kEtdKx cEmitX yle__article__paragraph\">Lis\u00e4ksi ulkoministeri\u00f6 sanoo lausunnossaan, ett\u00e4 Yhdysvallat kehottaa Kiinan hallintoa lopettamaan Taiwanin sotilaallinen, diplomaattinen sek\u00e4 taloudellinen painostaminen.<\/p>\n<p class=\"aw-1gybjub aw-1p7kakr kEtdKx cEmitX yle__article__paragraph\">Ulkoministeri\u00f6 kehottaa Kiinaa sen sijaan k\u00e4ynnist\u00e4m\u00e4\u00e4n vuoropuhelu Taiwanin kanssa.<\/p>\n<p class=\"aw-1gybjub aw-1p7kakr kEtdKx cEmitX yle__article__paragraph\">Kiina ilmoitti perjantaina pakotteista 20 yhdysvaltalaiselle puolustusalan yhti\u00f6lle ja 10 yritysjohtajalle.<\/p>\n<p class=\"aw-1gybjub aw-1p7kakr kEtdKx cEmitX yle__article__paragraph\">Kiinan mukaan kaupank\u00e4ynti kyseisten yhti\u00f6iden kanssa on kielletty. Lis\u00e4ksi yhti\u00f6iden Kiinassa sijaitsevia varoja on j\u00e4\u00e4dytetty.<\/p>\n<p class=\"aw-1gybjub aw-1p7kakr kEtdKx cEmitX yle__article__paragraph\">Pakotteiden alaiset yritysjohtajat eiv\u00e4t en\u00e4\u00e4 voi k\u00e4yd\u00e4 kauppaa Kiinassa, eik\u00e4 heit\u00e4 p\u00e4\u00e4stet\u00e4 maahan. My\u00f6s heid\u00e4n varojaan on j\u00e4\u00e4dytetty.<\/p>\n<p class=\"aw-1gybjub aw-1p7kakr kEtdKx cEmitX yle__article__paragraph\">L\u00e4hde: Reuters<\/p>\n","protected":false},"excerpt":{"rendered":"Kiina ilmoitti perjantaina pakotteista useille yhdysvaltalaisille puolustusalan yhti\u00f6lle sek\u00e4 yritys\u00adjohtajille. Yhdysvaltain ulkoministeri\u00f6 sanoo maan hallinnon vastustavan jyrk\u00e4sti Kiinan&hellip;\n","protected":false},"author":2,"featured_media":74,"comment_status":"","ping_status":"","sticky":false,"template":"","format":"standard","meta":{"footnotes":""},"categories":[14],"tags":[22,23,26,27,33,31,30,17,70,5129,510,24,25,28,29,15,18,21,32,3019,19,20,56,16,59,60,61,619],"class_list":{"0":"post-126662","1":"post","2":"type-post","3":"status-publish","4":"format-standard","5":"has-post-thumbnail","7":"category-ulkomaat","8":"tag-breaking-news","9":"tag-breakingnews","10":"tag-featured-news","11":"tag-featurednews","12":"tag-fi","13":"tag-finland","14":"tag-finnish","15":"tag-headlines","16":"tag-kansainvalinen-politiikka","17":"tag-kansainvaliset-pakotteet","18":"tag-kiina","19":"tag-latest-news","20":"tag-latestnews","21":"tag-main-news","22":"tag-mainnews","23":"tag-news","24":"tag-otsikot","25":"tag-paauutiset","26":"tag-suomi","27":"tag-taiwan","28":"tag-top-stories","29":"tag-topstories","30":"tag-ulkomaat","31":"tag-uutiset","32":"tag-world","33":"tag-world-news","34":"tag-worldnews","35":"tag-yhdysvallat"},"share_on_mastodon":{"url":"https:\/\/pubeurope.com\/@fi\/115788526726216003","error":""},"_links":{"self":[{"href":"https:\/\/www.europesays.com\/fi\/wp-json\/wp\/v2\/posts\/126662","targetHints":{"allow":["GET"]}}],"collection":[{"href":"https:\/\/www.europesays.com\/fi\/wp-json\/wp\/v2\/posts"}],"about":[{"href":"https:\/\/www.europesays.com\/fi\/wp-json\/wp\/v2\/types\/post"}],"author":[{"embeddable":true,"href":"https:\/\/www.europesays.com\/fi\/wp-json\/wp\/v2\/users\/2"}],"replies":[{"embeddable":true,"href":"https:\/\/www.europesays.com\/fi\/wp-json\/wp\/v2\/comments?post=126662"}],"version-history":[{"count":0,"href":"https:\/\/www.europesays.com\/fi\/wp-json\/wp\/v2\/posts\/126662\/revisions"}],"wp:featuredmedia":[{"embeddable":true,"href":"https:\/\/www.europesays.com\/fi\/wp-json\/wp\/v2\/media\/74"}],"wp:attachment":[{"href":"https:\/\/www.europesays.com\/fi\/wp-json\/wp\/v2\/media?parent=126662"}],"wp:term":[{"taxonomy":"category","embeddable":true,"href":"https:\/\/www.europesays.com\/fi\/wp-json\/wp\/v2\/categories?post=126662"},{"taxonomy":"post_tag","embeddable":true,"href":"https:\/\/www.europesays.com\/fi\/wp-json\/wp\/v2\/tags?post=126662"}],"curies":[{"name":"wp","href":"https:\/\/api.w.org\/{rel}","templated":true}]}}