{"id":126669,"date":"2025-12-27T00:04:11","date_gmt":"2025-12-27T00:04:11","guid":{"rendered":"https:\/\/www.europesays.com\/fi\/126669\/"},"modified":"2025-12-27T00:04:11","modified_gmt":"2025-12-27T00:04:11","slug":"mikel-arteta-myonsi-faktan-olemme-kaivanneet-hanta","status":"publish","type":"post","link":"https:\/\/www.europesays.com\/fi\/126669\/","title":{"rendered":"Mikel Arteta my\u00f6nsi faktan: &#8221;Olemme kaivanneet h\u00e4nt\u00e4&#8221;"},"content":{"rendered":"<p>Valioliigan k\u00e4rjess\u00e4 oleva Arsenal palaa Englannin p\u00e4\u00e4sarjassa pelikentille lauantaina.<\/p>\n<p><strong>Mikel Artetan<\/strong> valmentama miehist\u00f6 kohtaa Brightonin kotikent\u00e4ll\u00e4\u00e4n kello 17.00 alkavassa ottelussa Suomen aikaa.<\/p>\n<p>Valioliigassa Arsenal on voittanut kaksi edellist\u00e4 otteluaan, kun Everton kaatui vieraissa maalein 1-0 ja Wolves kotona lukemin 2-1.<\/p>\n<p>Arsenal saattaa saada otteluun takaisin kokoonpanoonsa saksalaishy\u00f6kk\u00e4\u00e4j\u00e4 <strong>Kai Havertzin<\/strong>. Havertz on t\u00e4ll\u00e4 kaudella pelannut vain yhdess\u00e4 Valioliiga-ottelussa.<\/p>\n<p>Viime kaudella hy\u00f6kk\u00e4\u00e4j\u00e4 takoi yhdeks\u00e4n maalia 23 otteluun tykkimiesten riveiss\u00e4.<\/p>\n<p>\u2013 Havertz on t\u00e4rke\u00e4 pelaaja. Olemme kaivanneet h\u00e4nt\u00e4 paljon. Saksalainen tekee kokoonpanosta ja pelitavasta paljon monik\u00e4ytt\u00f6isemm\u00e4n, kommentoi Arteta.<\/p>\n<p><strong>LUE MY\u00d6S:\u00a0<a href=\"https:\/\/futisuutiset.fi\/haastattelut\/reaktio-antti-niemi-hehkuttaa-taman-kaverin-ei-kannata-buukata-bermudan-matkoja\/\" target=\"_blank\" rel=\"nofollow noopener\">Reaktio: Antti Niemi hehkuttaa \u2013 \u201dT\u00e4m\u00e4n kaverin ei kannata buukata Bermudan matkoja\u201d (FutisUutiset.fi) <\/a><\/strong><\/p>\n","protected":false},"excerpt":{"rendered":"Valioliigan k\u00e4rjess\u00e4 oleva Arsenal palaa Englannin p\u00e4\u00e4sarjassa pelikentille lauantaina. Mikel Artetan valmentama miehist\u00f6 kohtaa Brightonin kotikent\u00e4ll\u00e4\u00e4n kello 17.00&hellip;\n","protected":false},"author":2,"featured_media":126670,"comment_status":"","ping_status":"","sticky":false,"template":"","format":"standard","meta":{"footnotes":""},"categories":[158],"tags":[33,31,30,159,32,160],"class_list":{"0":"post-126669","1":"post","2":"type-post","3":"status-publish","4":"format-standard","5":"has-post-thumbnail","7":"category-urheilu","8":"tag-fi","9":"tag-finland","10":"tag-finnish","11":"tag-sports","12":"tag-suomi","13":"tag-urheilu"},"share_on_mastodon":{"url":"https:\/\/pubeurope.com\/@fi\/115788609332824678","error":""},"_links":{"self":[{"href":"https:\/\/www.europesays.com\/fi\/wp-json\/wp\/v2\/posts\/126669","targetHints":{"allow":["GET"]}}],"collection":[{"href":"https:\/\/www.europesays.com\/fi\/wp-json\/wp\/v2\/posts"}],"about":[{"href":"https:\/\/www.europesays.com\/fi\/wp-json\/wp\/v2\/types\/post"}],"author":[{"embeddable":true,"href":"https:\/\/www.europesays.com\/fi\/wp-json\/wp\/v2\/users\/2"}],"replies":[{"embeddable":true,"href":"https:\/\/www.europesays.com\/fi\/wp-json\/wp\/v2\/comments?post=126669"}],"version-history":[{"count":0,"href":"https:\/\/www.europesays.com\/fi\/wp-json\/wp\/v2\/posts\/126669\/revisions"}],"wp:featuredmedia":[{"embeddable":true,"href":"https:\/\/www.europesays.com\/fi\/wp-json\/wp\/v2\/media\/126670"}],"wp:attachment":[{"href":"https:\/\/www.europesays.com\/fi\/wp-json\/wp\/v2\/media?parent=126669"}],"wp:term":[{"taxonomy":"category","embeddable":true,"href":"https:\/\/www.europesays.com\/fi\/wp-json\/wp\/v2\/categories?post=126669"},{"taxonomy":"post_tag","embeddable":true,"href":"https:\/\/www.europesays.com\/fi\/wp-json\/wp\/v2\/tags?post=126669"}],"curies":[{"name":"wp","href":"https:\/\/api.w.org\/{rel}","templated":true}]}}