{"id":126678,"date":"2025-12-27T00:30:14","date_gmt":"2025-12-27T00:30:14","guid":{"rendered":"https:\/\/www.europesays.com\/fi\/126678\/"},"modified":"2025-12-27T00:30:14","modified_gmt":"2025-12-27T00:30:14","slug":"nuoret-leijonat-tyylitteli-mm-avauksessa-6-2-voiton-tanskasta-yle-seuraa-yle","status":"publish","type":"post","link":"https:\/\/www.europesays.com\/fi\/126678\/","title":{"rendered":"Nuoret Leijonat tyylitteli MM-avauksessa 6\u20132-voiton Tanskasta \u2013 Yle seuraa &#8211; Yle"},"content":{"rendered":"<ol>\n<li><a href=\"https:\/\/news.google.com\/rss\/articles\/CBMiQkFVX3lxTFA1VmY0MDcxVldMWjdZMnJHY0tZYUNYWDd5OUNjNWZOQkcybmlJMkhKakJqLXo1eWdTTktaVTFvQkpNdw?oc=5\" target=\"_blank\" rel=\"nofollow noopener\">Nuoret Leijonat tyylitteli MM-avauksessa 6\u20132-voiton Tanskasta \u2013 Yle seuraa<\/a>&nbsp;&nbsp;Yle<\/li>\n<li><a href=\"https:\/\/news.google.com\/rss\/articles\/CBMifkFVX3lxTFBhOE4tdGVwMmdPU282YWtoZTBpRGM4Y3dVcjhSSWd6OE1hellyNlRfUG5URnB5cXBiTDJXbjBwdVd0bmpUaHQzZXVrZVBmVzhubWg5M0Rpc1dnRG1FNzFQWHBjekdoQ0doOHU0ejY1bk5oUjdsM0tpam82WTVCZw?oc=5\" target=\"_blank\" rel=\"nofollow noopener\">Suomelle komea voitto MM-avauksessa!<\/a>&nbsp;&nbsp;Iltalehti<\/li>\n<li><a href=\"https:\/\/news.google.com\/rss\/articles\/CBMiX0FVX3lxTE53dEktc0oyd3Y5aUdDQWJWRldZcHg2VFJKQllOUGZ1RUdPVDFwbUxWUE1vbjBsbldob0s3ampmLVBoSFJpYXdmVzRzTzMxOHF4WF9iNEExVkNLeVBaUmpj?oc=5\" target=\"_blank\" rel=\"nofollow noopener\">Petteri Rimpinen, 19, t\u00e4r\u00e4ytt\u00e4\u00e4 suorat sanat Nuorten Leijonien surkeasta vastustajasta \u2013 MM-areenalla odotti outo n\u00e4ky<\/a>&nbsp;&nbsp;Ilta-Sanomat<\/li>\n<li><a href=\"https:\/\/news.google.com\/rss\/articles\/CBMigwJBVV95cUxNeEpCVzFhTXM5d0VSZVVQajRDcndZbTR5NnN4ai1LU2t1aDhBX2FrNHcxeG9uMHpTaXhLbG1LTHQ4YXBDZm9JWE1hOHNkbVVhY1RwLWxLOGtGdXZCMWtLOFNCU0dmNE9USjc2OXdEam1YLXgtSmlHUksxTmdGMXlVV1o3ZE9DdXI3SmVfOXZrNTh2UENhZVM2eTdYcXc1SDBnUUpIamVsd013cWw3SXpiN0lnR2R1eVZ2LWJ1OXhzTE9TQmx0R1k4Nk53XzhTRzdFMDJTdTBrZzJNeGxxRTdTbGNJX0piYm5YcnhmelVieThQRzc4MGw4QlMwTHVMTFgxUm5j?oc=5\" target=\"_blank\" rel=\"nofollow noopener\">Nuoret Leijonat n\u00e4ill\u00e4 kent\u00e4llisill\u00e4 MM-kisojen avausotteluun \u2013 Suomi\u2013Tanska perjantaina kello 22.30 TV5 ja HBO Max<\/a>&nbsp;&nbsp;Leijonat<\/li>\n<li><a href=\"https:\/\/news.google.com\/rss\/articles\/CBMiZkFVX3lxTFBzamNCQnJiekZFaUIxcnF6UXNXN3lCOWFrd2haSlRKemQwaGF5SjJxdWVNaTRYNlpDbzdTZktqdXR1aV85R0JOcHFwWFdBZFNXTWVXcC1oeG9fbm9xMkZmUEdfMG1Ndw?oc=5\" target=\"_blank\" rel=\"nofollow noopener\">Seuranta | Nuoret Leijonat avasi MM-turnauksen voitolla \u2013 Suvanto teki Suomelle maalin<\/a>&nbsp;&nbsp;Aamulehti<\/li>\n<\/ol>\n","protected":false},"excerpt":{"rendered":"Nuoret Leijonat tyylitteli MM-avauksessa 6\u20132-voiton Tanskasta \u2013 Yle seuraa&nbsp;&nbsp;Yle Suomelle komea voitto MM-avauksessa!&nbsp;&nbsp;Iltalehti Petteri Rimpinen, 19, t\u00e4r\u00e4ytt\u00e4\u00e4 suorat&hellip;\n","protected":false},"author":2,"featured_media":126679,"comment_status":"","ping_status":"","sticky":false,"template":"","format":"standard","meta":{"footnotes":""},"categories":[158],"tags":[33,31,30,1143,22108,22107,159,2126,32,160],"class_list":{"0":"post-126678","1":"post","2":"type-post","3":"status-publish","4":"format-standard","5":"has-post-thumbnail","7":"category-urheilu","8":"tag-fi","9":"tag-finland","10":"tag-finnish","11":"tag-jaakiekko","12":"tag-jaakiekon-nuorten-mm-2026","13":"tag-jaakiekon-nuorten-mm-kisat","14":"tag-sports","15":"tag-suomen-alle-20-vuotiaiden-jaakiekkomaajoukkue","16":"tag-suomi","17":"tag-urheilu"},"share_on_mastodon":{"url":"https:\/\/pubeurope.com\/@fi\/115788711525724135","error":""},"_links":{"self":[{"href":"https:\/\/www.europesays.com\/fi\/wp-json\/wp\/v2\/posts\/126678","targetHints":{"allow":["GET"]}}],"collection":[{"href":"https:\/\/www.europesays.com\/fi\/wp-json\/wp\/v2\/posts"}],"about":[{"href":"https:\/\/www.europesays.com\/fi\/wp-json\/wp\/v2\/types\/post"}],"author":[{"embeddable":true,"href":"https:\/\/www.europesays.com\/fi\/wp-json\/wp\/v2\/users\/2"}],"replies":[{"embeddable":true,"href":"https:\/\/www.europesays.com\/fi\/wp-json\/wp\/v2\/comments?post=126678"}],"version-history":[{"count":0,"href":"https:\/\/www.europesays.com\/fi\/wp-json\/wp\/v2\/posts\/126678\/revisions"}],"wp:featuredmedia":[{"embeddable":true,"href":"https:\/\/www.europesays.com\/fi\/wp-json\/wp\/v2\/media\/126679"}],"wp:attachment":[{"href":"https:\/\/www.europesays.com\/fi\/wp-json\/wp\/v2\/media?parent=126678"}],"wp:term":[{"taxonomy":"category","embeddable":true,"href":"https:\/\/www.europesays.com\/fi\/wp-json\/wp\/v2\/categories?post=126678"},{"taxonomy":"post_tag","embeddable":true,"href":"https:\/\/www.europesays.com\/fi\/wp-json\/wp\/v2\/tags?post=126678"}],"curies":[{"name":"wp","href":"https:\/\/api.w.org\/{rel}","templated":true}]}}