{"id":126682,"date":"2025-12-27T00:35:16","date_gmt":"2025-12-27T00:35:16","guid":{"rendered":"https:\/\/www.europesays.com\/fi\/126682\/"},"modified":"2025-12-27T00:35:16","modified_gmt":"2025-12-27T00:35:16","slug":"ukraina-sanoo-iskeneensa-venalaiseen-oljynjalostamoon-brittiohjuksilla","status":"publish","type":"post","link":"https:\/\/www.europesays.com\/fi\/126682\/","title":{"rendered":"Ukraina sanoo iskeneens\u00e4 ven\u00e4l\u00e4iseen \u00f6ljynjalostamoon brittiohjuksilla"},"content":{"rendered":"<p>&#13;<br \/>\n        &#13;<br \/>\n&#13;<br \/>\n        &#13;<\/p>\n<p>            <a href=\"https:\/\/www.sss.fi\/wp-content\/uploads\/2025\/12\/20251226041248-PhPBx52xB1Y.jpg\" data-caption=\"Ukraina on k\u00e4ytt\u00e4nyt brittil\u00e4isi\u00e4 ohjuksia iskuihin Ven\u00e4j\u00e4n alueella sijaitseviin kohteisiin my\u00f6s aiemmin. LEHTIKUVA\/AFP\" rel=\"nofollow noopener\" target=\"_blank\"><img loading=\"lazy\" decoding=\"async\" width=\"696\" height=\"464\" class=\"entry-thumb td-modal-image\" src=\"https:\/\/www.europesays.com\/fi\/wp-content\/uploads\/2025\/12\/20251226041248-PhPBx52xB1Y-696x464.jpg\"   alt=\"Ukraina on k\u00e4ytt\u00e4nyt brittil\u00e4isi\u00e4 ohjuksia iskuihin Ven\u00e4j\u00e4n alueella sijaitseviin kohteisiin my\u00f6s aiemmin. LEHTIKUVA\/AFP\" title=\"Ukraina on k\u00e4ytt\u00e4nyt brittil\u00e4isi\u00e4 ohjuksia iskuihin Ven\u00e4j\u00e4n alueella sijaitseviin kohteisiin my\u00f6s aiemmin. LEHTIKUVA\/AFP\"\/><\/a>Ukraina on k\u00e4ytt\u00e4nyt brittil\u00e4isi\u00e4 ohjuksia iskuihin Ven\u00e4j\u00e4n alueella sijaitseviin kohteisiin my\u00f6s aiemmin. LEHTIKUVA\/AFP<\/p>\n<p>Ukrainan asevoimat sanoo k\u00e4ytt\u00e4neens\u00e4 brittil\u00e4isi\u00e4 Storm Shadow -ohjuksia ven\u00e4l\u00e4iseen \u00f6ljynjalostamoon tekem\u00e4ss\u00e4\u00e4n hy\u00f6kk\u00e4yksess\u00e4.<\/p>\n<p>Ukrainan asevoimien yleisesikunta sanoo sosiaalisen median p\u00e4ivityksess\u00e4, ett\u00e4 ohjukset osuivat Novoshakhtinskin jalostamoon. Yleisesikunnan mukaan alueella kuultiin lukuisia r\u00e4j\u00e4hdyksi\u00e4.<\/p>\n<p>\u2013\u2009Ukrainan asevoimien ilmavoimien yksik\u00f6t iskiv\u00e4t onnistuneesti Ven\u00e4j\u00e4n federaation Rostovin alueella sijaitsevaan Novoshakhtinskin \u00f6ljytuotantolaitokseen ilmasta laukaistavilla Storm Shadow -risteilyohjuksilla, asevoimien p\u00e4ivityksess\u00e4 sanottiin.<\/p>\n<p>Ukrainalaismedia Kyiv Independent <a href=\"https:\/\/kyivindependent.com\/ukrainian-forces-strike-oil-refinery-in-russias-rostov-oblast-with-storm-shadow-missiles-general-staff-says\/\" rel=\"nofollow noopener\" target=\"_blank\">kertoi <\/a>torstaina, ett\u00e4 paikallisten viranomaisten mukaan iskussa ei kuollut kukaan. Yksi palomies loukkaantui palon sammuttamisen yhteydess\u00e4, ja h\u00e4net kuljetettiin jatkohoitoon sairaalaan.<\/p>\n<p>Ukraina on k\u00e4ytt\u00e4nyt brittil\u00e4isi\u00e4 ohjuksia iskuihin Ven\u00e4j\u00e4n alueella sijaitseviin kohteisiin my\u00f6s aiemmin.<\/p>\n<p>Ukrainan asevoimien mukaan Novoshakhtinskin \u00f6ljynjalostamo on yksi Etel\u00e4-Ven\u00e4j\u00e4n t\u00e4rkeimmist\u00e4 polttoainetoimittajista.<\/p>\n<p>        &#13;<br \/>\n&#13;<br \/>\n        &#13;<br \/>\n                        &#13;<br \/>\n            &#13;<br \/>\n&#13;<br \/>\n                                                        &#13;<br \/>\n&#13;<\/p>\n","protected":false},"excerpt":{"rendered":"&#13; &#13; &#13; &#13; Ukraina on k\u00e4ytt\u00e4nyt brittil\u00e4isi\u00e4 ohjuksia iskuihin Ven\u00e4j\u00e4n alueella sijaitseviin kohteisiin my\u00f6s aiemmin. LEHTIKUVA\/AFP Ukrainan&hellip;\n","protected":false},"author":2,"featured_media":126683,"comment_status":"","ping_status":"","sticky":false,"template":"","format":"standard","meta":{"footnotes":""},"categories":[14],"tags":[22,23,26,27,33,31,30,17,24,25,28,29,15,18,21,32,19,20,56,16,59,60,61],"class_list":{"0":"post-126682","1":"post","2":"type-post","3":"status-publish","4":"format-standard","5":"has-post-thumbnail","7":"category-ulkomaat","8":"tag-breaking-news","9":"tag-breakingnews","10":"tag-featured-news","11":"tag-featurednews","12":"tag-fi","13":"tag-finland","14":"tag-finnish","15":"tag-headlines","16":"tag-latest-news","17":"tag-latestnews","18":"tag-main-news","19":"tag-mainnews","20":"tag-news","21":"tag-otsikot","22":"tag-paauutiset","23":"tag-suomi","24":"tag-top-stories","25":"tag-topstories","26":"tag-ulkomaat","27":"tag-uutiset","28":"tag-world","29":"tag-world-news","30":"tag-worldnews"},"share_on_mastodon":{"url":"https:\/\/pubeurope.com\/@fi\/115788731268714563","error":""},"_links":{"self":[{"href":"https:\/\/www.europesays.com\/fi\/wp-json\/wp\/v2\/posts\/126682","targetHints":{"allow":["GET"]}}],"collection":[{"href":"https:\/\/www.europesays.com\/fi\/wp-json\/wp\/v2\/posts"}],"about":[{"href":"https:\/\/www.europesays.com\/fi\/wp-json\/wp\/v2\/types\/post"}],"author":[{"embeddable":true,"href":"https:\/\/www.europesays.com\/fi\/wp-json\/wp\/v2\/users\/2"}],"replies":[{"embeddable":true,"href":"https:\/\/www.europesays.com\/fi\/wp-json\/wp\/v2\/comments?post=126682"}],"version-history":[{"count":0,"href":"https:\/\/www.europesays.com\/fi\/wp-json\/wp\/v2\/posts\/126682\/revisions"}],"wp:featuredmedia":[{"embeddable":true,"href":"https:\/\/www.europesays.com\/fi\/wp-json\/wp\/v2\/media\/126683"}],"wp:attachment":[{"href":"https:\/\/www.europesays.com\/fi\/wp-json\/wp\/v2\/media?parent=126682"}],"wp:term":[{"taxonomy":"category","embeddable":true,"href":"https:\/\/www.europesays.com\/fi\/wp-json\/wp\/v2\/categories?post=126682"},{"taxonomy":"post_tag","embeddable":true,"href":"https:\/\/www.europesays.com\/fi\/wp-json\/wp\/v2\/tags?post=126682"}],"curies":[{"name":"wp","href":"https:\/\/api.w.org\/{rel}","templated":true}]}}