{"id":126690,"date":"2025-12-27T00:57:11","date_gmt":"2025-12-27T00:57:11","guid":{"rendered":"https:\/\/www.europesays.com\/fi\/126690\/"},"modified":"2025-12-27T00:57:11","modified_gmt":"2025-12-27T00:57:11","slug":"yolla-tvssa-joulun-torkein-komedia-paatahti-oli-osan-kuvauksista-humalassa","status":"publish","type":"post","link":"https:\/\/www.europesays.com\/fi\/126690\/","title":{"rendered":"Y\u00f6ll\u00e4 tv:ss\u00e4: Joulun t\u00f6rkein komedia &#8211; p\u00e4\u00e4t\u00e4hti oli osan kuvauksista humalassa"},"content":{"rendered":"<p>Y\u00f6n tv-viihteess\u00e4 on elokuva Paha pukki (2003). Se on aikuiseen makuun sopiva, mustalla huumorilla ladattu mainio tarina.<\/p>\n<p>Elokuvassa omalaatuinen huijarikaksikko hy\u00f6dynt\u00e4\u00e4 joulupukin ja tontun rooleja tyhjent\u00e4\u00e4kseen tavaratalojen kassat aattona. Suunnitelmat saavat kuitenkin yll\u00e4tt\u00e4v\u00e4n k\u00e4\u00e4nteen, kun kuvioihin ilmestyy lapsi, joka alkaa sulattaa pukin kovaa kuorta.<\/p>\n<p><img loading=\"lazy\" height=\"616\" width=\"1118\" class=\"wp-image-173077 sp-no-webp perfmatters-lazy\" alt=\"\" decoding=\"async\" src=\"https:\/\/www.europesays.com\/fi\/wp-content\/uploads\/2025\/12\/udbr1gacld7611.jpg\"  data-\/> Billy Bob Thornton rullaportaissa.<\/p>\n<p>Lue my\u00f6s: <a href=\"https:\/\/www.episodi.fi\/uutiset\/tiesitko-tata-adrien-brody-luuli-olevansa-kehutun-sotaelokuvan-tahti-ensi-ilta-paljasti-karun-totuuden\/\" title=\"Tiesitk\u00f6 t\u00e4t\u00e4? Adrien Brody luuli olevansa kehutun sotaelokuvan t\u00e4hti \u2013 ensi-ilta paljasti karun totuuden\" class=\"underline-custom !font-montserrat !font-bold !underline-offset-4 !decoration-4 !decoration-episodi-blue !text-md\" rel=\"nofollow noopener\" target=\"_blank\">Tiesitk\u00f6 t\u00e4t\u00e4? Adrien Brody luuli olevansa kehutun sotaelokuvan t\u00e4hti \u2013 ensi-ilta paljasti karun totuuden<\/a><\/p>\n<p>Kerrottakoon, ett\u00e4 p\u00e4\u00e4osan esitt\u00e4j\u00e4 <strong>Billy Bob Thornton<\/strong> my\u00f6nsi olleensa osan aikaa kuvauksista oikeasti humalassa. H\u00e4n onnistui jopa sammumaan, kun rullaporraskohtausta kuvattiin.<\/p>\n<p>Ohjaajana <strong>Terry Zwigoff<\/strong>. N\u00e4yttelij\u00f6in\u00e4 Thorntonin lis\u00e4ksi <strong>Tony Cox, Brett Kelly, Bernie Mac, John Ritter, Lauren Graham, Lauren Tom <\/strong>sek\u00e4 <strong>Octavia Spencer<\/strong>.<\/p>\n<p>Elokuva on my\u00f6s SkyShowtimessa. Alla traileri.<\/p>\n<p>Tulevat l\u00e4hetykset:<\/p>\n<ul class=\"wp-block-list\">\n<li>La 27.12.2025 klo 00.25 \u00b7 STAR Channel<\/li>\n<li>Su 28.12.2025 klo 00.50 \u00b7 STAR Channel<\/li>\n<\/ul>\n<p>Lue my\u00f6s: <a href=\"https:\/\/www.episodi.fi\/uutiset\/episodin-joulukalenteri-2025-luukku-18-joulu-joulu-on-meilla\/\" title=\"Episodin joulukalenteri 2025: luukku 18 \u2013 joulu, joulu on meill\u00e4\" class=\"underline-custom !font-montserrat !font-bold !underline-offset-4 !decoration-4 !decoration-episodi-blue !text-md\" rel=\"nofollow noopener\" target=\"_blank\">Episodin joulukalenteri 2025: luukku 18 \u2013 joulu, joulu on meill\u00e4<\/a><\/p>\n<p>Lue my\u00f6s: <a href=\"https:\/\/www.episodi.fi\/uutiset\/nyt-skyshowtimessa-taylor-sheridanin-rajahtava-oljylankkari-landman-jatkuu\/\" title=\"Nyt SkyShowtimessa: Taylor Sheridanin r\u00e4j\u00e4ht\u00e4v\u00e4 \u00f6ljyl\u00e4nkk\u00e4ri Landman jatkuu\" class=\"underline-custom !font-montserrat !font-bold !underline-offset-4 !decoration-4 !decoration-episodi-blue !text-md\" rel=\"nofollow noopener\" target=\"_blank\">Nyt SkyShowtimessa: Taylor Sheridanin r\u00e4j\u00e4ht\u00e4v\u00e4 \u00f6ljyl\u00e4nkk\u00e4ri Landman jatkuu<\/a><\/p>\n<p>Lue my\u00f6s: <a href=\"https:\/\/www.episodi.fi\/uutiset\/247706\/\" title=\"Nyt suoratoistona: Shrek-hahmo loistaa omassa \u201dZorro\u201d-elokuvassaan \u2013 p\u00e4\u00e4si Oscar-ehdokkaaksi\" class=\"underline-custom !font-montserrat !font-bold !underline-offset-4 !decoration-4 !decoration-episodi-blue !text-md\" rel=\"nofollow noopener\" target=\"_blank\">Nyt suoratoistona: Shrek-hahmo loistaa omassa \u201dZorro\u201d-elokuvassaan \u2013 p\u00e4\u00e4si Oscar-ehdokkaaksi<\/a><\/p>\n<p><img loading=\"lazy\" decoding=\"async\" alt=\"YouTube video\" width=\"480\" height=\"360\" data-pin-nopin=\"true\" nopin=\"nopin\" class=\"perfmatters-lazy\" src=\"https:\/\/www.europesays.com\/fi\/wp-content\/uploads\/2025\/12\/1766797031_109_hqdefault.jpg\"\/><\/p>\n<p>L\u00e4hde: <a href=\"https:\/\/www.imdb.com\/title\/tt0307987\/trivia\/\" target=\"_blank\" rel=\"noreferrer noopener nofollow\">IMDb<\/a><\/p>\n<p>Lue my\u00f6s: <a href=\"https:\/\/www.episodi.fi\/uutiskirje\/?uutiskirjemainos=tekstilinkkimainos\" title=\"Tilaa Episodin uutiskirje ja voit voittaa leffalippuja! Nappaa tv-vinkit suoraan s\u00e4hk\u00f6postiin t\u00e4st\u00e4.\" class=\"underline-custom !font-montserrat !font-bold !underline-offset-4 !decoration-4 !decoration-episodi-blue !text-md\" rel=\"nofollow noopener\" target=\"_blank\">Tilaa Episodin uutiskirje ja voit voittaa leffalippuja! Nappaa katseluvinkit suoraan s\u00e4hk\u00f6postiin t\u00e4st\u00e4.<\/a><\/p>\n","protected":false},"excerpt":{"rendered":"Y\u00f6n tv-viihteess\u00e4 on elokuva Paha pukki (2003). Se on aikuiseen makuun sopiva, mustalla huumorilla ladattu mainio tarina. Elokuvassa&hellip;\n","protected":false},"author":2,"featured_media":126691,"comment_status":"","ping_status":"","sticky":false,"template":"","format":"standard","meta":{"footnotes":""},"categories":[130],"tags":[137,33,31,30,32,139,109],"class_list":{"0":"post-126690","1":"post","2":"type-post","3":"status-publish","4":"format-standard","5":"has-post-thumbnail","7":"category-viihde","8":"tag-entertainment","9":"tag-fi","10":"tag-finland","11":"tag-finnish","12":"tag-suomi","13":"tag-tv-ohjelmat","14":"tag-viihde"},"share_on_mastodon":{"url":"https:\/\/pubeurope.com\/@fi\/115788817750841005","error":""},"_links":{"self":[{"href":"https:\/\/www.europesays.com\/fi\/wp-json\/wp\/v2\/posts\/126690","targetHints":{"allow":["GET"]}}],"collection":[{"href":"https:\/\/www.europesays.com\/fi\/wp-json\/wp\/v2\/posts"}],"about":[{"href":"https:\/\/www.europesays.com\/fi\/wp-json\/wp\/v2\/types\/post"}],"author":[{"embeddable":true,"href":"https:\/\/www.europesays.com\/fi\/wp-json\/wp\/v2\/users\/2"}],"replies":[{"embeddable":true,"href":"https:\/\/www.europesays.com\/fi\/wp-json\/wp\/v2\/comments?post=126690"}],"version-history":[{"count":0,"href":"https:\/\/www.europesays.com\/fi\/wp-json\/wp\/v2\/posts\/126690\/revisions"}],"wp:featuredmedia":[{"embeddable":true,"href":"https:\/\/www.europesays.com\/fi\/wp-json\/wp\/v2\/media\/126691"}],"wp:attachment":[{"href":"https:\/\/www.europesays.com\/fi\/wp-json\/wp\/v2\/media?parent=126690"}],"wp:term":[{"taxonomy":"category","embeddable":true,"href":"https:\/\/www.europesays.com\/fi\/wp-json\/wp\/v2\/categories?post=126690"},{"taxonomy":"post_tag","embeddable":true,"href":"https:\/\/www.europesays.com\/fi\/wp-json\/wp\/v2\/tags?post=126690"}],"curies":[{"name":"wp","href":"https:\/\/api.w.org\/{rel}","templated":true}]}}