{"id":126693,"date":"2025-12-27T01:02:08","date_gmt":"2025-12-27T01:02:08","guid":{"rendered":"https:\/\/www.europesays.com\/fi\/126693\/"},"modified":"2025-12-27T01:02:08","modified_gmt":"2025-12-27T01:02:08","slug":"hurja-ilta-ice-cagessa-theo-kolehmaiselta-ja-abdul-husseinilta-rajut-tyrmaykset","status":"publish","type":"post","link":"https:\/\/www.europesays.com\/fi\/126693\/","title":{"rendered":"Hurja ilta Ice Cagessa! Theo Kolehmaiselta ja Abdul Husseinilta rajut tyrm\u00e4ykset"},"content":{"rendered":"<p>Metro-areenan p\u00e4\u00e4otteluissa n\u00e4htiin kotih\u00e4kin espoolaisottelijat, jotka juhlivat voittoja tyrm\u00e4yksill\u00e4.<\/p>\n<p>26.12. 23:47<\/p>\n<p class=\"article-body mb-nof-24 px-nof-16\">Ice Cage Fightingin kuudennen kamppailuillan p\u00e4\u00e4ottelu Espoon Metro-areenassa p\u00e4\u00e4ttyi <a class=\"article-personlink\" href=\"https:\/\/www.is.fi\/haku\/?query=Abdul%20Husseinin\" rel=\"nofollow noopener\" target=\"_blank\">Abdul Husseinin<\/a> voittoon heti ensimm\u00e4isess\u00e4 er\u00e4ss\u00e4.<\/p>\n<p class=\"article-body mb-nof-24 px-nof-16\">Hussein tyrm\u00e4si UFC-veteraani <a class=\"article-personlink\" href=\"https:\/\/www.is.fi\/haku\/?query=Tyson%20Namin\" rel=\"nofollow noopener\" target=\"_blank\">Tyson Namin<\/a> oikealla nyrkill\u00e4\u00e4n.<\/p>\n<p><img decoding=\"async\" src=\"https:\/\/www.europesays.com\/fi\/wp-content\/uploads\/2025\/12\/1766797328_287_468.jpg\" alt=\"Abdul Hussein juhli voittoa.\" class=\"_Img_1rerz_1\" style=\"aspect-ratio:1.5\" loading=\"eager\"\/><\/p>\n<p class=\"article-picture-caption\">Abdul Hussein juhli voittoa. Kuva:\u00a0Lassi Rinne<\/p>\n<p class=\"article-body mb-nof-24 px-nof-16\">Hussein sai voitostaan Ice Cagen mestaruusvy\u00f6n k\u00e4\u00e4pi\u00f6sarjassa. Mestaruusottelu oli organisaation historian toinen. K\u00e4\u00e4pi\u00f6sarjassa ei Ice Cagessa oltu aiemmin edes oteltu.<\/p>\n<p class=\"article-body mb-nof-24 px-nof-16\">UFC:hen hamuavan Espoon Keh\u00e4haiden Husseinin, 28, ammattilaisuran saldo on nyt 15 voittoa ja kaksi tappiota.<\/p>\n<p class=\"article-body mb-nof-24 px-nof-16\"><a class=\"article-personlink\" href=\"https:\/\/www.is.fi\/haku\/?query=Theo%20Kolehmainen\" rel=\"nofollow noopener\" target=\"_blank\">Theo Kolehmainen<\/a> puolestaan tyrm\u00e4si raumalaisen <a class=\"article-personlink\" href=\"https:\/\/www.is.fi\/haku\/?query=Toni%20Lampisen\" rel=\"nofollow noopener\" target=\"_blank\">Toni Lampisen<\/a> toisen p\u00e4\u00e4ottelun ensimm\u00e4isess\u00e4 er\u00e4ss\u00e4.<\/p>\n<p class=\"article-body mb-nof-24 px-nof-16\">Voiton kunniaksi areenassa raikasi Bluesin ja Kiekko-Espoon maalibiisin\u00e4 tunnettu Baha Menin Who Let The Dogs Out.<\/p>\n<p class=\"article-body mb-nof-24 px-nof-16\">Voitto oli Kolehmaisen, 25, ammattilaisuran kolmas. H\u00e4n otti heti debyyttivuonnaan 2025 nelj\u00e4 ottelua, joista kolme Ice Cagessa ja yhden turkulaisen Hamara MMA -promootion illassa.<\/p>\n","protected":false},"excerpt":{"rendered":"Metro-areenan p\u00e4\u00e4otteluissa n\u00e4htiin kotih\u00e4kin espoolaisottelijat, jotka juhlivat voittoja tyrm\u00e4yksill\u00e4. 26.12. 23:47 Ice Cage Fightingin kuudennen kamppailuillan p\u00e4\u00e4ottelu Espoon&hellip;\n","protected":false},"author":2,"featured_media":126694,"comment_status":"","ping_status":"","sticky":false,"template":"","format":"standard","meta":{"footnotes":""},"categories":[12],"tags":[22,23,26,27,33,31,30,17,34,24,25,28,29,15,18,21,32,19,20,16],"class_list":{"0":"post-126693","1":"post","2":"type-post","3":"status-publish","4":"format-standard","5":"has-post-thumbnail","7":"category-suomi","8":"tag-breaking-news","9":"tag-breakingnews","10":"tag-featured-news","11":"tag-featurednews","12":"tag-fi","13":"tag-finland","14":"tag-finnish","15":"tag-headlines","16":"tag-ilta-sanomat","17":"tag-latest-news","18":"tag-latestnews","19":"tag-main-news","20":"tag-mainnews","21":"tag-news","22":"tag-otsikot","23":"tag-paauutiset","24":"tag-suomi","25":"tag-top-stories","26":"tag-topstories","27":"tag-uutiset"},"share_on_mastodon":{"url":"https:\/\/pubeurope.com\/@fi\/115788837449497973","error":""},"_links":{"self":[{"href":"https:\/\/www.europesays.com\/fi\/wp-json\/wp\/v2\/posts\/126693","targetHints":{"allow":["GET"]}}],"collection":[{"href":"https:\/\/www.europesays.com\/fi\/wp-json\/wp\/v2\/posts"}],"about":[{"href":"https:\/\/www.europesays.com\/fi\/wp-json\/wp\/v2\/types\/post"}],"author":[{"embeddable":true,"href":"https:\/\/www.europesays.com\/fi\/wp-json\/wp\/v2\/users\/2"}],"replies":[{"embeddable":true,"href":"https:\/\/www.europesays.com\/fi\/wp-json\/wp\/v2\/comments?post=126693"}],"version-history":[{"count":0,"href":"https:\/\/www.europesays.com\/fi\/wp-json\/wp\/v2\/posts\/126693\/revisions"}],"wp:featuredmedia":[{"embeddable":true,"href":"https:\/\/www.europesays.com\/fi\/wp-json\/wp\/v2\/media\/126694"}],"wp:attachment":[{"href":"https:\/\/www.europesays.com\/fi\/wp-json\/wp\/v2\/media?parent=126693"}],"wp:term":[{"taxonomy":"category","embeddable":true,"href":"https:\/\/www.europesays.com\/fi\/wp-json\/wp\/v2\/categories?post=126693"},{"taxonomy":"post_tag","embeddable":true,"href":"https:\/\/www.europesays.com\/fi\/wp-json\/wp\/v2\/tags?post=126693"}],"curies":[{"name":"wp","href":"https:\/\/api.w.org\/{rel}","templated":true}]}}