{"id":126695,"date":"2025-12-27T01:03:13","date_gmt":"2025-12-27T01:03:13","guid":{"rendered":"https:\/\/www.europesays.com\/fi\/126695\/"},"modified":"2025-12-27T01:03:13","modified_gmt":"2025-12-27T01:03:13","slug":"game-of-the-month-80s-ottelun-pelipaidat-nyt-huudettavana","status":"publish","type":"post","link":"https:\/\/www.europesays.com\/fi\/126695\/","title":{"rendered":"Game of The Month 80&#8217;s -ottelun pelipaidat nyt huudettavana"},"content":{"rendered":"<p>                        <a href=\"https:\/\/lh3.googleusercontent.com\/OAkjKSjPbscKcMAMyowfIWXVKdW6mqx7EvH0FKywZDhJuO3Wy8Ao86c2RJFMsgl8Itl2hbyDJ0U7t2wXJNK2BiUKx_dkKhsCurKFHLLj-BN_=s1600\" rel=\"lightbox[content] nofollow noopener\" title=\"\" target=\"_blank\"><\/p>\n<p>                        <img class=\"img-responsive\"  alt=\"\" onerror=\"this.style.display='none'\" style=\"max-width: 100%;\"\/><\/p>\n<p>                        <\/a><\/p>\n<p>Tappara k\u00e4ytti valkoisia paitoja perjantaina 26.12. Tappara\u2013Pelicans-ottelussa.<\/p>\n<p>Kauden nelj\u00e4nness\u00e4 Game of The Month -ottelussa joukkue pelasi 80-lukua kunnioittavilla pelipaidoilla. Pelipaidat olivat joukkueella k\u00e4yt\u00f6ss\u00e4 koko ottelun ajan ja ovat nyt huudettavissa Tapparan kauppapaikassa Huuto.netiss\u00e4.<\/p>\n<p>Game Worn (GW) merkityt paidat olivat k\u00e4yt\u00f6ss\u00e4 pelaajilla, jotka olivat kokoonpanossa. Game Issued (GI) merkityt paidat ovat pelaajien, jotka eiv\u00e4t olleet pelaavassa kokoonpanossa.<\/p>\n","protected":false},"excerpt":{"rendered":"Tappara k\u00e4ytti valkoisia paitoja perjantaina 26.12. Tappara\u2013Pelicans-ottelussa. Kauden nelj\u00e4nness\u00e4 Game of The Month -ottelussa joukkue pelasi 80-lukua kunnioittavilla&hellip;\n","protected":false},"author":2,"featured_media":126696,"comment_status":"","ping_status":"","sticky":false,"template":"","format":"standard","meta":{"footnotes":""},"categories":[5],"tags":[22,23,26,27,33,31,30,17,24,25,28,29,15,18,21,32,19,20,16],"class_list":{"0":"post-126695","1":"post","2":"type-post","3":"status-publish","4":"format-standard","5":"has-post-thumbnail","7":"category-otsikot","8":"tag-breaking-news","9":"tag-breakingnews","10":"tag-featured-news","11":"tag-featurednews","12":"tag-fi","13":"tag-finland","14":"tag-finnish","15":"tag-headlines","16":"tag-latest-news","17":"tag-latestnews","18":"tag-main-news","19":"tag-mainnews","20":"tag-news","21":"tag-otsikot","22":"tag-paauutiset","23":"tag-suomi","24":"tag-top-stories","25":"tag-topstories","26":"tag-uutiset"},"share_on_mastodon":{"url":"https:\/\/pubeurope.com\/@fi\/115788841168538718","error":""},"_links":{"self":[{"href":"https:\/\/www.europesays.com\/fi\/wp-json\/wp\/v2\/posts\/126695","targetHints":{"allow":["GET"]}}],"collection":[{"href":"https:\/\/www.europesays.com\/fi\/wp-json\/wp\/v2\/posts"}],"about":[{"href":"https:\/\/www.europesays.com\/fi\/wp-json\/wp\/v2\/types\/post"}],"author":[{"embeddable":true,"href":"https:\/\/www.europesays.com\/fi\/wp-json\/wp\/v2\/users\/2"}],"replies":[{"embeddable":true,"href":"https:\/\/www.europesays.com\/fi\/wp-json\/wp\/v2\/comments?post=126695"}],"version-history":[{"count":0,"href":"https:\/\/www.europesays.com\/fi\/wp-json\/wp\/v2\/posts\/126695\/revisions"}],"wp:featuredmedia":[{"embeddable":true,"href":"https:\/\/www.europesays.com\/fi\/wp-json\/wp\/v2\/media\/126696"}],"wp:attachment":[{"href":"https:\/\/www.europesays.com\/fi\/wp-json\/wp\/v2\/media?parent=126695"}],"wp:term":[{"taxonomy":"category","embeddable":true,"href":"https:\/\/www.europesays.com\/fi\/wp-json\/wp\/v2\/categories?post=126695"},{"taxonomy":"post_tag","embeddable":true,"href":"https:\/\/www.europesays.com\/fi\/wp-json\/wp\/v2\/tags?post=126695"}],"curies":[{"name":"wp","href":"https:\/\/api.w.org\/{rel}","templated":true}]}}