{"id":126701,"date":"2025-12-27T01:27:08","date_gmt":"2025-12-27T01:27:08","guid":{"rendered":"https:\/\/www.europesays.com\/fi\/126701\/"},"modified":"2025-12-27T01:27:08","modified_gmt":"2025-12-27T01:27:08","slug":"zelenskyi-venaja-kayttaa-valko-venajan-alueita-ukrainan-puolustuksen-kiertamiseen-uutisia-lyhyesti","status":"publish","type":"post","link":"https:\/\/www.europesays.com\/fi\/126701\/","title":{"rendered":"Zelenskyi: Ven\u00e4j\u00e4 k\u00e4ytt\u00e4\u00e4 Valko-Ven\u00e4j\u00e4n alueita Ukrainan puolustuksen kiert\u00e4miseen | Uutisia lyhyesti"},"content":{"rendered":"<p class=\"aw-1gybjub aw-5vja16 kEtdKx kmuxyA yle__article__paragraph\">Presidentti Zelenskyin mukaan Ukrainan tiedustelu on havainnut, ett\u00e4 Valko-Ven\u00e4j\u00e4n rajaseuduilla sijoitetaan sotilaskalustoa muun muassa asuin\u00adrakennuksiin.<\/p>\n<p><img decoding=\"async\" alt=\"Ukrainan presidentti Volodymyr Zelenskyi.\" src=\"https:\/\/www.europesays.com\/fi\/wp-content\/uploads\/2025\/12\/39-1574337694bcccd92ab4.jpeg\" class=\"aw-1l9m598 hKVVvP\"\/><\/p>\n<p>Avaa kuvien katselu<\/p>\n<p>Arkistokuva. Presidentti Volodymyr Zelenskyi kuvattuna Varsovassa, Puolassa 19. joulukuuta 2025. Kuva: Artur Widak \/ NurPhoto \/ Shutterstock<\/p>\n<p class=\"aw-1gybjub aw-1p7kakr kEtdKx cEmitX yle__article__paragraph\">Ukrainan presidentti <strong class=\"aw-ak79eh KyCXm yle__article__strong\">Volodymyr Zelenskyi<\/strong> sanoo, ett\u00e4 Ven\u00e4j\u00e4 k\u00e4ytt\u00e4\u00e4 tavallisia kerrostaloja liittolaisensa Valko-Ven\u00e4j\u00e4n alueella hy\u00f6k\u00e4t\u00e4kseen ukrainalaisiin kohteisiin ja kiert\u00e4\u00e4kseen Ukrainan puolustusta.<\/p>\n<p class=\"aw-1gybjub aw-1p7kakr kEtdKx cEmitX yle__article__paragraph\">Ven\u00e4j\u00e4n hallinto k\u00e4ytti Valko-Ven\u00e4j\u00e4n aluetta k\u00e4ynnist\u00e4\u00e4kseen helmikuun 2022 hy\u00f6kk\u00e4yksens\u00e4. Valko-Ven\u00e4j\u00e4 on edelleen Ven\u00e4j\u00e4n vankkumaton liittolainen, vaikka pitk\u00e4aikainen presidentti <strong class=\"aw-ak79eh KyCXm yle__article__strong\">Aljaksandr Luka\u0161enka<\/strong> on luvannut olla l\u00e4hett\u00e4m\u00e4tt\u00e4 joukkoja konfliktiin.<\/p>\n<p class=\"aw-1gybjub aw-1p7kakr kEtdKx cEmitX yle__article__paragraph\">\u2013 Olemme huomanneet, ett\u00e4 ven\u00e4l\u00e4iset yritt\u00e4v\u00e4t kiert\u00e4\u00e4 puolustukselliset torjuntaj\u00e4rjestelm\u00e4mme naapurimaamme Valko-Ven\u00e4j\u00e4n alueen kautta. T\u00e4m\u00e4 on riskialtista Valko-Ven\u00e4j\u00e4lle, Zelenskyi kirjoitti viestipalvelu Telegramissa kokoustettuaan Ukrainan sotilasjohdon kanssa perjantaina.<\/p>\n<p class=\"aw-1gybjub aw-1p7kakr kEtdKx cEmitX yle__article__paragraph\">\u2013 On valitettavaa, ett\u00e4 Valko-Ven\u00e4j\u00e4 luopuu itsen\u00e4isyydest\u00e4\u00e4n Ven\u00e4j\u00e4n aggressiivisten tavoitteiden hyv\u00e4ksi, Zelenskyi lis\u00e4si.<\/p>\n<p class=\"aw-1gybjub aw-1p7kakr kEtdKx cEmitX yle__article__paragraph\">Zelenskyin mukaan Ukrainan tiedustelu on havainnut, ett\u00e4 Valko-Ven\u00e4j\u00e4 sijoittaa sotilaskalustoa toteuttaakseen iskuja rajaseuduilla sijaitsevista asutuksista, mukaan lukien asuinrakennuksista.<\/p>\n<p class=\"aw-1gybjub aw-1p7kakr kEtdKx cEmitX yle__article__paragraph\">\u2013 T\u00e4m\u00e4 osoittaa t\u00e4ydellist\u00e4 piittaamattomuutta ihmishenki\u00e4 kohtaan, ja on t\u00e4rke\u00e4\u00e4, ett\u00e4 Minsk lopettaa t\u00e4m\u00e4n leikin, Zelenskyi sanoi.<\/p>\n<p class=\"aw-1gybjub aw-1p7kakr kEtdKx cEmitX yle__article__paragraph\">Uutistoimisto Reutersin mukaan Ven\u00e4j\u00e4n ja Valko-Ven\u00e4j\u00e4n puolustusministeri\u00f6t eiv\u00e4t heti vastanneet kommenttipyynt\u00f6ihin asiassa.<\/p>\n<p>Ukraina pyrkii uudistamaan ilmatorjuntastrategiaa<\/p>\n<p class=\"aw-1gybjub aw-1p7kakr kEtdKx cEmitX yle__article__paragraph\">Zelenskyi kertoi, ett\u00e4 kokouksessa keskusteltiin my\u00f6s torjuntalennokkien rahoituksesta. Ukrainalaisten viranomaisten mukaan ne ovat taloudellisesti tehokkain tapa torjua Ven\u00e4j\u00e4n lennokki-iskuja, jotka ovat lis\u00e4\u00e4ntyneet viime kuukausien aikana.<\/p>\n<p class=\"aw-1gybjub aw-1p7kakr kEtdKx cEmitX yle__article__paragraph\">Zelenskyin mukaan Ukrainan sotilasjohto on saanut teht\u00e4v\u00e4kseen laatia muutoksia strategiaan ilmahy\u00f6kk\u00e4ysten torjumiseksi, jotta infrastruktuuria ja etulinjan asemia saadaan puolustettua.<\/p>\n<p class=\"aw-1gybjub aw-1p7kakr kEtdKx cEmitX yle__article__paragraph\">Luka\u0161enka sanoi joulukuussa, ett\u00e4 Ven\u00e4j\u00e4n ballistinen Ore\u0161nik-ohjusj\u00e4rjestelm\u00e4, jota presidentti <strong class=\"aw-ak79eh KyCXm yle__article__strong\">Vladimir Putin<\/strong> on kuvannut mahdottomaksi torjua, on sijoitettu Valko-Ven\u00e4j\u00e4lle ja otettu aktiiviseen k\u00e4ytt\u00f6\u00f6n.<\/p>\n<p class=\"aw-1gybjub aw-1p7kakr kEtdKx cEmitX yle__article__paragraph\">Reuters kertoi perjantaina, ett\u00e4 kahden yhdysvaltalaisen asiantuntijan mukaan Ven\u00e4j\u00e4 todenn\u00e4k\u00f6isesti sijoittaa Ore\u0161nik-j\u00e4rjestelm\u00e4n entiseen lentotukikohtaan Valko-Ven\u00e4j\u00e4n it\u00e4osiin. T\u00e4m\u00e4 ratkaisu voisi vahvistaa Ven\u00e4j\u00e4n kyky\u00e4 laukaista ohjuksia halki Euroopan.<\/p>\n<p class=\"aw-1gybjub aw-1p7kakr kEtdKx cEmitX yle__article__paragraph\">L\u00e4hde: Reuters<\/p>\n","protected":false},"excerpt":{"rendered":"Presidentti Zelenskyin mukaan Ukrainan tiedustelu on havainnut, ett\u00e4 Valko-Ven\u00e4j\u00e4n rajaseuduilla sijoitetaan sotilaskalustoa muun muassa asuin\u00adrakennuksiin. Avaa kuvien katselu&hellip;\n","protected":false},"author":2,"featured_media":126702,"comment_status":"","ping_status":"","sticky":false,"template":"","format":"standard","meta":{"footnotes":""},"categories":[14],"tags":[13258,804,22,23,26,27,33,31,30,17,4258,24,25,28,29,15,18,21,32,19,20,1303,56,16,3194,547,987,3963,59,60,61],"class_list":{"0":"post-126701","1":"post","2":"type-post","3":"status-publish","4":"format-standard","5":"has-post-thumbnail","7":"category-ulkomaat","8":"tag-aljaksandr-lukasenka","9":"tag-aseelliset-konfliktit","10":"tag-breaking-news","11":"tag-breakingnews","12":"tag-featured-news","13":"tag-featurednews","14":"tag-fi","15":"tag-finland","16":"tag-finnish","17":"tag-headlines","18":"tag-konfliktit","19":"tag-latest-news","20":"tag-latestnews","21":"tag-main-news","22":"tag-mainnews","23":"tag-news","24":"tag-otsikot","25":"tag-paauutiset","26":"tag-suomi","27":"tag-top-stories","28":"tag-topstories","29":"tag-ukraina","30":"tag-ulkomaat","31":"tag-uutiset","32":"tag-valko-venaja","33":"tag-venaja","34":"tag-venajan-hyokkays","35":"tag-volodymyr-zelenskyi","36":"tag-world","37":"tag-world-news","38":"tag-worldnews"},"share_on_mastodon":{"url":"https:\/\/pubeurope.com\/@fi\/115788935742919575","error":""},"_links":{"self":[{"href":"https:\/\/www.europesays.com\/fi\/wp-json\/wp\/v2\/posts\/126701","targetHints":{"allow":["GET"]}}],"collection":[{"href":"https:\/\/www.europesays.com\/fi\/wp-json\/wp\/v2\/posts"}],"about":[{"href":"https:\/\/www.europesays.com\/fi\/wp-json\/wp\/v2\/types\/post"}],"author":[{"embeddable":true,"href":"https:\/\/www.europesays.com\/fi\/wp-json\/wp\/v2\/users\/2"}],"replies":[{"embeddable":true,"href":"https:\/\/www.europesays.com\/fi\/wp-json\/wp\/v2\/comments?post=126701"}],"version-history":[{"count":0,"href":"https:\/\/www.europesays.com\/fi\/wp-json\/wp\/v2\/posts\/126701\/revisions"}],"wp:featuredmedia":[{"embeddable":true,"href":"https:\/\/www.europesays.com\/fi\/wp-json\/wp\/v2\/media\/126702"}],"wp:attachment":[{"href":"https:\/\/www.europesays.com\/fi\/wp-json\/wp\/v2\/media?parent=126701"}],"wp:term":[{"taxonomy":"category","embeddable":true,"href":"https:\/\/www.europesays.com\/fi\/wp-json\/wp\/v2\/categories?post=126701"},{"taxonomy":"post_tag","embeddable":true,"href":"https:\/\/www.europesays.com\/fi\/wp-json\/wp\/v2\/tags?post=126701"}],"curies":[{"name":"wp","href":"https:\/\/api.w.org\/{rel}","templated":true}]}}