{"id":126703,"date":"2025-12-27T01:28:08","date_gmt":"2025-12-27T01:28:08","guid":{"rendered":"https:\/\/www.europesays.com\/fi\/126703\/"},"modified":"2025-12-27T01:28:08","modified_gmt":"2025-12-27T01:28:08","slug":"nimella-pekka-mervola-orpon-ja-purran-hallituksella-on-mennyt-kovin-kurjasti-paakirjoitus-mielipide","status":"publish","type":"post","link":"https:\/\/www.europesays.com\/fi\/126703\/","title":{"rendered":"Nimell\u00e4 Pekka Mervola | Orpon ja Purran hallituksella on mennyt kovin kurjasti | P\u00e4\u00e4kirjoitus &#038; mielipide"},"content":{"rendered":"<p>P<strong>etteri Orpon<\/strong> (kok.) hallitus nimettiin juhannusviikolla 2023. Sen hallitusohjelma alkoi kliseisell\u00e4 ja ylev\u00e4ll\u00e4 lauseella: \u201dHallituksen tavoitteena on vahva ja v\u00e4litt\u00e4v\u00e4 Suomi, joka p\u00e4rj\u00e4\u00e4 maailman myrskyiss\u00e4.\u201d<\/p>\n<p>Hallitus t\u00e4smensi tavoitettaan seuraavilla riveill\u00e4: \u201dHyvinvoinnin perusta on kest\u00e4v\u00e4 talous. Hallituksen t\u00e4rkein talouspoliittinen tavoite on saada aikaan kest\u00e4v\u00e4\u00e4 kasvua. Hallitus kuroo umpeen kuilua julkisen talouden tulojen ja menojen v\u00e4lill\u00e4 sek\u00e4 k\u00e4\u00e4nt\u00e4\u00e4 Suomen velkaantumisen laskuun.\u201d<\/p>\n<p><strong class=\"diks-storyline__impact\">Nyt kun hallituskauden<\/strong> puoliv\u00e4li on ylitetty, voi sanoa, ett\u00e4 hallitus ei ole onnistunut tavoitteissaan eik\u00e4 tule onnistumaankaan.<\/p>\n<p>Suomi on joutunut EU:n tarkkailuun.<\/p>\n","protected":false},"excerpt":{"rendered":"Petteri Orpon (kok.) hallitus nimettiin juhannusviikolla 2023. Sen hallitusohjelma alkoi kliseisell\u00e4 ja ylev\u00e4ll\u00e4 lauseella: \u201dHallituksen tavoitteena on vahva&hellip;\n","protected":false},"author":2,"featured_media":9457,"comment_status":"","ping_status":"","sticky":false,"template":"","format":"standard","meta":{"footnotes":""},"categories":[12],"tags":[22,23,1617,26,27,33,31,30,17,5856,24,25,28,29,3381,15,7187,18,21,637,885,887,32,19,20,16],"class_list":{"0":"post-126703","1":"post","2":"type-post","3":"status-publish","4":"format-standard","5":"has-post-thumbnail","7":"category-suomi","8":"tag-breaking-news","9":"tag-breakingnews","10":"tag-euroopan-unioni","11":"tag-featured-news","12":"tag-featurednews","13":"tag-fi","14":"tag-finland","15":"tag-finnish","16":"tag-headlines","17":"tag-joulu","18":"tag-latest-news","19":"tag-latestnews","20":"tag-main-news","21":"tag-mainnews","22":"tag-myrskyt","23":"tag-news","24":"tag-nimella","25":"tag-otsikot","26":"tag-paauutiset","27":"tag-politiikka","28":"tag-suomen-poliittiset-puolueet","29":"tag-suomen-politiikka","30":"tag-suomi","31":"tag-top-stories","32":"tag-topstories","33":"tag-uutiset"},"share_on_mastodon":{"url":"https:\/\/pubeurope.com\/@fi\/115788939540630262","error":""},"_links":{"self":[{"href":"https:\/\/www.europesays.com\/fi\/wp-json\/wp\/v2\/posts\/126703","targetHints":{"allow":["GET"]}}],"collection":[{"href":"https:\/\/www.europesays.com\/fi\/wp-json\/wp\/v2\/posts"}],"about":[{"href":"https:\/\/www.europesays.com\/fi\/wp-json\/wp\/v2\/types\/post"}],"author":[{"embeddable":true,"href":"https:\/\/www.europesays.com\/fi\/wp-json\/wp\/v2\/users\/2"}],"replies":[{"embeddable":true,"href":"https:\/\/www.europesays.com\/fi\/wp-json\/wp\/v2\/comments?post=126703"}],"version-history":[{"count":0,"href":"https:\/\/www.europesays.com\/fi\/wp-json\/wp\/v2\/posts\/126703\/revisions"}],"wp:featuredmedia":[{"embeddable":true,"href":"https:\/\/www.europesays.com\/fi\/wp-json\/wp\/v2\/media\/9457"}],"wp:attachment":[{"href":"https:\/\/www.europesays.com\/fi\/wp-json\/wp\/v2\/media?parent=126703"}],"wp:term":[{"taxonomy":"category","embeddable":true,"href":"https:\/\/www.europesays.com\/fi\/wp-json\/wp\/v2\/categories?post=126703"},{"taxonomy":"post_tag","embeddable":true,"href":"https:\/\/www.europesays.com\/fi\/wp-json\/wp\/v2\/tags?post=126703"}],"curies":[{"name":"wp","href":"https:\/\/api.w.org\/{rel}","templated":true}]}}