{"id":126704,"date":"2025-12-27T01:29:16","date_gmt":"2025-12-27T01:29:16","guid":{"rendered":"https:\/\/www.europesays.com\/fi\/126704\/"},"modified":"2025-12-27T01:29:16","modified_gmt":"2025-12-27T01:29:16","slug":"kahdeksan-auton-ketjukolari-lahdenvaylalla-hs-fi","status":"publish","type":"post","link":"https:\/\/www.europesays.com\/fi\/126704\/","title":{"rendered":"Kahdeksan auton ketjukolari Lahdenv\u00e4yl\u00e4ll\u00e4 | HS.fi"},"content":{"rendered":"<p>Liikenne|Onnettomuudessa oli osallisena yhteens\u00e4 17 ihmist\u00e4. Kolme vietiin sairaalaan.<\/p>\n<p>26.12. 15:55 | P\u00e4ivitetty 26.12. 16:14<\/p>\n<p class=\"article-body mb-nof-24 px-nof-16\">Vantaalla Lahdenv\u00e4yl\u00e4ll\u00e4 tapahtui tapaninp\u00e4iv\u00e4n\u00e4 kahdeksan auton ketjukolari.<\/p>\n<p class=\"article-body mb-nof-24 px-nof-16\">Onnettomuus tapahtui etel\u00e4n suuntaan kulkevilla kaistoilla Korson ja Koivukyl\u00e4n liittymien v\u00e4lill\u00e4. H\u00e4t\u00e4keskus sai tiedon onnettomuudesta noin kello 14.40.<\/p>\n<p class=\"article-body mb-nof-24 px-nof-16\">Pelastuslaitoksen mukaan onnettomuudessa oli osallisena yhteens\u00e4 17 ihmist\u00e4, joista kolme kuljetettiin sairaalaan.<\/p>\n<p class=\"article-body mb-nof-24 px-nof-16\">Liikenne ruuhkautui hetkeksi tiell\u00e4. Poliisi tutkii onnettomuutta.<\/p>\n","protected":false},"excerpt":{"rendered":"Liikenne|Onnettomuudessa oli osallisena yhteens\u00e4 17 ihmist\u00e4. Kolme vietiin sairaalaan. 26.12. 15:55 | P\u00e4ivitetty 26.12. 16:14 Vantaalla Lahdenv\u00e4yl\u00e4ll\u00e4 tapahtui&hellip;\n","protected":false},"author":2,"featured_media":96697,"comment_status":"","ping_status":"","sticky":false,"template":"","format":"standard","meta":{"footnotes":""},"categories":[5],"tags":[22,23,26,27,33,31,30,17,46,24,25,28,29,15,18,21,32,19,20,16],"class_list":{"0":"post-126704","1":"post","2":"type-post","3":"status-publish","4":"format-standard","5":"has-post-thumbnail","7":"category-otsikot","8":"tag-breaking-news","9":"tag-breakingnews","10":"tag-featured-news","11":"tag-featurednews","12":"tag-fi","13":"tag-finland","14":"tag-finnish","15":"tag-headlines","16":"tag-helsingin-sanomat","17":"tag-latest-news","18":"tag-latestnews","19":"tag-main-news","20":"tag-mainnews","21":"tag-news","22":"tag-otsikot","23":"tag-paauutiset","24":"tag-suomi","25":"tag-top-stories","26":"tag-topstories","27":"tag-uutiset"},"share_on_mastodon":{"url":"https:\/\/pubeurope.com\/@fi\/115788943433077337","error":""},"_links":{"self":[{"href":"https:\/\/www.europesays.com\/fi\/wp-json\/wp\/v2\/posts\/126704","targetHints":{"allow":["GET"]}}],"collection":[{"href":"https:\/\/www.europesays.com\/fi\/wp-json\/wp\/v2\/posts"}],"about":[{"href":"https:\/\/www.europesays.com\/fi\/wp-json\/wp\/v2\/types\/post"}],"author":[{"embeddable":true,"href":"https:\/\/www.europesays.com\/fi\/wp-json\/wp\/v2\/users\/2"}],"replies":[{"embeddable":true,"href":"https:\/\/www.europesays.com\/fi\/wp-json\/wp\/v2\/comments?post=126704"}],"version-history":[{"count":0,"href":"https:\/\/www.europesays.com\/fi\/wp-json\/wp\/v2\/posts\/126704\/revisions"}],"wp:featuredmedia":[{"embeddable":true,"href":"https:\/\/www.europesays.com\/fi\/wp-json\/wp\/v2\/media\/96697"}],"wp:attachment":[{"href":"https:\/\/www.europesays.com\/fi\/wp-json\/wp\/v2\/media?parent=126704"}],"wp:term":[{"taxonomy":"category","embeddable":true,"href":"https:\/\/www.europesays.com\/fi\/wp-json\/wp\/v2\/categories?post=126704"},{"taxonomy":"post_tag","embeddable":true,"href":"https:\/\/www.europesays.com\/fi\/wp-json\/wp\/v2\/tags?post=126704"}],"curies":[{"name":"wp","href":"https:\/\/api.w.org\/{rel}","templated":true}]}}