{"id":126710,"date":"2025-12-27T01:54:09","date_gmt":"2025-12-27T01:54:09","guid":{"rendered":"https:\/\/www.europesays.com\/fi\/126710\/"},"modified":"2025-12-27T01:54:09","modified_gmt":"2025-12-27T01:54:09","slug":"seppo-saarikoski-1942-2025-hs-fi","status":"publish","type":"post","link":"https:\/\/www.europesays.com\/fi\/126710\/","title":{"rendered":"Seppo Saarikoski 1942\u20132025 | HS.fi"},"content":{"rendered":"<p class=\"article-body mb-nof-24 px-nof-16\">Professori, l\u00e4\u00e4ketieteen ja kirurgian tohtori <a class=\"article-personlink\" href=\"https:\/\/www.hs.fi\/haku\/?query=Seppo%20Saarikoski\" rel=\"nofollow noopener\" target=\"_blank\">Seppo Saarikoski<\/a> kuoli Sein\u00e4joella 21. lokakuuta 2025. H\u00e4n oli 83-vuotias, syntynyt Nurmossa 21. tammikuuta 1942.<\/p>\n<p class=\"article-body mb-nof-24 px-nof-16\">Saarikoski kirjoitti ylioppilaaksi Sein\u00e4joen lukiosta 1961 ja valmistui l\u00e4\u00e4ketieteen lisensiaatiksi 1969. H\u00e4n erikoistui naistentauteihin ja synnytyksiin, v\u00e4itteli tohtoriksi Helsingin yliopistossa 1974 ja sai dosentin arvon 1977. H\u00e4net nimitettiin Kuopion yliopiston naistentautien ja synnytysten professoriksi 1982. T\u00e4ss\u00e4 teht\u00e4v\u00e4ss\u00e4 h\u00e4n toimi el\u00e4k\u00f6itymiseens\u00e4 vuoteen 2007 asti.<\/p>\n<p class=\"article-body mb-nof-24 px-nof-16\">L\u00e4\u00e4k\u00e4rin\u00e4 ja tutkijana Saarikoskessa yhdistyiv\u00e4t luonnontieteilij\u00e4n tarkkuus ja humanistin ymm\u00e4rrys; h\u00e4n oli sovitteleva ja kuunteleva ihminen. Saarikoski kannatti poikkitieteellist\u00e4 yhteisty\u00f6t\u00e4 ja oli mm. perustamassa sek\u00e4 johtamassa Kuopion Osteoporoositutkimusta vuodesta 1989 alkaen.<\/p>\n<p class=\"article-body mb-nof-24 px-nof-16\">V\u00e4it\u00f6skirjaohjaajana h\u00e4n oli kannustava ja rohkaiseva arvostaen ajattelun vapautta. H\u00e4n osallistui my\u00f6s useiden oppikirjojen kirjoittamiseen. H\u00e4nen oma tieteellinen ty\u00f6ns\u00e4 k\u00e4sitti yli 400 julkaisua, ja tutkimusaiheet ulottuivat synnytyksen riskitekij\u00f6ist\u00e4 siki\u00f6n hyvinvointiin, \u00e4itiyshuollon kehitt\u00e4miseen, l\u00e4\u00e4ketutkimuksiin ja osteoporoosiin.<\/p>\n<p class=\"article-body mb-nof-24 px-nof-16\">Saarikoski toimi monissa hallintoteht\u00e4viss\u00e4: h\u00e4n oli Kuopion yliopiston l\u00e4\u00e4ketieteellisen tiedekunnan dekaani 1991\u20131994 ja yliopiston vararehtori 1994\u20132007. H\u00e4n toimi my\u00f6s mm. seurakuntaty\u00f6ss\u00e4 sek\u00e4 1999\u20132001 Kuopion kaupunginhallituksen puheenjohtajana.<\/p>\n<p class=\"article-body mb-nof-24 px-nof-16\">Suomen Gynekologiyhdistyksen hallituksen j\u00e4senen\u00e4 ja puheenjohtajana h\u00e4n oli aktiivinen kansainv\u00e4lisess\u00e4 yhteisty\u00f6ss\u00e4 ja vaikutti keskeisesti erikoisl\u00e4\u00e4k\u00e4rikoulutuksen kehitt\u00e4miseen Suomessa. My\u00f6hemmin h\u00e4net nimitettiin yhdistyksen kunniaj\u00e4seneksi. Saarikoski oli aikaansa seuraava ja ennakkoluuloton \u2013 h\u00e4nen ajatuksistaan syntyi esimerkiksi Pohjois-Savossa jo yli 20 vuotta sitten Nettineuvola, s\u00e4hk\u00f6inen neuvolapalvelu aikana, jolloin sellainen tuntui viel\u00e4 utopialta.<\/p>\n<p class=\"article-body mb-nof-24 px-nof-16\">Seppo oli pes\u00e4pallon yst\u00e4v\u00e4 ja nuoruudessaan my\u00f6s itse lahjakas ja nopealiikkeinen urheilija. H\u00e4n pelasi mm. Nurmon Jymyss\u00e4 Suomen korkeimmalla sarjatasolla. Vahvasti etel\u00e4pohjalaisista juurista ponnistanut Seppo viihtyi pitk\u00e4\u00e4n Kuopiossa, mutta palasi el\u00e4kkeelle j\u00e4\u00e4ty\u00e4\u00e4n takaisin kotiseudulleen Nurmoon. H\u00e4n oli naimisissa Kirsti Saarikosken (o.s. Kajander) kanssa, ja perheeseen kuuluivat pojat Jarkko ja Turkka sek\u00e4 heid\u00e4n perheens\u00e4.<\/p>\n<p class=\"article-body mb-nof-24 px-nof-16\">Seppo muistetaan l\u00e4mpim\u00e4n\u00e4, perhekeskeisen\u00e4, oikeudenmukaisena ja rohkeana ihmisen\u00e4 \u2013 l\u00e4\u00e4k\u00e4rin\u00e4, opettajana ja yhteis\u00f6n rakentajana, joka teki ty\u00f6t\u00e4 syd\u00e4mest\u00e4\u00e4n ihmisten parhaaksi omaa itse\u00e4\u00e4n s\u00e4\u00e4stelem\u00e4tt\u00e4.<\/p>\n<p class=\"article-body mb-nof-24 px-nof-16\">Seppo Heinonen<\/p>\n<p class=\"article-body mb-nof-24 px-nof-16\">Matti Uusitupa<\/p>\n<p class=\"article-body mb-nof-24 px-nof-16\">Marjo Tuppurainen<\/p>\n<p class=\"article-body nof-ui-body-medium mb-nof-24 px-nof-16\">Seppo Saarikosken kollegoita<\/p>\n","protected":false},"excerpt":{"rendered":"Professori, l\u00e4\u00e4ketieteen ja kirurgian tohtori Seppo Saarikoski kuoli Sein\u00e4joella 21. lokakuuta 2025. H\u00e4n oli 83-vuotias, syntynyt Nurmossa 21.&hellip;\n","protected":false},"author":2,"featured_media":126711,"comment_status":"","ping_status":"","sticky":false,"template":"","format":"standard","meta":{"footnotes":""},"categories":[12],"tags":[22,23,26,27,33,31,30,17,46,24,25,28,29,15,18,21,32,19,20,16],"class_list":{"0":"post-126710","1":"post","2":"type-post","3":"status-publish","4":"format-standard","5":"has-post-thumbnail","7":"category-suomi","8":"tag-breaking-news","9":"tag-breakingnews","10":"tag-featured-news","11":"tag-featurednews","12":"tag-fi","13":"tag-finland","14":"tag-finnish","15":"tag-headlines","16":"tag-helsingin-sanomat","17":"tag-latest-news","18":"tag-latestnews","19":"tag-main-news","20":"tag-mainnews","21":"tag-news","22":"tag-otsikot","23":"tag-paauutiset","24":"tag-suomi","25":"tag-top-stories","26":"tag-topstories","27":"tag-uutiset"},"share_on_mastodon":{"url":"https:\/\/pubeurope.com\/@fi\/115789042630476308","error":""},"_links":{"self":[{"href":"https:\/\/www.europesays.com\/fi\/wp-json\/wp\/v2\/posts\/126710","targetHints":{"allow":["GET"]}}],"collection":[{"href":"https:\/\/www.europesays.com\/fi\/wp-json\/wp\/v2\/posts"}],"about":[{"href":"https:\/\/www.europesays.com\/fi\/wp-json\/wp\/v2\/types\/post"}],"author":[{"embeddable":true,"href":"https:\/\/www.europesays.com\/fi\/wp-json\/wp\/v2\/users\/2"}],"replies":[{"embeddable":true,"href":"https:\/\/www.europesays.com\/fi\/wp-json\/wp\/v2\/comments?post=126710"}],"version-history":[{"count":0,"href":"https:\/\/www.europesays.com\/fi\/wp-json\/wp\/v2\/posts\/126710\/revisions"}],"wp:featuredmedia":[{"embeddable":true,"href":"https:\/\/www.europesays.com\/fi\/wp-json\/wp\/v2\/media\/126711"}],"wp:attachment":[{"href":"https:\/\/www.europesays.com\/fi\/wp-json\/wp\/v2\/media?parent=126710"}],"wp:term":[{"taxonomy":"category","embeddable":true,"href":"https:\/\/www.europesays.com\/fi\/wp-json\/wp\/v2\/categories?post=126710"},{"taxonomy":"post_tag","embeddable":true,"href":"https:\/\/www.europesays.com\/fi\/wp-json\/wp\/v2\/tags?post=126710"}],"curies":[{"name":"wp","href":"https:\/\/api.w.org\/{rel}","templated":true}]}}