{"id":126712,"date":"2025-12-27T01:55:09","date_gmt":"2025-12-27T01:55:09","guid":{"rendered":"https:\/\/www.europesays.com\/fi\/126712\/"},"modified":"2025-12-27T01:55:09","modified_gmt":"2025-12-27T01:55:09","slug":"viranomaiset-kiova-on-venajan-mittavan-ilmaiskun-kohteena-uutiset","status":"publish","type":"post","link":"https:\/\/www.europesays.com\/fi\/126712\/","title":{"rendered":"Viranomaiset: Kiova on Ven\u00e4j\u00e4n mittavan ilmaiskun kohteena | Uutiset"},"content":{"rendered":"<p>      <a aria-disabled=\"false\" aria-busy=\"false\" href=\"#yle__contentAnchor\" class=\"ydscr__sc-17sr1bx-0 ydscr__sc-17sr1bx-2 kBPfWh gbyyfi\">Hypp\u00e4\u00e4 sis\u00e4lt\u00f6\u00f6n<\/a><a aria-disabled=\"false\" aria-busy=\"false\" href=\"#yle__contentAnchor\" class=\"ydscr__sc-17sr1bx-0 ydscr__sc-17sr1bx-2 nWLCX gbyyfi\">Hypp\u00e4\u00e4 sis\u00e4lt\u00f6\u00f6n<\/a><a href=\"https:\/\/yle.fi\/\" class=\"_1pvcnaa0 _15d48jz0 _15d48jz1 fck75q3\" data-testid=\"header-frontpage-link\" aria-label=\"Yle.fi etusivu\" lang=\"fi\" rel=\"nofollow noopener\" target=\"_blank\"><\/p>\n<p>Etusivu<\/p>\n<p><\/a><a class=\"_1ffsr5h1 eopu3j0\" href=\"https:\/\/yle.fi\/t\/18-334977\/fi\" lang=\"fi\" data-testid=\"header-bar-current-topic-link\" rel=\"nofollow noopener\" target=\"_blank\">Ven\u00e4j\u00e4n hy\u00f6kk\u00e4ys<\/a><a class=\"_1ffsr5h1 eopu3j0\" href=\"https:\/\/kaare.yle.fi\/\" lang=\"fi\" data-testid=\"header-bar-current-topic-link\" rel=\"nofollow noopener\" target=\"_blank\">Yle K\u00e4\u00e4re<\/a><a class=\"_1ffsr5h1 eopu3j0\" href=\"https:\/\/yle.fi\/a\/74-20131998\" lang=\"fi\" data-testid=\"header-bar-current-topic-link\" rel=\"nofollow noopener\" target=\"_blank\">Sanapyramidi<\/a><a href=\"https:\/\/haku.yle.fi\" data-testid=\"header-bar-search-link\" class=\"c63d5h1 fck75q3 eopu3j0\" aria-labelledby=\"header-2023-id-\u00abRii\u00bb-bar-item\" rel=\"nofollow noopener\" target=\"_blank\"><\/p>\n<p>Hae<\/p>\n<p><\/a><\/p>\n<p>Valikko<\/p>\n<ul class=\"bqq79o8 bqq79o0 bqq79o3\">\n<li>\n<p>Haemme s\u00e4\u00e4tietoja&#8230;<\/p>\n<\/li>\n<li><a class=\"_1bvm4mm2 eopu3j0\" href=\"https:\/\/haku.yle.fi\" rel=\"nofollow noopener\" target=\"_blank\">Hae Ylen sis\u00e4lt\u00f6j\u00e4<\/a><\/li>\n<li><a class=\"_1bvm4mm2 eopu3j0\" href=\"https:\/\/yle.fi\/a\/74-20031519\" data-testid=\"header-drawer-sendmedia-link\" rel=\"nofollow noopener\" target=\"_blank\">L\u00e4het\u00e4 uutiskuva tai \u2011video<\/a><\/li>\n<\/ul>\n<p id=\"header-2023-id-\u00abRnmi\u00bb-drawer-current-topics-title\" class=\"fck75q2\">Pinnalla nyt<\/p>\n<ul class=\"_1d856qp0\" id=\"header-2023-drawer-current-topics\" aria-labelledby=\"header-2023-id-\u00abRnmi\u00bb-drawer-current-topics-title\">\n<li class=\"_1d856qp1\"><a href=\"https:\/\/yle.fi\/t\/18-334977\/fi\" class=\"_1d856qp2 fck75q5 _15d48jz0\" data-testid=\"header-drawer-current-topic-link\" rel=\"nofollow noopener\" target=\"_blank\">Ven\u00e4j\u00e4n hy\u00f6kk\u00e4ys<\/a><\/li>\n<li class=\"_1d856qp1\"><a href=\"https:\/\/kaare.yle.fi\/\" class=\"_1d856qp2 fck75q5 _15d48jz0\" data-testid=\"header-drawer-current-topic-link\" rel=\"nofollow noopener\" target=\"_blank\">Yle K\u00e4\u00e4re<\/a><\/li>\n<li class=\"_1d856qp1\"><a href=\"https:\/\/yle.fi\/a\/74-20131998\" class=\"_1d856qp2 fck75q5 _15d48jz0\" data-testid=\"header-drawer-current-topic-link\" rel=\"nofollow noopener\" target=\"_blank\">Sanapyramidi<\/a><\/li>\n<li class=\"_1d856qp1\"><a href=\"https:\/\/yle.fi\/a\/74-20198947\" class=\"_1d856qp2 fck75q5 _15d48jz0\" data-testid=\"header-drawer-current-topic-link\" rel=\"nofollow noopener\" target=\"_blank\">Urheilustudion pipovisa<\/a><\/li>\n<\/ul>\n<ul class=\"bqq79o7 bqq79o0 bqq79o1\" id=\"header-2023-drawer-submenu\" style=\"--bqq79o6:6\">\n<li class=\"bqq79o3\"><a class=\"_1bvm4mm2 eopu3j0\" href=\"https:\/\/yle.fi\/\" data-testid=\"header-drawer-submenu-link\" rel=\"nofollow noopener\" target=\"_blank\">Etusivu<\/a><\/li>\n<li class=\"\"><a class=\"_1bvm4mm2 eopu3j0\" href=\"https:\/\/yle.fi\/uutiset\" lang=\"fi\" data-testid=\"header-drawer-submenu-link\" rel=\"nofollow noopener\" target=\"_blank\">Uutisia lyhyesti<\/a><\/li>\n<li class=\"\"><a class=\"_1bvm4mm2 eopu3j0\" href=\"https:\/\/yle.fi\/tuoreimmat\" lang=\"fi\" data-testid=\"header-drawer-submenu-link\" rel=\"nofollow noopener\" target=\"_blank\">Tuoreimmat<\/a><\/li>\n<li class=\"\"><a class=\"_1bvm4mm2 eopu3j0\" href=\"https:\/\/yle.fi\/urheilu\" lang=\"fi\" data-testid=\"header-drawer-submenu-link\" rel=\"nofollow noopener\" target=\"_blank\">Urheilu<\/a><\/li>\n<li class=\"\"><a class=\"_1bvm4mm2 eopu3j0\" href=\"https:\/\/yle.fi\/saa\" lang=\"fi\" data-testid=\"header-drawer-submenu-link\" rel=\"nofollow noopener\" target=\"_blank\">S\u00e4\u00e4<\/a><\/li>\n<li class=\"\"><a class=\"_1bvm4mm2 eopu3j0\" href=\"https:\/\/yle.fi\/uutiset\/paikallisuutiset\" lang=\"fi\" data-testid=\"header-drawer-submenu-link\" rel=\"nofollow noopener\" target=\"_blank\">Paikallisuutiset<\/a><\/li>\n<li class=\"\"><a class=\"_1bvm4mm2 eopu3j0\" href=\"https:\/\/yle.fi\/t\/18-34837\/fi\" lang=\"fi\" data-testid=\"header-drawer-submenu-link\" rel=\"nofollow noopener\" target=\"_blank\">Kotimaa<\/a><\/li>\n<li class=\"\"><a class=\"_1bvm4mm2 eopu3j0\" href=\"https:\/\/yle.fi\/t\/18-34953\/fi\" lang=\"fi\" data-testid=\"header-drawer-submenu-link\" rel=\"nofollow noopener\" target=\"_blank\">Ulkomaat<\/a><\/li>\n<li class=\"\"><a class=\"_1bvm4mm2 eopu3j0\" href=\"https:\/\/yle.fi\/t\/18-220306\/fi\" lang=\"fi\" data-testid=\"header-drawer-submenu-link\" rel=\"nofollow noopener\" target=\"_blank\">Politiikka<\/a><\/li>\n<li class=\"\"><a class=\"_1bvm4mm2 eopu3j0\" href=\"https:\/\/yle.fi\/t\/18-204933\/fi\" lang=\"fi\" data-testid=\"header-drawer-submenu-link\" rel=\"nofollow noopener\" target=\"_blank\">Talous<\/a><\/li>\n<li class=\"\"><a class=\"_1bvm4mm2 eopu3j0\" href=\"https:\/\/yle.fi\/kulttuuri\" lang=\"fi\" data-testid=\"header-drawer-submenu-link\" rel=\"nofollow noopener\" target=\"_blank\">Kulttuuri<\/a><\/li>\n<li class=\"\"><a class=\"_1bvm4mm2 eopu3j0\" href=\"https:\/\/yle.fi\/tiede\" lang=\"fi\" data-testid=\"header-drawer-submenu-link\" rel=\"nofollow noopener\" target=\"_blank\">Tiede<\/a><\/li>\n<li class=\"\"><a class=\"_1bvm4mm2 eopu3j0\" href=\"https:\/\/yle.fi\/luonto\" lang=\"fi\" data-testid=\"header-drawer-submenu-link\" rel=\"nofollow noopener\" target=\"_blank\">Luonto<\/a><\/li>\n<li class=\"\"><a class=\"_1bvm4mm2 eopu3j0\" href=\"https:\/\/yle.fi\/oppiminen\" lang=\"fi\" data-testid=\"header-drawer-submenu-link\" rel=\"nofollow noopener\" target=\"_blank\">Oppiminen<\/a><\/li>\n<li class=\"\"><a class=\"_1bvm4mm2 eopu3j0\" href=\"https:\/\/yle.fi\/abitreenit\" lang=\"fi\" data-testid=\"header-drawer-submenu-link\" rel=\"nofollow noopener\" target=\"_blank\">Abitreenit<\/a><\/li>\n<li class=\"\"><a class=\"_1bvm4mm2 eopu3j0\" href=\"https:\/\/yle.fi\/t\/18-215844\/fi\" lang=\"fi\" data-testid=\"header-drawer-submenu-link\" rel=\"nofollow noopener\" target=\"_blank\">Kolumnit<\/a><\/li>\n<li class=\"bqq79o2\"><a class=\"_1bvm4mm2 eopu3j0\" href=\"https:\/\/areena.yle.fi\/1-3253227\" lang=\"fi\" data-testid=\"header-drawer-submenu-link\" rel=\"nofollow noopener\" target=\"_blank\">Uutiset viittomakielell\u00e4<\/a><\/li>\n<li class=\"\"><a class=\"_1bvm4mm2 eopu3j0\" href=\"https:\/\/yle.fi\/selkouutiset\" lang=\"fi\" data-testid=\"header-drawer-submenu-link\" rel=\"nofollow noopener\" target=\"_blank\">Selkouutiset<\/a><\/li>\n<li class=\"\"><a class=\"_1bvm4mm2 eopu3j0\" href=\"https:\/\/yle.fi\/uutisluokka\" lang=\"fi\" data-testid=\"header-drawer-submenu-link\" rel=\"nofollow noopener\" target=\"_blank\">Uutisluokka<\/a><\/li>\n<li class=\"\"><a class=\"_1bvm4mm2 eopu3j0\" href=\"https:\/\/yle.fi\/elavaarkisto\" lang=\"fi\" data-testid=\"header-drawer-submenu-link\" rel=\"nofollow noopener\" target=\"_blank\">El\u00e4v\u00e4 arkisto<\/a><\/li>\n<li class=\"\"><a class=\"_1bvm4mm2 eopu3j0\" href=\"https:\/\/yle.fi\/aihe\/tekstitv\" lang=\"fi\" data-testid=\"header-drawer-submenu-link\" rel=\"nofollow noopener\" target=\"_blank\">Teksti-TV<\/a><\/li>\n<li class=\"\"><a class=\"_1bvm4mm2 eopu3j0\" href=\"https:\/\/tunnus.yle.fi\/viestiasetukset\" lang=\"fi\" data-testid=\"header-drawer-submenu-link\" rel=\"nofollow noopener\" target=\"_blank\">Uutiskirjeet<\/a><\/li>\n<li class=\"\"><a class=\"_1bvm4mm2 eopu3j0\" href=\"https:\/\/areena.yle.fi\/tv\/opas\" lang=\"fi\" data-testid=\"header-drawer-submenu-link\" rel=\"nofollow noopener\" target=\"_blank\">TV-opas<\/a><\/li>\n<li class=\"\"><a class=\"_1bvm4mm2 eopu3j0\" href=\"https:\/\/areena.yle.fi\/podcastit\/opas\" lang=\"fi\" data-testid=\"header-drawer-submenu-link\" rel=\"nofollow noopener\" target=\"_blank\">Radio-opas<\/a><\/li>\n<li class=\"\"><a class=\"_1bvm4mm2 eopu3j0\" href=\"https:\/\/yle.fi\/rss\" lang=\"fi\" data-testid=\"header-drawer-submenu-link\" rel=\"nofollow noopener\" target=\"_blank\">RSS-sy\u00f6tteet<\/a><\/li>\n<\/ul>\n<p><a href=\"https:\/\/areena.yle.fi\" class=\"_1m3quf81 eopu3j0\" data-testid=\"header-areena-promo\" rel=\"nofollow noopener\" target=\"_blank\">Yle Areena.Sarjat. Podcastit. Suorat.<\/a><\/p>\n<ul class=\"bqq79o8 bqq79o0\" id=\"header-2023-drawer-sitemenu\">\n<li><a class=\"_1bvm4mm2 eopu3j0\" href=\"https:\/\/svenska.yle.fi\" lang=\"sv\" data-testid=\"header-drawer-sitemenu-link\" rel=\"nofollow noopener\" target=\"_blank\">Svenska<\/a><\/li>\n<li><a class=\"_1bvm4mm2 eopu3j0\" href=\"https:\/\/yle.fi\/sapmi\" lang=\"se\" data-testid=\"header-drawer-sitemenu-link\" rel=\"nofollow noopener\" target=\"_blank\">S\u00e1pmi<\/a><\/li>\n<li><a class=\"_1bvm4mm2 eopu3j0\" href=\"https:\/\/yle.fi\/news\" lang=\"en\" data-testid=\"header-drawer-sitemenu-link\" rel=\"nofollow noopener\" target=\"_blank\">News<\/a><\/li>\n<li><a class=\"_1bvm4mm2 eopu3j0\" href=\"https:\/\/yle.fi\/novosti\" lang=\"ru\" data-testid=\"header-drawer-sitemenu-link\" rel=\"nofollow noopener\" target=\"_blank\">\u041d\u043e\u0432\u043e\u0441\u0442\u0438<\/a><\/li>\n<li><a class=\"_1bvm4mm2 eopu3j0\" href=\"https:\/\/yle.fi\/novyny\" lang=\"uk\" data-testid=\"header-drawer-sitemenu-link\" rel=\"nofollow noopener\" target=\"_blank\">\u041d\u043e\u0432\u0438\u043d\u0438<\/a><\/li>\n<li><a class=\"_1bvm4mm2 eopu3j0\" href=\"https:\/\/yle.fi\/t\/18-44136\/fi\" lang=\"krl\" data-testid=\"header-drawer-sitemenu-link\" rel=\"nofollow noopener\" target=\"_blank\">Uudizet karjalakse<\/a><\/li>\n<\/ul>\n<ul class=\"bqq79o8 bqq79o0\" id=\"header-2023-drawer-links\">\n<li class=\"bqq79o4\"><a class=\"_1bvm4mm2 eopu3j0\" href=\"https:\/\/yle.fi\/a\/74-20031519\" lang=\"fi\" data-testid=\"header-drawer-links-link\" rel=\"nofollow noopener\" target=\"_blank\">L\u00e4het\u00e4 uutiskuva tai \u2011video<\/a><\/li>\n<li><a class=\"_1bvm4mm2 eopu3j0\" href=\"https:\/\/asiakaspalvelu.yle.fi\" data-testid=\"header-drawer-links-link\" rel=\"nofollow noopener\" target=\"_blank\">Asiakas\u00adpalvelu<\/a><\/li>\n<li><a class=\"_1bvm4mm2 eopu3j0\" href=\"https:\/\/yle.fi\/aihe\/yleisradio\/ylen-yhteystiedot\" data-testid=\"header-drawer-links-link\" rel=\"nofollow noopener\" target=\"_blank\">Ylen yhteystiedot<\/a><\/li>\n<li><a class=\"_1bvm4mm2 eopu3j0\" href=\"https:\/\/yle.fi\/uutiset\/yhteystiedot\" data-testid=\"header-drawer-links-link\" rel=\"nofollow noopener\" target=\"_blank\">Uutisten yhteystiedot<\/a><\/li>\n<li>Ev\u00e4ste\u00adasetukset<\/li>\n<\/ul>\n<p>Sulje valikko<a aria-disabled=\"false\" aria-busy=\"false\" href=\"https:\/\/yle.fi\/\" tabindex=\"-1\" data-testid=\"sticky-header-home-button\" class=\"ydscr__sc-17sr1bx-0 ydscr__sc-17sr1bx-3 fscjGJ gDUbgb\" rel=\"nofollow noopener\" target=\"_blank\">Etusivulle<\/a>JaaSuosituimmat<\/p>\n<ol aria-labelledby=\"sb-most-read\">\n<li class=\"MinimalHeadlines__TriggeredItem-sc-f2811a1-0 bOTOdX\">\n<p>1<\/p>\n<p><a href=\"https:\/\/yle.fi\/t\/18-334977\/fi\" data-testid=\"minimal-headline-tag\" aria-label=\"Ven\u00e4j\u00e4n hy\u00f6kk\u00e4ys \u2013 Lis\u00e4\u00e4 aiheesta\" class=\"ydscr__sc-w5hh4y-0 eOGiSH MinimalHeadlines__Concept-sc-f2811a1-9 ezVWSa\" rel=\"nofollow noopener\" target=\"_blank\">Ven\u00e4j\u00e4n hy\u00f6kk\u00e4ys<\/a><a href=\"https:\/\/yle.fi\/a\/74-20201547\" class=\"MinimalHeadlines__Title-sc-f2811a1-6 eUXYcX visitable-link\" rel=\"nofollow noopener\" target=\"_blank\">Zelenskyi: Ven\u00e4j\u00e4 k\u00e4ytt\u00e4\u00e4 Valko-Ven\u00e4j\u00e4n alueita Ukrainan puolustuksen kiert\u00e4miseen<\/a><\/li>\n<li class=\"MinimalHeadlines__TriggeredItem-sc-f2811a1-0 bOTOdX\">\n<p>2<\/p>\n<p><a href=\"https:\/\/yle.fi\/t\/18-204041\/fi\" data-testid=\"minimal-headline-tag\" aria-label=\"K\u00f6yhyys \u2013 Lis\u00e4\u00e4 aiheesta\" class=\"ydscr__sc-w5hh4y-0 eOGiSH MinimalHeadlines__Concept-sc-f2811a1-9 ezVWSa\" rel=\"nofollow noopener\" target=\"_blank\">K\u00f6yhyys<\/a><a href=\"https:\/\/yle.fi\/a\/74-20201511\" class=\"MinimalHeadlines__Title-sc-f2811a1-6 eUXYcX visitable-link\" rel=\"nofollow noopener\" target=\"_blank\">Tero Laitinen ei mahtunut Hurstin joulujuhlaan, mutta sai vihdoin oman ruokakassinsa: \u201dTeen lapselleni kunnon joulun\u201d<\/a><\/li>\n<li class=\"MinimalHeadlines__TriggeredItem-sc-f2811a1-0 bOTOdX\">\n<p>3<\/p>\n<p><a href=\"https:\/\/yle.fi\/t\/18-220090\/fi\" data-testid=\"minimal-headline-tag\" aria-label=\"Urheilu \u2013 Lis\u00e4\u00e4 aiheesta\" class=\"ydscr__sc-w5hh4y-0 eOGiSH MinimalHeadlines__Concept-sc-f2811a1-9 ezVWSa\" rel=\"nofollow noopener\" target=\"_blank\">Urheilu<\/a><a href=\"https:\/\/yle.fi\/a\/74-20201536\" class=\"MinimalHeadlines__Title-sc-f2811a1-6 eUXYcX visitable-link\" rel=\"nofollow noopener\" target=\"_blank\">N\u00e4m\u00e4 olivat Ice Cagen huippu\u00adhetket: Theo Kolehmainen ja Abdul Hussein tyrm\u00e4\u00e4vin\u00e4, Sani Br\u00e4nnfors dominoi<\/a><\/li>\n<li class=\"MinimalHeadlines__TriggeredItem-sc-f2811a1-0 bOTOdX\">\n<p>4<\/p>\n<p><a href=\"https:\/\/yle.fi\/t\/18-216363\/fi\" data-testid=\"minimal-headline-tag\" aria-label=\"Terveydenhuolto \u2013 Lis\u00e4\u00e4 aiheesta\" class=\"ydscr__sc-w5hh4y-0 eOGiSH MinimalHeadlines__Concept-sc-f2811a1-9 ezVWSa\" rel=\"nofollow noopener\" target=\"_blank\">Terveydenhuolto<\/a><a href=\"https:\/\/yle.fi\/a\/74-20198960\" class=\"MinimalHeadlines__Title-sc-f2811a1-6 eUXYcX visitable-link\" rel=\"nofollow noopener\" target=\"_blank\">Kemiss\u00e4 ulkoistettiin sairaala, vaikka hallituskin vastusti \u2013 nyt sen tarina on lopussa<\/a><\/li>\n<li class=\"MinimalHeadlines__TriggeredItem-sc-f2811a1-0 bOTOdX\">\n<p>5<\/p>\n<p><a href=\"https:\/\/yle.fi\/t\/18-208149\/fi\" data-testid=\"minimal-headline-tag\" aria-label=\"Kulttuuri \u2013 Lis\u00e4\u00e4 aiheesta\" class=\"ydscr__sc-w5hh4y-0 eOGiSH MinimalHeadlines__Concept-sc-f2811a1-9 ezVWSa\" rel=\"nofollow noopener\" target=\"_blank\">Kulttuuri<\/a><a href=\"https:\/\/yle.fi\/a\/74-20201508\" class=\"MinimalHeadlines__Title-sc-f2811a1-6 eUXYcX visitable-link\" rel=\"nofollow noopener\" target=\"_blank\">Jimmy Kimmelin jouluviesti: Asiat ovat huonosti, mutta Amerikka toipuu Donald Trumpista<\/a><\/li>\n<\/ol>\n<p>Tuoreimmat<\/p>\n<ol aria-labelledby=\"sb-most-recent\">\n<li class=\"MinimalHeadlines__TriggeredItem-sc-f2811a1-0 bOTOdX\">2:33<a href=\"https:\/\/yle.fi\/t\/18-334977\/fi\" data-testid=\"minimal-headline-tag\" aria-label=\"Ven\u00e4j\u00e4n hy\u00f6kk\u00e4ys \u2013 Lis\u00e4\u00e4 aiheesta\" class=\"ydscr__sc-w5hh4y-0 eOGiSH MinimalHeadlines__Concept-sc-f2811a1-9 ezVWSa\" rel=\"nofollow noopener\" target=\"_blank\">Ven\u00e4j\u00e4n hy\u00f6kk\u00e4ys<\/a><a href=\"https:\/\/yle.fi\/a\/74-20201547\" class=\"MinimalHeadlines__Title-sc-f2811a1-6 eUXYcX visitable-link\" rel=\"nofollow noopener\" target=\"_blank\">Zelenskyi: Ven\u00e4j\u00e4 k\u00e4ytt\u00e4\u00e4 Valko-Ven\u00e4j\u00e4n alueita Ukrainan puolustuksen kiert\u00e4miseen<\/a><\/li>\n<li class=\"MinimalHeadlines__TriggeredItem-sc-f2811a1-0 bOTOdX\">2:04<a href=\"https:\/\/yle.fi\/t\/18-219937\/fi\" data-testid=\"minimal-headline-tag\" aria-label=\"Juhlat \u2013 Lis\u00e4\u00e4 aiheesta\" class=\"ydscr__sc-w5hh4y-0 eOGiSH MinimalHeadlines__Concept-sc-f2811a1-9 ezVWSa\" rel=\"nofollow noopener\" target=\"_blank\">Juhlat<\/a><a href=\"https:\/\/yle.fi\/a\/74-20201546\" class=\"MinimalHeadlines__Title-sc-f2811a1-6 eUXYcX visitable-link\" rel=\"nofollow noopener\" target=\"_blank\">Ilotulitteiden myynti alkaa t\u00e4n\u00e4\u00e4n<\/a><\/li>\n<li class=\"MinimalHeadlines__TriggeredItem-sc-f2811a1-0 bOTOdX\">0:59<a href=\"https:\/\/yle.fi\/t\/18-189456\/fi\" data-testid=\"minimal-headline-tag\" aria-label=\"J\u00e4\u00e4kiekko \u2013 Lis\u00e4\u00e4 aiheesta\" class=\"ydscr__sc-w5hh4y-0 eOGiSH MinimalHeadlines__Concept-sc-f2811a1-9 ezVWSa\" rel=\"nofollow noopener\" target=\"_blank\">J\u00e4\u00e4kiekko<\/a><a href=\"https:\/\/yle.fi\/a\/74-20201533\" class=\"MinimalHeadlines__Title-sc-f2811a1-6 eUXYcX visitable-link\" rel=\"nofollow noopener\" target=\"_blank\">Kommentti: Suomella merkitt\u00e4v\u00e4 puute \u2013 siksi Petteri Rimpiselt\u00e4 vaaditaan j\u00e4lleen ihmetekoja<\/a><\/li>\n<li class=\"MinimalHeadlines__TriggeredItem-sc-f2811a1-0 bOTOdX\">0:44<a href=\"https:\/\/yle.fi\/t\/18-205598\/fi\" data-testid=\"minimal-headline-tag\" aria-label=\"Jalkapallo \u2013 Lis\u00e4\u00e4 aiheesta\" class=\"ydscr__sc-w5hh4y-0 eOGiSH MinimalHeadlines__Concept-sc-f2811a1-9 ezVWSa\" rel=\"nofollow noopener\" target=\"_blank\">Jalkapallo<\/a><a href=\"https:\/\/yle.fi\/a\/74-20201544\" class=\"MinimalHeadlines__Title-sc-f2811a1-6 eUXYcX visitable-link\" rel=\"nofollow noopener\" target=\"_blank\">Valioliigassa yhden maalin tapaninp\u00e4iv\u00e4 \u2013 Manchester United palasi voittokantaan<\/a><\/li>\n<li class=\"MinimalHeadlines__TriggeredItem-sc-f2811a1-0 bOTOdX\">0:32<a href=\"https:\/\/yle.fi\/t\/18-213332\/fi\" data-testid=\"minimal-headline-tag\" aria-label=\"Kansainv\u00e4linen politiikka \u2013 Lis\u00e4\u00e4 aiheesta\" class=\"ydscr__sc-w5hh4y-0 eOGiSH MinimalHeadlines__Concept-sc-f2811a1-9 ezVWSa\" rel=\"nofollow noopener\" target=\"_blank\">Kansainv\u00e4linen politiikka<\/a><a href=\"https:\/\/yle.fi\/a\/74-20201543\" class=\"MinimalHeadlines__Title-sc-f2811a1-6 eUXYcX visitable-link\" rel=\"nofollow noopener\" target=\"_blank\">Yhdysvallat \u00e4r\u00e4hti Kiinalle yhdysvaltalais\u00adyrityksille asetetuista pakotteista<\/a><\/li>\n<li class=\"MinimalHeadlines__TriggeredItem-sc-f2811a1-0 bOTOdX\">0:07<a href=\"https:\/\/yle.fi\/t\/18-220090\/fi\" data-testid=\"minimal-headline-tag\" aria-label=\"Urheilu \u2013 Lis\u00e4\u00e4 aiheesta\" class=\"ydscr__sc-w5hh4y-0 eOGiSH MinimalHeadlines__Concept-sc-f2811a1-9 ezVWSa\" rel=\"nofollow noopener\" target=\"_blank\">Urheilu<\/a><a href=\"https:\/\/yle.fi\/a\/74-20201536\" class=\"MinimalHeadlines__Title-sc-f2811a1-6 eUXYcX visitable-link\" rel=\"nofollow noopener\" target=\"_blank\">N\u00e4m\u00e4 olivat Ice Cagen huippu\u00adhetket: Theo Kolehmainen ja Abdul Hussein tyrm\u00e4\u00e4vin\u00e4, Sani Br\u00e4nnfors dominoi<\/a><\/li>\n<li class=\"MinimalHeadlines__TriggeredItem-sc-f2811a1-0 bOTOdX\">23:41<a href=\"https:\/\/yle.fi\/t\/18-213332\/fi\" data-testid=\"minimal-headline-tag\" aria-label=\"Kansainv\u00e4linen politiikka \u2013 Lis\u00e4\u00e4 aiheesta\" class=\"ydscr__sc-w5hh4y-0 eOGiSH MinimalHeadlines__Concept-sc-f2811a1-9 ezVWSa\" rel=\"nofollow noopener\" target=\"_blank\">Kansainv\u00e4linen politiikka<\/a><a href=\"https:\/\/yle.fi\/a\/74-20201542\" class=\"MinimalHeadlines__Title-sc-f2811a1-6 eUXYcX visitable-link\" rel=\"nofollow noopener\" target=\"_blank\">Somalia tuomitsee Israelin p\u00e4\u00e4t\u00f6ksen tunnustaa Somalimaa itsen\u00e4iseksi \u2013 my\u00f6sk\u00e4\u00e4n Trump ei tunnustaisi<\/a><\/li>\n<li class=\"MinimalHeadlines__TriggeredItem-sc-f2811a1-0 bOTOdX\">22:59<a href=\"https:\/\/yle.fi\/t\/18-218480\/fi\" data-testid=\"minimal-headline-tag\" aria-label=\"Onnettomuudet \u2013 Lis\u00e4\u00e4 aiheesta\" class=\"ydscr__sc-w5hh4y-0 eOGiSH MinimalHeadlines__Concept-sc-f2811a1-9 ezVWSa\" rel=\"nofollow noopener\" target=\"_blank\">Onnettomuudet<\/a><a href=\"https:\/\/yle.fi\/a\/74-20201541\" class=\"MinimalHeadlines__Title-sc-f2811a1-6 eUXYcX visitable-link\" rel=\"nofollow noopener\" target=\"_blank\">Kaksi kuollut lumivy\u00f6ryiss\u00e4 Ranskan Alpeilla<\/a><\/li>\n<li class=\"MinimalHeadlines__TriggeredItem-sc-f2811a1-0 bOTOdX\">22:35<a href=\"https:\/\/yle.fi\/t\/18-189456\/fi\" data-testid=\"minimal-headline-tag\" aria-label=\"J\u00e4\u00e4kiekko \u2013 Lis\u00e4\u00e4 aiheesta\" class=\"ydscr__sc-w5hh4y-0 eOGiSH MinimalHeadlines__Concept-sc-f2811a1-9 ezVWSa\" rel=\"nofollow noopener\" target=\"_blank\">J\u00e4\u00e4kiekko<\/a><a href=\"https:\/\/yle.fi\/a\/74-20201540\" class=\"MinimalHeadlines__Title-sc-f2811a1-6 eUXYcX visitable-link\" rel=\"nofollow noopener\" target=\"_blank\">Ilveksen t\u00e4htipuolustaja takoo historiallista j\u00e4lke\u00e4 \u2013 espoolais\u00adfaneille riemukas museojuna-ajelu<\/a><\/li>\n<li class=\"MinimalHeadlines__TriggeredItem-sc-f2811a1-0 bOTOdX\">21:59<a href=\"https:\/\/yle.fi\/t\/18-189456\/fi\" data-testid=\"minimal-headline-tag\" aria-label=\"J\u00e4\u00e4kiekko \u2013 Lis\u00e4\u00e4 aiheesta\" class=\"ydscr__sc-w5hh4y-0 eOGiSH MinimalHeadlines__Concept-sc-f2811a1-9 ezVWSa\" rel=\"nofollow noopener\" target=\"_blank\">J\u00e4\u00e4kiekko<\/a><a href=\"https:\/\/yle.fi\/a\/74-20201539\" class=\"MinimalHeadlines__Title-sc-f2811a1-6 eUXYcX visitable-link\" rel=\"nofollow noopener\" target=\"_blank\">Nuoret Leijonat tyylitteli MM-avauksessa 6\u20132-voiton Tanskasta \u2013 Yle seuraa<\/a><\/li>\n<li class=\"MinimalHeadlines__TriggeredItem-sc-f2811a1-0 bOTOdX\">21:54<a href=\"https:\/\/yle.fi\/t\/18-215754\/fi\" data-testid=\"minimal-headline-tag\" aria-label=\"Koripallo \u2013 Lis\u00e4\u00e4 aiheesta\" class=\"ydscr__sc-w5hh4y-0 eOGiSH MinimalHeadlines__Concept-sc-f2811a1-9 ezVWSa\" rel=\"nofollow noopener\" target=\"_blank\">Koripallo<\/a><a href=\"https:\/\/yle.fi\/a\/74-20201538\" class=\"MinimalHeadlines__Title-sc-f2811a1-6 eUXYcX visitable-link\" rel=\"nofollow noopener\" target=\"_blank\">Miikka Muurinen seurasi penkilt\u00e4 r\u00f6k\u00e4le\u00adtappiota \u2013 Lauri Markkasen ex-joukkuetoveri debytoi<\/a><\/li>\n<li class=\"MinimalHeadlines__TriggeredItem-sc-f2811a1-0 bOTOdX\">21:23<a href=\"https:\/\/yle.fi\/t\/18-215554\/fi\" data-testid=\"minimal-headline-tag\" aria-label=\"Ruoka \u2013 Lis\u00e4\u00e4 aiheesta\" class=\"ydscr__sc-w5hh4y-0 eOGiSH MinimalHeadlines__Concept-sc-f2811a1-9 ezVWSa\" rel=\"nofollow noopener\" target=\"_blank\">Ruoka<\/a><a href=\"https:\/\/yle.fi\/a\/74-20200040\" class=\"MinimalHeadlines__Title-sc-f2811a1-6 eUXYcX visitable-link\" rel=\"nofollow noopener\" target=\"_blank\">Tapanina suomalaisille maistuu pizza<\/a><\/li>\n<li class=\"MinimalHeadlines__TriggeredItem-sc-f2811a1-0 bOTOdX\">20:56<a href=\"https:\/\/yle.fi\/t\/18-213160\/fi\" data-testid=\"minimal-headline-tag\" aria-label=\"El\u00e4imet \u2013 Lis\u00e4\u00e4 aiheesta\" class=\"ydscr__sc-w5hh4y-0 eOGiSH MinimalHeadlines__Concept-sc-f2811a1-9 ezVWSa\" rel=\"nofollow noopener\" target=\"_blank\">El\u00e4imet<\/a><a href=\"https:\/\/yle.fi\/a\/74-20201528\" class=\"MinimalHeadlines__Title-sc-f2811a1-6 eUXYcX visitable-link\" rel=\"nofollow noopener\" target=\"_blank\">Ihmisten rahapula n\u00e4kyy el\u00e4insuojelussa, mutta Hesyn jouluker\u00e4ykseen tuli viime vuotta enemm\u00e4n lahjoituksia<\/a><\/li>\n<li class=\"MinimalHeadlines__TriggeredItem-sc-f2811a1-0 bOTOdX\">20:26<a href=\"https:\/\/yle.fi\/t\/18-216363\/fi\" data-testid=\"minimal-headline-tag\" aria-label=\"Terveydenhuolto \u2013 Lis\u00e4\u00e4 aiheesta\" class=\"ydscr__sc-w5hh4y-0 eOGiSH MinimalHeadlines__Concept-sc-f2811a1-9 ezVWSa\" rel=\"nofollow noopener\" target=\"_blank\">Terveydenhuolto<\/a><a href=\"https:\/\/yle.fi\/a\/74-20198960\" class=\"MinimalHeadlines__Title-sc-f2811a1-6 eUXYcX visitable-link\" rel=\"nofollow noopener\" target=\"_blank\">Kemiss\u00e4 ulkoistettiin sairaala, vaikka hallituskin vastusti \u2013 nyt sen tarina on lopussa<\/a><\/li>\n<li class=\"MinimalHeadlines__TriggeredItem-sc-f2811a1-0 bOTOdX\">\n<p>20:11<\/p>\n<p><a href=\"https:\/\/yle.fi\/t\/18-208544\/fi\" data-testid=\"minimal-headline-tag\" aria-label=\"V\u00e4kivalta \u2013 Lis\u00e4\u00e4 aiheesta\" class=\"ydscr__sc-w5hh4y-0 eOGiSH MinimalHeadlines__Concept-sc-f2811a1-9 ezVWSa\" rel=\"nofollow noopener\" target=\"_blank\">V\u00e4kivalta<\/a><a href=\"https:\/\/yle.fi\/a\/74-20201535\" class=\"MinimalHeadlines__Title-sc-f2811a1-6 eUXYcX visitable-link\" rel=\"nofollow noopener\" target=\"_blank\">Mies puukotti kolmea naista metrossa Pariisissa<\/a><\/li>\n<\/ol>\n<p>Takaisin sivun alkuun<\/p>\n<ul class=\"GridSystem__GridCell-sc-886966b2-0 Footer__List-sc-fb857fe3-4 juZbVM gANPZE\">\n<li><a href=\"https:\/\/yle.fi\/aihe\/yleisradio\" class=\"Typography-sc-8becf565-0 coXzWz link-accent\" rel=\"nofollow noopener\" target=\"_blank\">Yle yhti\u00f6n\u00e4<\/a><\/li>\n<li><a href=\"https:\/\/yle.fi\/aihe\/yleisradio\/tietosuoja\" class=\"Typography-sc-8becf565-0 coXzWz link-accent\" rel=\"nofollow noopener\" target=\"_blank\">Tietosuojalauseke<\/a><\/li>\n<li><a href=\"https:\/\/yle.fi\/aihe\/a\/20-10008759\" class=\"Typography-sc-8becf565-0 coXzWz link-accent\" rel=\"nofollow noopener\" target=\"_blank\">Saavutettavuusseloste<\/a><\/li>\n<li><a href=\"https:\/\/yle.fi\/aihe\/s\/yleisradio\/evastekaytannot\" class=\"Typography-sc-8becf565-0 coXzWz link-accent\" rel=\"nofollow noopener\" target=\"_blank\">Ev\u00e4stek\u00e4yt\u00e4nn\u00f6t<\/a><\/li>\n<li><a href=\"https:\/\/asiakaspalvelu.yle.fi\" class=\"Typography-sc-8becf565-0 coXzWz link-accent\" rel=\"nofollow noopener\" target=\"_blank\">Asiakaspalvelu<\/a><\/li>\n<li><a href=\"https:\/\/yle.fi\/aihe\/yleisradio\/toihin-ylelle\" class=\"Typography-sc-8becf565-0 coXzWz link-accent\" rel=\"nofollow noopener\" target=\"_blank\">Avoimet ty\u00f6paikat<\/a><\/li>\n<li><a href=\"https:\/\/yle.fi\/aihe\/yleisradio\/ylen-yhteystiedot\" class=\"Typography-sc-8becf565-0 coXzWz link-accent\" rel=\"nofollow noopener\" target=\"_blank\">Ylen perus- ja yhteystiedot<\/a><\/li>\n<\/ul>\n<p><img decoding=\"async\" loading=\"lazy\" src=\"https:\/\/yle.fi\/ukko\/assets\/img\/vastuullista-journalismia.svg\" alt=\"Vastuullista journalismia\" class=\"Footer__JSNBadge-sc-fb857fe3-5 hMDLjs\"\/><a href=\"https:\/\/yle.fi\" rel=\"nofollow noopener\" target=\"_blank\"><\/a><\/p>\n","protected":false},"excerpt":{"rendered":"Hypp\u00e4\u00e4 sis\u00e4lt\u00f6\u00f6nHypp\u00e4\u00e4 sis\u00e4lt\u00f6\u00f6n Etusivu Ven\u00e4j\u00e4n hy\u00f6kk\u00e4ysYle K\u00e4\u00e4reSanapyramidi Hae Valikko Haemme s\u00e4\u00e4tietoja&#8230; Hae Ylen sis\u00e4lt\u00f6j\u00e4 L\u00e4het\u00e4 uutiskuva tai \u2011video&hellip;\n","protected":false},"author":2,"featured_media":74,"comment_status":"","ping_status":"","sticky":false,"template":"","format":"standard","meta":{"footnotes":""},"categories":[5],"tags":[22,23,26,27,33,31,30,17,70,24,25,28,29,15,18,21,32,19,20,1303,56,16,547,987],"class_list":{"0":"post-126712","1":"post","2":"type-post","3":"status-publish","4":"format-standard","5":"has-post-thumbnail","7":"category-otsikot","8":"tag-breaking-news","9":"tag-breakingnews","10":"tag-featured-news","11":"tag-featurednews","12":"tag-fi","13":"tag-finland","14":"tag-finnish","15":"tag-headlines","16":"tag-kansainvalinen-politiikka","17":"tag-latest-news","18":"tag-latestnews","19":"tag-main-news","20":"tag-mainnews","21":"tag-news","22":"tag-otsikot","23":"tag-paauutiset","24":"tag-suomi","25":"tag-top-stories","26":"tag-topstories","27":"tag-ukraina","28":"tag-ulkomaat","29":"tag-uutiset","30":"tag-venaja","31":"tag-venajan-hyokkays"},"share_on_mastodon":{"url":"https:\/\/pubeurope.com\/@fi\/115789045817609920","error":""},"_links":{"self":[{"href":"https:\/\/www.europesays.com\/fi\/wp-json\/wp\/v2\/posts\/126712","targetHints":{"allow":["GET"]}}],"collection":[{"href":"https:\/\/www.europesays.com\/fi\/wp-json\/wp\/v2\/posts"}],"about":[{"href":"https:\/\/www.europesays.com\/fi\/wp-json\/wp\/v2\/types\/post"}],"author":[{"embeddable":true,"href":"https:\/\/www.europesays.com\/fi\/wp-json\/wp\/v2\/users\/2"}],"replies":[{"embeddable":true,"href":"https:\/\/www.europesays.com\/fi\/wp-json\/wp\/v2\/comments?post=126712"}],"version-history":[{"count":0,"href":"https:\/\/www.europesays.com\/fi\/wp-json\/wp\/v2\/posts\/126712\/revisions"}],"wp:featuredmedia":[{"embeddable":true,"href":"https:\/\/www.europesays.com\/fi\/wp-json\/wp\/v2\/media\/74"}],"wp:attachment":[{"href":"https:\/\/www.europesays.com\/fi\/wp-json\/wp\/v2\/media?parent=126712"}],"wp:term":[{"taxonomy":"category","embeddable":true,"href":"https:\/\/www.europesays.com\/fi\/wp-json\/wp\/v2\/categories?post=126712"},{"taxonomy":"post_tag","embeddable":true,"href":"https:\/\/www.europesays.com\/fi\/wp-json\/wp\/v2\/tags?post=126712"}],"curies":[{"name":"wp","href":"https:\/\/api.w.org\/{rel}","templated":true}]}}