{"id":126713,"date":"2025-12-27T02:14:15","date_gmt":"2025-12-27T02:14:15","guid":{"rendered":"https:\/\/www.europesays.com\/fi\/126713\/"},"modified":"2025-12-27T02:14:15","modified_gmt":"2025-12-27T02:14:15","slug":"norjan-olympiatoppen-neuvoo-valttamaan-keinotekoista-korkean-paikan-harjoittelua-taustalla-ampumahiihtaja-bakkenin-akillinen-kuolema-urheilu","status":"publish","type":"post","link":"https:\/\/www.europesays.com\/fi\/126713\/","title":{"rendered":"Norjan Olympiatoppen neuvoo v\u00e4ltt\u00e4m\u00e4\u00e4n keinotekoista korkean paikan harjoittelua \u2013 taustalla ampumahiiht\u00e4j\u00e4 Bakkenin \u00e4killinen kuolema | Urheilu"},"content":{"rendered":"<p>Norjan huippu-urheiluyksikk\u00f6 Olympiatoppen neuvoo norjalaisurheilijoita toistaiseksi v\u00e4ltt\u00e4m\u00e4\u00e4n simuloitua eli keinotekoista korkean paikan harjoittelua. Olympiatoppen esitti kantansa perjantaina urheilijoille suunnatussa kirjeess\u00e4.<\/p>\n<p>Norjan huippu-urheiluyksik\u00f6n kannanoton taustalla on norjalaisen ampumahiiht\u00e4j\u00e4 Sivert Guttorm Bakkenin \u00e4killinen kuolema. Viel\u00e4 viime viikonloppuna maailmancupissa kilpaillut 27-vuotias Bakken l\u00f6ydettiin tiistaina kuolleena hotellihuoneestaan Pohjois-Italian Lavazessa.<\/p>\n<p>Bakken oli joulun aikaan harjoittelemassa Lavazessa useiden muiden urheilijoiden kanssa. H\u00e4nell\u00e4 oli hotellihuoneessaan l\u00f6yt\u00f6hetkell\u00e4 kasvoillaan simuloidussa korkean paikan harjoittelussa k\u00e4ytett\u00e4v\u00e4 happimaski.<\/p>\n<p>Kest\u00e4vyysurheilijat k\u00e4ytt\u00e4v\u00e4t vuoristoharjoittelussaan happimaskia hengitysilman happipitoisuuden alentamiseen, jotta keho tuottaa enemm\u00e4n punasoluja ja siten lis\u00e4\u00e4 kest\u00e4vyytt\u00e4. Maskia k\u00e4ytet\u00e4\u00e4n usein harjoittelun aikana simuloimaan korkeutta ja v\u00e4hent\u00e4m\u00e4\u00e4n hapen saantia.<\/p>\n<p>On ep\u00e4selv\u00e4\u00e4, onko maskin ja Bakkenin kuoleman v\u00e4lill\u00e4 yhteytt\u00e4. Olympiatoppen kuitenkin neuvoo v\u00e4ltt\u00e4m\u00e4\u00e4n simuloidun korkeuden k\u00e4ytt\u00f6\u00e4, kunnes kuolemantapauksesta on enemm\u00e4n tietoa.<\/p>\n<p>Bakkenin ruumiinavauksen ensimm\u00e4isten tulosten on ilmoitettu tulevan ensi viikon alussa.<\/p>\n","protected":false},"excerpt":{"rendered":"Norjan huippu-urheiluyksikk\u00f6 Olympiatoppen neuvoo norjalaisurheilijoita toistaiseksi v\u00e4ltt\u00e4m\u00e4\u00e4n simuloitua eli keinotekoista korkean paikan harjoittelua. Olympiatoppen esitti kantansa perjantaina urheilijoille&hellip;\n","protected":false},"author":2,"featured_media":106230,"comment_status":"","ping_status":"","sticky":false,"template":"","format":"standard","meta":{"footnotes":""},"categories":[158],"tags":[33,31,30,2096,2353,5856,683,3318,2668,159,32,1145,160],"class_list":{"0":"post-126713","1":"post","2":"type-post","3":"status-publish","4":"format-standard","5":"has-post-thumbnail","7":"category-urheilu","8":"tag-fi","9":"tag-finland","10":"tag-finnish","11":"tag-hiihtolajit","12":"tag-hotellit-ja-majoitus","13":"tag-joulu","14":"tag-kuolema","15":"tag-maastohiihto","16":"tag-pohjoismaiset-hiihtolajit","17":"tag-sports","18":"tag-suomi","19":"tag-talviurheilu","20":"tag-urheilu"},"share_on_mastodon":{"url":"https:\/\/pubeurope.com\/@fi\/115789120518607046","error":""},"_links":{"self":[{"href":"https:\/\/www.europesays.com\/fi\/wp-json\/wp\/v2\/posts\/126713","targetHints":{"allow":["GET"]}}],"collection":[{"href":"https:\/\/www.europesays.com\/fi\/wp-json\/wp\/v2\/posts"}],"about":[{"href":"https:\/\/www.europesays.com\/fi\/wp-json\/wp\/v2\/types\/post"}],"author":[{"embeddable":true,"href":"https:\/\/www.europesays.com\/fi\/wp-json\/wp\/v2\/users\/2"}],"replies":[{"embeddable":true,"href":"https:\/\/www.europesays.com\/fi\/wp-json\/wp\/v2\/comments?post=126713"}],"version-history":[{"count":0,"href":"https:\/\/www.europesays.com\/fi\/wp-json\/wp\/v2\/posts\/126713\/revisions"}],"wp:featuredmedia":[{"embeddable":true,"href":"https:\/\/www.europesays.com\/fi\/wp-json\/wp\/v2\/media\/106230"}],"wp:attachment":[{"href":"https:\/\/www.europesays.com\/fi\/wp-json\/wp\/v2\/media?parent=126713"}],"wp:term":[{"taxonomy":"category","embeddable":true,"href":"https:\/\/www.europesays.com\/fi\/wp-json\/wp\/v2\/categories?post=126713"},{"taxonomy":"post_tag","embeddable":true,"href":"https:\/\/www.europesays.com\/fi\/wp-json\/wp\/v2\/tags?post=126713"}],"curies":[{"name":"wp","href":"https:\/\/api.w.org\/{rel}","templated":true}]}}