{"id":126720,"date":"2025-12-27T02:20:09","date_gmt":"2025-12-27T02:20:09","guid":{"rendered":"https:\/\/www.europesays.com\/fi\/126720\/"},"modified":"2025-12-27T02:20:09","modified_gmt":"2025-12-27T02:20:09","slug":"paakaupunki-tarvitsee-suurareenan-tai-kaksi","status":"publish","type":"post","link":"https:\/\/www.europesays.com\/fi\/126720\/","title":{"rendered":"P\u00e4\u00e4kaupunki tarvitsee suurareenan \u2013 tai kaksi"},"content":{"rendered":"<p>P\u00e4\u00e4kirjoitus|Tapahtumateollisuuden nopea kasvu lis\u00e4\u00e4 suurten areenoiden tarvetta. P\u00e4\u00e4kaupunkiseudulle suunnitellaan nyt ainakin kahta uutta areenaa.<\/p>\n<p class=\"article-body mb-nof-24 px-nof-16\">P\u00e4\u00e4kaupunkiseudulle suunnitellaan nyt useampaakin viihteen ja urheilun suurareenaa. Vantaan Kivist\u00f6n areenan on kerrottu edenneen. My\u00f6s T\u00f6\u00f6l\u00f6\u00f6n vuosia valmisteltu Garden Helsinki -hanke on saanut uutta virtaa. Areenarakentamisen takana on kansainv\u00e4linen ilmi\u00f6, jossa tapahtumateollisuudesta on tulossa yh\u00e4 suurempi ja t\u00e4rke\u00e4mpi talouden moottori.<\/p>\n<p class=\"article-body mb-nof-24 px-nof-16\">Ilmalan suurhalli avattiin Hartwall-areenan nimell\u00e4 laman keskell\u00e4 vuonna 1995. Siit\u00e4 on nyt kulunut tasan 30 vuotta eli pitempi aika kuin kului Nordenski\u00f6ldinkadun j\u00e4\u00e4hallin avaamisesta Hartwall-areenaan. Siit\u00e4 huolimatta nyky\u00e4\u00e4n Veikkaus-areenana kutsuttua Ilmalan hallia pidet\u00e4\u00e4n yh\u00e4 \u201duutena hallina\u201d.<\/p>\n<p class=\"article-body mb-nof-24 px-nof-16\">Ven\u00e4l\u00e4isilt\u00e4 takaisin suomalaisomistukseen siirtynyt halli avattiin uudelleen t\u00e4n\u00e4 vuonna. Ensi syksyn\u00e4 siit\u00e4 tulee liigaj\u00e4\u00e4kiekkoon palaavan Jokerien kotihalli. Viihteen suurtapahtumien j\u00e4rjest\u00e4miseen halli on kuitenkin auttamattoman vanhentunut. Tampereella on Nokia-areena, ja uusia areenoita on nousemassa my\u00f6s Ouluun ja Turkuun. P\u00e4\u00e4kaupunkiseutu tarvitsee uuden suurareenan tai ehk\u00e4 kaksikin.<\/p>\n<p class=\"article-body mb-nof-24 px-nof-16\">Hartwall-areenan avaamisen j\u00e4lkeen tapahtumateollisuuden volyymi maailmalla on kaksinkertaistunut, eik\u00e4 kasvu ole taittumassa. Levymyynnin hiipumisen j\u00e4lkeen maailman k\u00e4rkiartistitkin joutuvat ker\u00e4\u00e4m\u00e4\u00e4n leip\u00e4ns\u00e4 murusina maailmalta, joten isoja nimi\u00e4 on tarjolla Suomeenkin, kunhan olosuhteet ovat kunnossa. K\u00e4yt\u00e4nn\u00f6ss\u00e4 A-luokan esiintyj\u00e4t eiv\u00e4t suostu tulemaan alle 15\u202f000 ihmisen areenoille.<\/p>\n<p class=\"article-body mb-nof-24 px-nof-16\">My\u00f6s kysynt\u00e4\u00e4 tuntuisi olevan. Maailmalla on huomattu suurten konserttikiertueiden myyv\u00e4n nopeasti loppuun, mik\u00e4 n\u00e4ytt\u00e4isi kertovan ihmisten el\u00e4mysten ja yhdess\u00e4olon tarpeesta.<\/p>\n<p class=\"article-body mb-nof-24 px-nof-16\">Ilmalan hallin korvaajaksi p\u00e4\u00e4kaupungin ykk\u00f6sareenana on pitk\u00e4\u00e4n odotettu T\u00f6\u00f6l\u00f6\u00f6n suunniteltua Garden Helsinki\u00e4. Iso ja kallis hanke on kuitenkin t\u00f6rm\u00e4nnyt niin moneen esteeseen, ett\u00e4 sen on jo ennustettu j\u00e4\u00e4v\u00e4n kalliiksi tuulentuvaksi.<\/p>\n<p class=\"article-body mb-nof-24 px-nof-16\">Juuri nyt tilanne n\u00e4ytt\u00e4\u00e4 kuitenkin v\u00e4h\u00e4n paremmalta, sill\u00e4 lokakuussa hanketta vet\u00e4v\u00e4n projektiyhti\u00f6n hallitusta myll\u00e4ttiin ja sen johtoon valittiin Helsingin entinen pormestari Jan Vapaavuori.<\/p>\n<p class=\"article-body mb-nof-24 px-nof-16\">Hallituksen uusilla j\u00e4senill\u00e4 olisi tuskin halua hyp\u00e4t\u00e4 uppoavaan laivaan, joten ehk\u00e4p\u00e4 Garden pysyy sittenkin pinnalla, vaikka sen tiell\u00e4 viel\u00e4 karikoita riitt\u00e4\u00e4kin. Suurin niist\u00e4 on rahoitus. Moni sijoittaja on viime vuosina ottanut niin pahasti takkiinsa Helsingin kiinteist\u00f6markkinoilla, ett\u00e4 Gardenin rakentajien t\u00e4ytyy rahoitusta saadakseen tehd\u00e4 todella uskottavat kannattavuuslaskelmat. Juuri sit\u00e4 he nyt yritt\u00e4v\u00e4t. Uutisia neuvotteluista voi odottaa alkuvuodesta.<\/p>\n<blockquote class=\"p-[var(--citation-padding)] m-[var(--citation-margin)] border-y-[length:var(--citation-border-width)] border-y-[color:var(--citation-border-color)]\">\n<p>J\u00e4\u00e4k\u00f6 Garden Helsinki tuulentuvaksi?<\/p>\n<\/blockquote>\n<p class=\"article-body mb-nof-24 px-nof-16\">Gardenin aikataulu t\u00e4ht\u00e4\u00e4 t\u00e4ll\u00e4 hetkell\u00e4 vuoteen 2031. Jo paljon ennen sit\u00e4 ovensa voi avata Vantaan Kivist\u00f6\u00f6n suunniteltu suurareena, joka odottaa sekin rahoituksen varmistumista. Rakennuttajat ovat luvanneet uutisia heti vuodenvaihteen j\u00e4lkeen. Jos nimet saadaan paperiin, rakennusty\u00f6t voivat alkaa niin nopeasti, ett\u00e4 avajaisiin voitaisiin p\u00e4\u00e4st\u00e4 ehk\u00e4 jo vuonna 2027. Hallin kokoaminen avoimelle kent\u00e4lle hoituisi paljon ripe\u00e4mmin kuin osittain maanalaisen suurhallin rakentaminen kaupungin keskustaan.<\/p>\n<p class=\"article-body mb-nof-24 px-nof-16\">Kivist\u00f6n areena on suunniteltu viihde edell\u00e4. Liigaseuraa Vantaalla ei ole, eik\u00e4 sellaista v\u00e4ltt\u00e4m\u00e4tt\u00e4 edes haluta. SM-liigapelin yleis\u00f6keskiarvo on vain 4\u202f000 katsojaa, eik\u00e4 sellainen v\u00e4kim\u00e4\u00e4r\u00e4 tuota suurareenalle tunnelmaa eik\u00e4 riitt\u00e4v\u00e4sti rahaa. Juuri areenabisnes toimi SM-liigan \u00e4skett\u00e4in p\u00e4\u00e4tt\u00e4m\u00e4n uudistuksen t\u00e4rke\u00e4n\u00e4 ajurina: pienet seurat eiv\u00e4t t\u00e4yt\u00e4 suurta areenaa.<\/p>\n<p class=\"article-body mb-nof-24 px-nof-16\">Vantaalla on laskettu, ett\u00e4 maailmalla areenoita rakennetaan nyt kahteen paikkaan: kaupunkikeskustoihin tai kaupunkien ulkopuolelle hyvien liikenneyhteyksien varrelle. Kivist\u00f6 on Helsingist\u00e4 katsoen syrj\u00e4ss\u00e4, mutta Suomen n\u00e4k\u00f6kulmasta hyv\u00e4ss\u00e4 paikassa. Kiertuerekat on helppo ajaa Vuosaaren satamasta suoraan areenan kellariin. Yleis\u00f6 taas p\u00e4\u00e4sisi paikalle lentokoneella, junalla tai henkil\u00f6autolla.<\/p>\n<p class=\"article-body mb-nof-24 px-nof-16\">Suurareenan rakentaminen p\u00e4\u00e4kaupunkiseudulle on viiv\u00e4stynyt osin sen takia, ett\u00e4 muut toimijat ovat odottaneet, miten Garden Helsingin k\u00e4y. Suunnitelmia ovat sekoittaneet my\u00f6s koronaviruspandemia, Ven\u00e4j\u00e4n hy\u00f6kk\u00e4yssota ja kiinteist\u00f6bisneksen romahdus.<\/p>\n<p class=\"article-body mb-nof-24 px-nof-16\">Kaikista esteist\u00e4 huolimatta suurareena kyll\u00e4 saadaan, sill\u00e4 tarve sellaiselle on niin selv\u00e4.<\/p>\n","protected":false},"excerpt":{"rendered":"P\u00e4\u00e4kirjoitus|Tapahtumateollisuuden nopea kasvu lis\u00e4\u00e4 suurten areenoiden tarvetta. P\u00e4\u00e4kaupunkiseudulle suunnitellaan nyt ainakin kahta uutta areenaa. P\u00e4\u00e4kaupunkiseudulle suunnitellaan nyt useampaakin&hellip;\n","protected":false},"author":2,"featured_media":3965,"comment_status":"","ping_status":"","sticky":false,"template":"","format":"standard","meta":{"footnotes":""},"categories":[12],"tags":[22,23,26,27,33,31,30,17,46,24,25,28,29,15,18,21,32,19,20,16],"class_list":{"0":"post-126720","1":"post","2":"type-post","3":"status-publish","4":"format-standard","5":"has-post-thumbnail","7":"category-suomi","8":"tag-breaking-news","9":"tag-breakingnews","10":"tag-featured-news","11":"tag-featurednews","12":"tag-fi","13":"tag-finland","14":"tag-finnish","15":"tag-headlines","16":"tag-helsingin-sanomat","17":"tag-latest-news","18":"tag-latestnews","19":"tag-main-news","20":"tag-mainnews","21":"tag-news","22":"tag-otsikot","23":"tag-paauutiset","24":"tag-suomi","25":"tag-top-stories","26":"tag-topstories","27":"tag-uutiset"},"share_on_mastodon":{"url":"https:\/\/pubeurope.com\/@fi\/115789144028536599","error":""},"_links":{"self":[{"href":"https:\/\/www.europesays.com\/fi\/wp-json\/wp\/v2\/posts\/126720","targetHints":{"allow":["GET"]}}],"collection":[{"href":"https:\/\/www.europesays.com\/fi\/wp-json\/wp\/v2\/posts"}],"about":[{"href":"https:\/\/www.europesays.com\/fi\/wp-json\/wp\/v2\/types\/post"}],"author":[{"embeddable":true,"href":"https:\/\/www.europesays.com\/fi\/wp-json\/wp\/v2\/users\/2"}],"replies":[{"embeddable":true,"href":"https:\/\/www.europesays.com\/fi\/wp-json\/wp\/v2\/comments?post=126720"}],"version-history":[{"count":0,"href":"https:\/\/www.europesays.com\/fi\/wp-json\/wp\/v2\/posts\/126720\/revisions"}],"wp:featuredmedia":[{"embeddable":true,"href":"https:\/\/www.europesays.com\/fi\/wp-json\/wp\/v2\/media\/3965"}],"wp:attachment":[{"href":"https:\/\/www.europesays.com\/fi\/wp-json\/wp\/v2\/media?parent=126720"}],"wp:term":[{"taxonomy":"category","embeddable":true,"href":"https:\/\/www.europesays.com\/fi\/wp-json\/wp\/v2\/categories?post=126720"},{"taxonomy":"post_tag","embeddable":true,"href":"https:\/\/www.europesays.com\/fi\/wp-json\/wp\/v2\/tags?post=126720"}],"curies":[{"name":"wp","href":"https:\/\/api.w.org\/{rel}","templated":true}]}}