{"id":126721,"date":"2025-12-27T02:21:09","date_gmt":"2025-12-27T02:21:09","guid":{"rendered":"https:\/\/www.europesays.com\/fi\/126721\/"},"modified":"2025-12-27T02:21:09","modified_gmt":"2025-12-27T02:21:09","slug":"nuoret-leijonat-luottaa-mm-avauksessa-sankarimaalivahti-petteri-rimpiseen-tanska-vastassa-myohaisillassa-urheilu","status":"publish","type":"post","link":"https:\/\/www.europesays.com\/fi\/126721\/","title":{"rendered":"Nuoret Leijonat luottaa MM-avauksessa sankarimaalivahti Petteri Rimpiseen \u2013 Tanska vastassa my\u00f6h\u00e4isillassa | Urheilu"},"content":{"rendered":"<p>Petteri Rimpinen aloittaa Suomen alle 20-vuotiaiden miesten j\u00e4\u00e4kiekkomaajoukkueen maalilla, kun Suomi kohtaa my\u00f6h\u00e4isillan MM-avauksessa Tanskan. Yhdysvaltojen Minneapolisissa pelattava ottelu alkaa kello 22.30 Suomen aikaa.<\/p>\n<p>Rimpinen oli luottomies jo vuosi sitten, jolloin h\u00e4n torjui Suomen MM-hopealle. Oliver Suvanto johtaa ykk\u00f6sketjua laidoillaan Matias Vanhanen ja Emil Hemming. Kapteeni Aron Kiviharju pakittelee ykk\u00f6sparissa Daniel Niemisen kanssa.<\/p>\n<p>\t\t\t\tSuomen kent\u00e4lliset:<\/p>\n<p>1. kentt\u00e4:<\/p>\n<p>Matias Vanhanen\u2013Oliver Suvanto\u2013Emil Hemming\u2028Aron Kiviharju\u2013Daniel Nieminen<\/p>\n<p>Maalilla: Petteri Rimpinen\u2028Varalla: Kim Saarinen<\/p>\n<p>2. kentt\u00e4:<\/p>\n<p>Joona Saarelainen\u2013Heikki Ruohonen\u2013Aatos Koivu\u2028Veeti V\u00e4is\u00e4nen\u2013Lasse Boelius<\/p>\n<p>3. kentt\u00e4:<\/p>\n<p>Roope Vesterinen\u2013Jasper Kuhta\u2013Leo Tuuva\u2028Mitja Jokinen\u2013Arttu V\u00e4lil\u00e4<\/p>\n<p>4. kentt\u00e4:<\/p>\n<p>Max Westerg\u00e5rd\u2013Atte Joki\u2013Onni Kalto\u2028Niklas Nykyri<\/p>\n<p>13. hy\u00f6kk\u00e4\u00e4j\u00e4: Kasper Pikkarainen<\/p>\n","protected":false},"excerpt":{"rendered":"Petteri Rimpinen aloittaa Suomen alle 20-vuotiaiden miesten j\u00e4\u00e4kiekkomaajoukkueen maalilla, kun Suomi kohtaa my\u00f6h\u00e4isillan MM-avauksessa Tanskan. Yhdysvaltojen Minneapolisissa pelattava&hellip;\n","protected":false},"author":2,"featured_media":126722,"comment_status":"","ping_status":"","sticky":false,"template":"","format":"standard","meta":{"footnotes":""},"categories":[5],"tags":[1144,1274,22,23,26,27,33,31,30,17,1143,24,25,41,28,29,6699,15,18,21,32,1145,19,20,161,16],"class_list":{"0":"post-126721","1":"post","2":"type-post","3":"status-publish","4":"format-standard","5":"has-post-thumbnail","7":"category-otsikot","8":"tag-ammattilaisjaakiekko","9":"tag-ammattiurheilu","10":"tag-breaking-news","11":"tag-breakingnews","12":"tag-featured-news","13":"tag-featurednews","14":"tag-fi","15":"tag-finland","16":"tag-finnish","17":"tag-headlines","18":"tag-jaakiekko","19":"tag-latest-news","20":"tag-latestnews","21":"tag-liikunta-ja-urheilu","22":"tag-main-news","23":"tag-mainnews","24":"tag-minneapolis","25":"tag-news","26":"tag-otsikot","27":"tag-paauutiset","28":"tag-suomi","29":"tag-talviurheilu","30":"tag-top-stories","31":"tag-topstories","32":"tag-urheilutapahtumat","33":"tag-uutiset"},"share_on_mastodon":{"url":"https:\/\/pubeurope.com\/@fi\/115789147851413815","error":""},"_links":{"self":[{"href":"https:\/\/www.europesays.com\/fi\/wp-json\/wp\/v2\/posts\/126721","targetHints":{"allow":["GET"]}}],"collection":[{"href":"https:\/\/www.europesays.com\/fi\/wp-json\/wp\/v2\/posts"}],"about":[{"href":"https:\/\/www.europesays.com\/fi\/wp-json\/wp\/v2\/types\/post"}],"author":[{"embeddable":true,"href":"https:\/\/www.europesays.com\/fi\/wp-json\/wp\/v2\/users\/2"}],"replies":[{"embeddable":true,"href":"https:\/\/www.europesays.com\/fi\/wp-json\/wp\/v2\/comments?post=126721"}],"version-history":[{"count":0,"href":"https:\/\/www.europesays.com\/fi\/wp-json\/wp\/v2\/posts\/126721\/revisions"}],"wp:featuredmedia":[{"embeddable":true,"href":"https:\/\/www.europesays.com\/fi\/wp-json\/wp\/v2\/media\/126722"}],"wp:attachment":[{"href":"https:\/\/www.europesays.com\/fi\/wp-json\/wp\/v2\/media?parent=126721"}],"wp:term":[{"taxonomy":"category","embeddable":true,"href":"https:\/\/www.europesays.com\/fi\/wp-json\/wp\/v2\/categories?post=126721"},{"taxonomy":"post_tag","embeddable":true,"href":"https:\/\/www.europesays.com\/fi\/wp-json\/wp\/v2\/tags?post=126721"}],"curies":[{"name":"wp","href":"https:\/\/api.w.org\/{rel}","templated":true}]}}