{"id":126723,"date":"2025-12-27T02:40:13","date_gmt":"2025-12-27T02:40:13","guid":{"rendered":"https:\/\/www.europesays.com\/fi\/126723\/"},"modified":"2025-12-27T02:40:13","modified_gmt":"2025-12-27T02:40:13","slug":"sm-liigassa-jarisyttavat-lukemat-taululla-raimo-helmisen-kova-temppu-ei-kantanut-sensaatioksi-ilta-sanomat","status":"publish","type":"post","link":"https:\/\/www.europesays.com\/fi\/126723\/","title":{"rendered":"SM-liigassa j\u00e4risytt\u00e4v\u00e4t lukemat taululla \u2013 Raimo Helmisen kova temppu ei kantanut sensaatioksi &#8211; Ilta-Sanomat"},"content":{"rendered":"<ol>\n<li><a href=\"https:\/\/news.google.com\/rss\/articles\/CBMiX0FVX3lxTE9pcndzb0EwY2lHejRjVnJuckdBbWdoRjFmeFY5cjhNQXkxNFhVbUJCQVdzOW1YbGVvd25mT1hkYkJsaTdnSUg1OWhzS09UY0RrdjRlU2VsYjlnNVJPYTJz?oc=5\" target=\"_blank\" rel=\"nofollow noopener\">SM-liigassa j\u00e4risytt\u00e4v\u00e4t lukemat taululla \u2013 Raimo Helmisen kova temppu ei kantanut sensaatioksi<\/a>&nbsp;&nbsp;Ilta-Sanomat<\/li>\n<li><a href=\"https:\/\/news.google.com\/rss\/articles\/CBMie0FVX3lxTE9CUklHM1FTN3hTd0FJNTFIZ2hjTkl6c3JVSUlmT2U1dEd0X01KbHJ0M053VTU0SmxPY0JxYVFsdHlLZXktclVXMkdybEhJMHpkVHJaVHRWR2ZBcVJEVEhPOWw1Z05VdGh2SVoyZjJJWXNuRWJXQ2dJakNmZw?oc=5\" target=\"_blank\" rel=\"nofollow noopener\">SM-liigassa hurjat murskajaiset \u2013 Huippuvahvistuksella v\u00e4kev\u00e4 sis\u00e4\u00e4ntulo<\/a>&nbsp;&nbsp;Iltalehti<\/li>\n<li><a href=\"https:\/\/news.google.com\/rss\/articles\/CBMicEFVX3lxTE5iRXdyOU1YdW93alZCUUNYMXhDVjZvdFUzWUxuNkpHTTk3YlV5REJVVGRoME5ZNTdRMVc5b1dMZGo2MmkxNmthNDFVeDRpSjRZN2ZmUHZvX0k5Q0QwY1ViUER3bTFwWVdmMEhHd3BPajg?oc=5\" target=\"_blank\" rel=\"nofollow noopener\">Vuoden 2025 kotiottelut pakettiin murskavoitolla \u2013 Pelicans kumoon Nokia Arenalla maalein 5\u20130!<\/a>&nbsp;&nbsp;Tappara<\/li>\n<li><a href=\"https:\/\/news.google.com\/rss\/articles\/CBMiZkFVX3lxTE1YZ0s0dlQ4UzhyRUh3VjBZM2wzcG1nZ3Qydm00YTdkdi15XzBxZ0J2bVhNd2VtTDFDUDlPSHRkQ0ZpRm1lLS1SSXo0TU1felJvYy0zYzV4c182LVdfSmM4Z2hHZGZWdw?oc=5\" target=\"_blank\" rel=\"nofollow noopener\">Seuranta | Taas menn\u00e4\u00e4n! Tappara kohtaa tapanin peliss\u00e4 Pelicansin<\/a>&nbsp;&nbsp;Aamulehti<\/li>\n<li><a href=\"https:\/\/news.google.com\/rss\/articles\/CBMitAFBVV95cUxPVG55emRiZTNfeHlrWmdFX01tWHF1LTc3eGFlbjdaQWdVNEo4RXhnRFpFYmYweDVLaGpnN0JIaC13RExDNmZySjFiX2tIYm5MSWpaekZBcE9KMm10TVJZb2ZHbGh3QkxhQmhKV052c0hnWHNNRkNFWm9NblgyaHFfYzVFZFRPVkdzNnAzVjJUaWxyNlQzdlJWZ2dhSXRpLUJ0UUpaZjE1SGJuLWQ0VjlKNmphVWs?oc=5\" target=\"_blank\" rel=\"nofollow noopener\">Murskajaiset: Tappara tyly is\u00e4nt\u00e4 \u2013 SM-liigat\u00e4hden hurja putki sai jatkoa<\/a>&nbsp;&nbsp;mtvuutiset.fi<\/li>\n<\/ol>\n","protected":false},"excerpt":{"rendered":"SM-liigassa j\u00e4risytt\u00e4v\u00e4t lukemat taululla \u2013 Raimo Helmisen kova temppu ei kantanut sensaatioksi&nbsp;&nbsp;Ilta-Sanomat SM-liigassa hurjat murskajaiset \u2013 Huippuvahvistuksella v\u00e4kev\u00e4&hellip;\n","protected":false},"author":2,"featured_media":126724,"comment_status":"","ping_status":"","sticky":false,"template":"","format":"standard","meta":{"footnotes":""},"categories":[158],"tags":[33,31,30,34,159,32,160],"class_list":{"0":"post-126723","1":"post","2":"type-post","3":"status-publish","4":"format-standard","5":"has-post-thumbnail","7":"category-urheilu","8":"tag-fi","9":"tag-finland","10":"tag-finnish","11":"tag-ilta-sanomat","12":"tag-sports","13":"tag-suomi","14":"tag-urheilu"},"share_on_mastodon":{"url":"https:\/\/pubeurope.com\/@fi\/115789222785266114","error":""},"_links":{"self":[{"href":"https:\/\/www.europesays.com\/fi\/wp-json\/wp\/v2\/posts\/126723","targetHints":{"allow":["GET"]}}],"collection":[{"href":"https:\/\/www.europesays.com\/fi\/wp-json\/wp\/v2\/posts"}],"about":[{"href":"https:\/\/www.europesays.com\/fi\/wp-json\/wp\/v2\/types\/post"}],"author":[{"embeddable":true,"href":"https:\/\/www.europesays.com\/fi\/wp-json\/wp\/v2\/users\/2"}],"replies":[{"embeddable":true,"href":"https:\/\/www.europesays.com\/fi\/wp-json\/wp\/v2\/comments?post=126723"}],"version-history":[{"count":0,"href":"https:\/\/www.europesays.com\/fi\/wp-json\/wp\/v2\/posts\/126723\/revisions"}],"wp:featuredmedia":[{"embeddable":true,"href":"https:\/\/www.europesays.com\/fi\/wp-json\/wp\/v2\/media\/126724"}],"wp:attachment":[{"href":"https:\/\/www.europesays.com\/fi\/wp-json\/wp\/v2\/media?parent=126723"}],"wp:term":[{"taxonomy":"category","embeddable":true,"href":"https:\/\/www.europesays.com\/fi\/wp-json\/wp\/v2\/categories?post=126723"},{"taxonomy":"post_tag","embeddable":true,"href":"https:\/\/www.europesays.com\/fi\/wp-json\/wp\/v2\/tags?post=126723"}],"curies":[{"name":"wp","href":"https:\/\/api.w.org\/{rel}","templated":true}]}}