{"id":126725,"date":"2025-12-27T02:41:09","date_gmt":"2025-12-27T02:41:09","guid":{"rendered":"https:\/\/www.europesays.com\/fi\/126725\/"},"modified":"2025-12-27T02:41:09","modified_gmt":"2025-12-27T02:41:09","slug":"amanda-seyfried-kampanjoi-mamma-mia-3-elokuvan-puolesta-haluaa-yllattavan-nimen-mukaan-elokuvaan","status":"publish","type":"post","link":"https:\/\/www.europesays.com\/fi\/126725\/","title":{"rendered":"Amanda Seyfried kampanjoi Mamma Mia! 3 -elokuvan puolesta \u2013\u00a0Haluaa yll\u00e4tt\u00e4v\u00e4n nimen mukaan elokuvaan"},"content":{"rendered":"<p><a href=\"https:\/\/deadline.com\/2025\/12\/amanda-seyfried-mamma-mia-sequel-campaigning-1236654780\/\" rel=\"nofollow noopener\" target=\"_blank\">Deadline<\/a> uutisoi, ett\u00e4 n\u00e4yttelij\u00e4 <strong>Amanda Seyfried<\/strong> haluaa palavasti tehd\u00e4 Mamma Mia! 3 -elokuvan.<\/p>\n<p>\u201dKampanjoin elokuvan puolesta, kunnes kasvoni sinert\u00e4v\u00e4t\u201d, Seyfried kommentoi.<\/p>\n<p>Kolmas elokuva voisi keskitty\u00e4 siihen, ett\u00e4 Sophiella olisi jo omia lapsia.<\/p>\n<p>\u201dMinusta on ihana n\u00e4ytell\u00e4 \u00e4iti\u00e4 ja haluaisin sukeltaa siihen, millaista on kasvattaa omia lapsia kreikkalaisella saarella. Kuten <strong>Meryl Streepin<\/strong> Donna teki Sophien kanssa.\u201d<\/p>\n<p>H\u00e4n vilautti my\u00f6s yll\u00e4tt\u00e4v\u00e4\u00e4 nime\u00e4, joka voisi olla mukana elokuvassa: popt\u00e4hti <strong>Sabrina Carpenter<\/strong>.<\/p>\n<p><a href=\"https:\/\/www.episodi.fi\/uutiset\/amanda-seyfried-ei-ole-jatko-osien-ystava-jatko-osia-tehdaan-vain-rahan-vuoksi-ja-se-on-turhauttavaa\/\" rel=\"nofollow noopener\" target=\"_blank\">Lue my\u00f6s: Amanda Seyfried ei ole jatko-osien yst\u00e4v\u00e4: \u201dJatko-osia tehd\u00e4\u00e4n vain rahan vuoksi ja se on turhauttavaa\u201d<\/a><\/p>\n<p>Lue my\u00f6s: <a href=\"https:\/\/www.episodi.fi\/uutiskirje\/?uutiskirjemainos=tekstilinkkimainos\" title=\"Tilaa Episodin uutiskirje ja voit voittaa leffalippuja! Nappaa tv-vinkit suoraan s\u00e4hk\u00f6postiin t\u00e4st\u00e4.\" class=\"underline-custom !font-montserrat !font-bold !underline-offset-4 !decoration-4 !decoration-episodi-blue !text-md\" rel=\"nofollow noopener\" target=\"_blank\">Tilaa Episodin uutiskirje ja voit voittaa leffalippuja! Nappaa katseluvinkit suoraan s\u00e4hk\u00f6postiin t\u00e4st\u00e4.<\/a><\/p>\n<p>\t\t\tAiheeseen liittyvi\u00e4 elokuvia<\/p>\n<p>                                        <a href=\"https:\/\/www.episodi.fi\/elokuvat\/mamma-mia-go\/\" rel=\"bookmark nofollow noopener\" target=\"_blank\"><br \/>\n                    <img loading=\"lazy\" height=\"187\" width=\"133\" class=\"attachment-lg_poster size-lg_poster wp-post-image sp-no-webp perfmatters-lazy\" alt=\"\" decoding=\"async\" src=\"https:\/\/www.europesays.com\/fi\/wp-content\/uploads\/2025\/12\/mamma-mia-2-133x187.jpg\"  data-\/>                     <\/a><\/p>\n","protected":false},"excerpt":{"rendered":"Deadline uutisoi, ett\u00e4 n\u00e4yttelij\u00e4 Amanda Seyfried haluaa palavasti tehd\u00e4 Mamma Mia! 3 -elokuvan. \u201dKampanjoin elokuvan puolesta, kunnes kasvoni&hellip;\n","protected":false},"author":2,"featured_media":126726,"comment_status":"","ping_status":"","sticky":false,"template":"","format":"standard","meta":{"footnotes":""},"categories":[130],"tags":[9447,137,33,31,30,6302,22490,7154,32,109],"class_list":{"0":"post-126725","1":"post","2":"type-post","3":"status-publish","4":"format-standard","5":"has-post-thumbnail","7":"category-viihde","8":"tag-amanda-seyfried","9":"tag-entertainment","10":"tag-fi","11":"tag-finland","12":"tag-finnish","13":"tag-ignostot","14":"tag-mamma-mia","15":"tag-sabrina-carpenter","16":"tag-suomi","17":"tag-viihde"},"share_on_mastodon":{"url":"https:\/\/pubeurope.com\/@fi\/115789226665164218","error":""},"_links":{"self":[{"href":"https:\/\/www.europesays.com\/fi\/wp-json\/wp\/v2\/posts\/126725","targetHints":{"allow":["GET"]}}],"collection":[{"href":"https:\/\/www.europesays.com\/fi\/wp-json\/wp\/v2\/posts"}],"about":[{"href":"https:\/\/www.europesays.com\/fi\/wp-json\/wp\/v2\/types\/post"}],"author":[{"embeddable":true,"href":"https:\/\/www.europesays.com\/fi\/wp-json\/wp\/v2\/users\/2"}],"replies":[{"embeddable":true,"href":"https:\/\/www.europesays.com\/fi\/wp-json\/wp\/v2\/comments?post=126725"}],"version-history":[{"count":0,"href":"https:\/\/www.europesays.com\/fi\/wp-json\/wp\/v2\/posts\/126725\/revisions"}],"wp:featuredmedia":[{"embeddable":true,"href":"https:\/\/www.europesays.com\/fi\/wp-json\/wp\/v2\/media\/126726"}],"wp:attachment":[{"href":"https:\/\/www.europesays.com\/fi\/wp-json\/wp\/v2\/media?parent=126725"}],"wp:term":[{"taxonomy":"category","embeddable":true,"href":"https:\/\/www.europesays.com\/fi\/wp-json\/wp\/v2\/categories?post=126725"},{"taxonomy":"post_tag","embeddable":true,"href":"https:\/\/www.europesays.com\/fi\/wp-json\/wp\/v2\/tags?post=126725"}],"curies":[{"name":"wp","href":"https:\/\/api.w.org\/{rel}","templated":true}]}}