{"id":126727,"date":"2025-12-27T02:45:08","date_gmt":"2025-12-27T02:45:08","guid":{"rendered":"https:\/\/www.europesays.com\/fi\/126727\/"},"modified":"2025-12-27T02:45:08","modified_gmt":"2025-12-27T02:45:08","slug":"nelja-lumivyoryyn-joutunutta-vaeltajaa-loytyi-kuolleina-kreikassa","status":"publish","type":"post","link":"https:\/\/www.europesays.com\/fi\/126727\/","title":{"rendered":"Nelj\u00e4 lumivy\u00f6ryyn joutunutta vaeltajaa l\u00f6ytyi kuolleina Kreikassa"},"content":{"rendered":"<p>Onnettomuudet|Viides vaeltaja oli j\u00e4\u00e4nyt pois retkelt\u00e4 ty\u00f6kiireiden takia.<\/p>\n<p class=\"article-body mb-nof-24 px-nof-16\">Vaeltamassa olleet kolme miest\u00e4 ja nainen l\u00f6ytyiv\u00e4t kuolleena Vardousian vuoristossa Kreikassa perjantaina, kertovat kreikkalaiset viestimet.<\/p>\n<p class=\"article-body mb-nof-24 px-nof-16\">Heid\u00e4t l\u00f6ydettiin lumivy\u00f6ryyn hautautuneina, kertoo Kreikan yleisradioyhti\u00f6 <a class=\"underline underline-offset-[0.12em] [text-decoration-thickness:var(--generic-link-underline-thickness)] [text-decoration-color:var(--generic-link-underline-color)] [text-decoration-skip-ink:var(--generic-link-underline-skip-ink)] break-words\" href=\"https:\/\/www.ertnews.gr\/eidiseis\/ellada\/sxedon-agkaliasmenoi-entopistikan-oi-tesseris-oreivates-pou-xtypithikan-apo-xionostivada-sta-vardousia-to-xroniko-tis-tragodias\/\" rel=\"nofollow noopener\" target=\"_blank\">ERT<\/a>.<\/p>\n<p class=\"article-body mb-nof-24 px-nof-16\">Kolmea 30\u201335-vuotiasta mieskaverusta oli etsitty torstaista asti. Heid\u00e4n tiedettiin l\u00e4hteneen vaeltamaan hankalaan maastoon l\u00e4heisest\u00e4 kyl\u00e4st\u00e4 torstaiaamuna, ERT kertoi.<\/p>\n<p class=\"article-body mb-nof-24 px-nof-16\">Miehi\u00e4 alettiin etsi\u00e4, kun heist\u00e4 ei ollut kuultu mit\u00e4\u00e4n eik\u00e4 heid\u00e4n matkapuhelimiinsa saatu yhteytt\u00e4, kertoi sanomalehti <a class=\"underline underline-offset-[0.12em] [text-decoration-thickness:var(--generic-link-underline-thickness)] [text-decoration-color:var(--generic-link-underline-color)] [text-decoration-skip-ink:var(--generic-link-underline-skip-ink)] break-words\" href=\"https:\/\/www.tanea.gr\/2025\/12\/26\/greece\/vardoysia-entopistike-to-ix-ton-oreivaton-paramenoyn-agnooymenoi-xoris-na-exoyn-dosei-kane\/\" rel=\"nofollow noopener\" target=\"_blank\">Ta Nea<\/a>. Katoamisesta ilmoitti heid\u00e4n yst\u00e4v\u00e4ns\u00e4, jonka oli ollut tarkoitus osallistua vaellukselle, mutta joka j\u00e4tt\u00e4ytyi pois ty\u00f6esteen takia, kertoi kreikkalainen <a class=\"underline underline-offset-[0.12em] [text-decoration-thickness:var(--generic-link-underline-thickness)] [text-decoration-color:var(--generic-link-underline-color)] [text-decoration-skip-ink:var(--generic-link-underline-skip-ink)] break-words\" href=\"https:\/\/tempo24.news\/tragodia-sta-vardousia-patrinos-o-enas-apo-tous-nekrous-symmeteiche-stin-omada-ton-oreivaton\/\" rel=\"nofollow noopener\" target=\"_blank\">Tempo24<\/a>.<\/p>\n<p class=\"article-body mb-nof-24 px-nof-16\">My\u00f6hemmin k\u00e4vi ilmi, ett\u00e4 seurueessa oli my\u00f6s noin 35-vuotias nainen. H\u00e4n oli yhden miehist\u00e4 kumppani, kertoi Tempo24.<\/p>\n","protected":false},"excerpt":{"rendered":"Onnettomuudet|Viides vaeltaja oli j\u00e4\u00e4nyt pois retkelt\u00e4 ty\u00f6kiireiden takia. Vaeltamassa olleet kolme miest\u00e4 ja nainen l\u00f6ytyiv\u00e4t kuolleena Vardousian vuoristossa&hellip;\n","protected":false},"author":2,"featured_media":96697,"comment_status":"","ping_status":"","sticky":false,"template":"","format":"standard","meta":{"footnotes":""},"categories":[14],"tags":[22,23,26,27,33,31,30,17,46,24,25,28,29,15,18,21,32,19,20,56,16,59,60,61],"class_list":{"0":"post-126727","1":"post","2":"type-post","3":"status-publish","4":"format-standard","5":"has-post-thumbnail","7":"category-ulkomaat","8":"tag-breaking-news","9":"tag-breakingnews","10":"tag-featured-news","11":"tag-featurednews","12":"tag-fi","13":"tag-finland","14":"tag-finnish","15":"tag-headlines","16":"tag-helsingin-sanomat","17":"tag-latest-news","18":"tag-latestnews","19":"tag-main-news","20":"tag-mainnews","21":"tag-news","22":"tag-otsikot","23":"tag-paauutiset","24":"tag-suomi","25":"tag-top-stories","26":"tag-topstories","27":"tag-ulkomaat","28":"tag-uutiset","29":"tag-world","30":"tag-world-news","31":"tag-worldnews"},"share_on_mastodon":{"url":"https:\/\/pubeurope.com\/@fi\/115789242297311220","error":""},"_links":{"self":[{"href":"https:\/\/www.europesays.com\/fi\/wp-json\/wp\/v2\/posts\/126727","targetHints":{"allow":["GET"]}}],"collection":[{"href":"https:\/\/www.europesays.com\/fi\/wp-json\/wp\/v2\/posts"}],"about":[{"href":"https:\/\/www.europesays.com\/fi\/wp-json\/wp\/v2\/types\/post"}],"author":[{"embeddable":true,"href":"https:\/\/www.europesays.com\/fi\/wp-json\/wp\/v2\/users\/2"}],"replies":[{"embeddable":true,"href":"https:\/\/www.europesays.com\/fi\/wp-json\/wp\/v2\/comments?post=126727"}],"version-history":[{"count":0,"href":"https:\/\/www.europesays.com\/fi\/wp-json\/wp\/v2\/posts\/126727\/revisions"}],"wp:featuredmedia":[{"embeddable":true,"href":"https:\/\/www.europesays.com\/fi\/wp-json\/wp\/v2\/media\/96697"}],"wp:attachment":[{"href":"https:\/\/www.europesays.com\/fi\/wp-json\/wp\/v2\/media?parent=126727"}],"wp:term":[{"taxonomy":"category","embeddable":true,"href":"https:\/\/www.europesays.com\/fi\/wp-json\/wp\/v2\/categories?post=126727"},{"taxonomy":"post_tag","embeddable":true,"href":"https:\/\/www.europesays.com\/fi\/wp-json\/wp\/v2\/tags?post=126727"}],"curies":[{"name":"wp","href":"https:\/\/api.w.org\/{rel}","templated":true}]}}