{"id":126740,"date":"2025-12-27T03:12:09","date_gmt":"2025-12-27T03:12:09","guid":{"rendered":"https:\/\/www.europesays.com\/fi\/126740\/"},"modified":"2025-12-27T03:12:09","modified_gmt":"2025-12-27T03:12:09","slug":"paakirjoitus-oikeita-paatoksia-vaaraan-aikaan-paakirjoitus-mielipide","status":"publish","type":"post","link":"https:\/\/www.europesays.com\/fi\/126740\/","title":{"rendered":"P\u00e4\u00e4kirjoitus | Oikeita p\u00e4\u00e4t\u00f6ksi\u00e4 v\u00e4\u00e4r\u00e4\u00e4n aikaan | P\u00e4\u00e4kirjoitus &#038; mielipide"},"content":{"rendered":"<p>Valtiontalouden tarkastusvirasto VTV julkisti marraskuun lopulla raportin, josta nykyisten hallituspuolueiden edustajat repiv\u00e4t ison ilon irti.<\/p>\n<p>VTV kyll\u00e4 katsoi, ett\u00e4 edellinen, Sanna Marinin (sd.) hallitus toimi t\u00e4ysin oikein, kun se poikkesi budjetin menokehyksist\u00e4 koronapandemian aikana pit\u00e4\u00e4kseen talouden py\u00f6r\u00e4t k\u00e4ynniss\u00e4. Kehyksist\u00e4 ei silti olisi pit\u00e4nyt luopua sellaisten menojen osalta, jotka eiv\u00e4t liittyneet lainkaan kriisin hoitoon. Koska monista n\u00e4ist\u00e4 menonlis\u00e4yksist\u00e4 tuli pysyvi\u00e4, velkaantuminen otti niin paljon lis\u00e4kierroksia, ett\u00e4 se vaikeutti nykyisen hallituksen p\u00e4\u00e4pyrkimyst\u00e4, velkaantumisen taittamista.<\/p>\n<p>Poliittinen kinastelu VTV:n havainnosta kesti aikansa. Joulun edell\u00e4 VTV roihautti sen uudelleen liekkeihin julkaistessaan seuraavan raporttinsa. Siit\u00e4 nykyinen oppositio sai vuorostaan aiheen torua istuvaa hallitusta tyyliin &#8221;t\u00e4t\u00e4h\u00e4n me olemme yritt\u00e4neet teille toitottaa.&#8221;<\/p>\n<blockquote class=\"voice-no-read rs_skip diks-blockquote\">\n<p class=\"diks-blockquote__text\">VTV osunee t\u00e4ss\u00e4 oikeaan.<\/p>\n<\/blockquote>\n<p>VTV piti mahdollisena, ett\u00e4 hallituksen sin\u00e4ns\u00e4 perustellut ty\u00f6llisyystoimet ovat jarruttaneet talouden elpymist\u00e4. Vaikka p\u00e4\u00e4t\u00f6kset olivat oikeanlaisia, ongelma oli siin\u00e4, ett\u00e4 niit\u00e4 on pantu toimeen v\u00e4\u00e4r\u00e4\u00e4n aikaan, kun ty\u00f6paikkoja on ollut v\u00e4h\u00e4n tarjolla. Siksi p\u00e4\u00e4t\u00f6kset ovat voineet pitkitt\u00e4\u00e4 matalasuhdannetta entisest\u00e4\u00e4n.<\/p>\n<p>VTV osunee t\u00e4ss\u00e4kin arviossaan oikeaan. Kun hallitus l\u00e4hti heti aluksi sopeuttamaan urakalla julkista taloutta, se laski paljon sen varaan, ett\u00e4 oven takana kolkutteleva ripe\u00e4 talouskasvu paikkaa nopeasti sopeuttamisesta aiheutuvat vahingot.<\/p>\n<p>Ik\u00e4v\u00e4 kyll\u00e4 kasvupyr\u00e4hdys antaa yh\u00e4 odottaa itse\u00e4\u00e4n, joten hy\u00f6dyt ovat j\u00e4\u00e4neet pitk\u00e4lti saavuttamatta. Sit\u00e4 vastoin haitat ovat korostuneet. T\u00e4m\u00e4n seurauksena nekin kansalaiset, joiden ostovoima on vahvistunut, pysyttelev\u00e4t yh\u00e4 varovaisina eiv\u00e4tk\u00e4 uskalla l\u00e4hte\u00e4 kuluttamaan taloutta nousuun.<\/p>\n<p>Talouskasvun viipyess\u00e4 vaikuttaa yh\u00e4 varmemmalta, ettei hallitus yll\u00e4 tavoitteeseensa velkaantumisen taittamiseksi kuluvan kauden loppuun menness\u00e4. Se on hallitukselle musertava poliittinen tappio, mutta koko maallekin niin vakava takaisku, ettei opposition kannata siit\u00e4 iloita. Vaativaa urakkaa kun riitt\u00e4\u00e4 tuskallisen runsaasti my\u00f6s seuraaville hallituksille.<\/p>\n<p>VTV per\u00e4\u00e4 p\u00e4\u00e4tt\u00e4jilt\u00e4 julkisen talouden vahvistamisen jatkamiseksi pitk\u00e4j\u00e4nteist\u00e4 l\u00e4hestymistapaa, jossa kaikkia meno- ja tuloeri\u00e4 sek\u00e4 rakenteellisia toimia arvioidaan kattavasti yli vaalikausien. Lupaava alku on t\u00e4n\u00e4 syksyn\u00e4 saavutettu ja melkein kaikki puolueet kattanut sopu niin sanotusta velkajarrusta. Sen varaan p\u00e4\u00e4tt\u00e4jien on hyv\u00e4 rakentaa my\u00f6s tulevilla vaalikausilla, jos sopua piisaa riitt\u00e4v\u00e4sti.<\/p>\n<p>\t\t\t\t\t<img class=\"diks-card__image\" src=\"https:\/\/www.europesays.com\/fi\/wp-content\/uploads\/2025\/12\/11206541.jpg\"   loading=\"lazy\" decoding=\"sync\" alt=\"\"\/><\/p>\n","protected":false},"excerpt":{"rendered":"Valtiontalouden tarkastusvirasto VTV julkisti marraskuun lopulla raportin, josta nykyisten hallituspuolueiden edustajat repiv\u00e4t ison ilon irti. VTV kyll\u00e4 katsoi,&hellip;\n","protected":false},"author":2,"featured_media":126741,"comment_status":"","ping_status":"","sticky":false,"template":"","format":"standard","meta":{"footnotes":""},"categories":[12],"tags":[22,23,26,27,33,31,30,2346,863,17,5856,24,25,28,29,15,18,4357,21,637,2799,32,78,19,20,16],"class_list":{"0":"post-126740","1":"post","2":"type-post","3":"status-publish","4":"format-standard","5":"has-post-thumbnail","7":"category-suomi","8":"tag-breaking-news","9":"tag-breakingnews","10":"tag-featured-news","11":"tag-featurednews","12":"tag-fi","13":"tag-finland","14":"tag-finnish","15":"tag-hallituksen-talouspolitiikka","16":"tag-hallitus","17":"tag-headlines","18":"tag-joulu","19":"tag-latest-news","20":"tag-latestnews","21":"tag-main-news","22":"tag-mainnews","23":"tag-news","24":"tag-otsikot","25":"tag-paakirjoitukset","26":"tag-paauutiset","27":"tag-politiikka","28":"tag-sanna-marin","29":"tag-suomi","30":"tag-talous","31":"tag-top-stories","32":"tag-topstories","33":"tag-uutiset"},"share_on_mastodon":{"url":"https:\/\/pubeurope.com\/@fi\/115789348732682671","error":""},"_links":{"self":[{"href":"https:\/\/www.europesays.com\/fi\/wp-json\/wp\/v2\/posts\/126740","targetHints":{"allow":["GET"]}}],"collection":[{"href":"https:\/\/www.europesays.com\/fi\/wp-json\/wp\/v2\/posts"}],"about":[{"href":"https:\/\/www.europesays.com\/fi\/wp-json\/wp\/v2\/types\/post"}],"author":[{"embeddable":true,"href":"https:\/\/www.europesays.com\/fi\/wp-json\/wp\/v2\/users\/2"}],"replies":[{"embeddable":true,"href":"https:\/\/www.europesays.com\/fi\/wp-json\/wp\/v2\/comments?post=126740"}],"version-history":[{"count":0,"href":"https:\/\/www.europesays.com\/fi\/wp-json\/wp\/v2\/posts\/126740\/revisions"}],"wp:featuredmedia":[{"embeddable":true,"href":"https:\/\/www.europesays.com\/fi\/wp-json\/wp\/v2\/media\/126741"}],"wp:attachment":[{"href":"https:\/\/www.europesays.com\/fi\/wp-json\/wp\/v2\/media?parent=126740"}],"wp:term":[{"taxonomy":"category","embeddable":true,"href":"https:\/\/www.europesays.com\/fi\/wp-json\/wp\/v2\/categories?post=126740"},{"taxonomy":"post_tag","embeddable":true,"href":"https:\/\/www.europesays.com\/fi\/wp-json\/wp\/v2\/tags?post=126740"}],"curies":[{"name":"wp","href":"https:\/\/api.w.org\/{rel}","templated":true}]}}