{"id":126742,"date":"2025-12-27T03:13:12","date_gmt":"2025-12-27T03:13:12","guid":{"rendered":"https:\/\/www.europesays.com\/fi\/126742\/"},"modified":"2025-12-27T03:13:12","modified_gmt":"2025-12-27T03:13:12","slug":"trump-tapaamisen-alla-zelenskyilla-ei-ole-mitaan-ilman-hyvaksyntaani","status":"publish","type":"post","link":"https:\/\/www.europesays.com\/fi\/126742\/","title":{"rendered":"Trump tapaamisen alla: Zelenskyill\u00e4 \u201dei ole mit\u00e4\u00e4n ilman hyv\u00e4ksynt\u00e4\u00e4ni\u201d"},"content":{"rendered":"<p>Ukrainan sota|Trumpin ja Zelenskyin on m\u00e4\u00e4r\u00e4 tavata sunnuntaina Yhdysvalloissa.<\/p>\n<p>26.12. 9:02 | P\u00e4ivitetty 26.12. 22:45<\/p>\n<p class=\"article-body mb-nof-24 px-nof-16\">Ukrainan presidentti <a class=\"article-personlink\" href=\"https:\/\/www.hs.fi\/haku\/?query=Volodymyr%20Zelenskyi\" rel=\"nofollow noopener\" target=\"_blank\">Volodymyr Zelenskyi<\/a> kertoo amerikkalaismedia <a class=\"underline underline-offset-[0.12em] [text-decoration-thickness:var(--generic-link-underline-thickness)] [text-decoration-color:var(--generic-link-underline-color)] [text-decoration-skip-ink:var(--generic-link-underline-skip-ink)] break-words\" href=\"https:\/\/www.axios.com\/2025\/12\/26\/zelensky-ukraine-plan-referendum-trump-meeting\" rel=\"nofollow noopener\" target=\"_blank\">Axiosille <\/a>antamassaan haastattelussa, ett\u00e4 h\u00e4n toivoo p\u00e4\u00e4sev\u00e4ns\u00e4 <a class=\"article-personlink\" href=\"https:\/\/www.hs.fi\/haku\/?query=Donald%20Trumpin\" rel=\"nofollow noopener\" target=\"_blank\">Donald Trumpin<\/a> kanssa yhteisymm\u00e4rrykseen rauhansuunnitelmasta sunnuntaina.<\/p>\n<p class=\"article-body mb-nof-24 px-nof-16\">Zelenskyin ja Yhdysvaltain presidentin Trumpin on m\u00e4\u00e4r\u00e4 tavata sunnuntaina Yhdysvalloissa. Presidentit tapaavat eri medioiden l\u00e4hteiden mukaan Trumpin kartanolla Mar-a-Lagossa Floridassa.<\/p>\n<p class=\"article-body mb-nof-24 px-nof-16\">Trump suhtautuu tapaamiseen laimein odotuksin, uutislehti Politico <a class=\"underline underline-offset-[0.12em] [text-decoration-thickness:var(--generic-link-underline-thickness)] [text-decoration-color:var(--generic-link-underline-color)] [text-decoration-skip-ink:var(--generic-link-underline-skip-ink)] break-words\" href=\"https:\/\/www.politico.com\/news\/2025\/12\/26\/trump-to-politico-zelenskyy-doesnt-have-anything-until-i-approve-it-00706783\" rel=\"nofollow noopener\" target=\"_blank\">kertoi<\/a> my\u00f6h\u00e4\u00e4n perjantaina Suomen aikaa.<\/p>\n<p class=\"article-body mb-nof-24 px-nof-16\">\u201dH\u00e4nell\u00e4 [Zelenskyill\u00e4] ei ole mit\u00e4\u00e4n ilman hyv\u00e4ksynt\u00e4\u00e4ni. Katsotaanpa, mit\u00e4 h\u00e4nell\u00e4 on\u201d, Trump sanoi lehden haastattelussa.<\/p>\n<p class=\"article-body mb-nof-24 px-nof-16\">Trump totesi tosin my\u00f6s, ett\u00e4 h\u00e4n voisi saada aikaan hyv\u00e4n tapaamisen Zelenskyin kanssa. Trump sanoi my\u00f6s, ett\u00e4 h\u00e4n keskustelee l\u00e4hiaikoina Ven\u00e4j\u00e4n presidentin <a class=\"article-personlink\" href=\"https:\/\/www.hs.fi\/haku\/?query=Vladimir%20Putinin\" rel=\"nofollow noopener\" target=\"_blank\">Vladimir Putinin<\/a> kanssa.<\/p>\n<p class=\"article-body mb-nof-24 px-nof-16\">Axiosin mukaan Zelenskyi kertoi puhelinhaastattelussa olevansa my\u00f6s valmis j\u00e4rjest\u00e4m\u00e4\u00e4n rauhansuunnitelmasta kansan\u00e4\u00e4nestyksen, jos Ven\u00e4j\u00e4 suostuu v\u00e4hint\u00e4\u00e4n 60 p\u00e4iv\u00e4n tulitaukoon.<\/p>\n<p class=\"article-body mb-nof-24 px-nof-16\">Zelenskyi julkisti<a class=\"underline underline-offset-[0.12em] [text-decoration-thickness:var(--generic-link-underline-thickness)] [text-decoration-color:var(--generic-link-underline-color)] [text-decoration-skip-ink:var(--generic-link-underline-skip-ink)] break-words\" href=\"https:\/\/www.hs.fi\/maailma\/art-2000011675228.html\" rel=\"nofollow noopener\" target=\"_blank\"> jouluaattona<\/a> 20-kohtaisen version Yhdysvaltojen ja Ukrainan muokkaamasta rauhansuunnitelman luonnoksesta.<\/p>\n<p class=\"article-body mb-nof-24 px-nof-16\">Suunnitelmassa ehdotetaan muun muassa, ett\u00e4 Ven\u00e4j\u00e4n valtaamia alueita It\u00e4-Ukrainassa ei tunnustettaisi osaksi Ven\u00e4j\u00e4\u00e4. Sen sijaan Ukraina ja Yhdysvallat esitt\u00e4v\u00e4t demilitarisoituja alueita tai erityistalousalueita rintamalinjan tuntumaan Donetskissa.<\/p>\n<p class=\"article-body mb-nof-24 px-nof-16\">Suunnitelman mukaan osapuolten allekirjoittaessa sopimuksen tulitauko astuisi voimaan v\u00e4litt\u00f6m\u00e4sti.<\/p>\n<p class=\"article-body mb-nof-24 px-nof-16\">Vaikka jouluaattona julkaistu rauhansuunnitelma on Zelenskyin mukaan jo parempi, se vaatii edelleen Ukrainalta kivuliaita alueluovutuksia. Axiosin mukaan Zelenskyi toivoo parantavansa n\u00e4it\u00e4 ehtoja tapaamisessa Trumpin kanssa. Mik\u00e4li se ei onnistu, Zelenskyin olisi pyydett\u00e4v\u00e4 Ukrainan kansalta lupaa alueluovutuksiin.<\/p>\n<p class=\"article-body mb-nof-24 px-nof-16\">Luonnos on l\u00e4hetetty my\u00f6s Moskovaan arvioitavaksi. Kremli\u00e4 l\u00e4hell\u00e4 oleva l\u00e4hde <a class=\"underline underline-offset-[0.12em] [text-decoration-thickness:var(--generic-link-underline-thickness)] [text-decoration-color:var(--generic-link-underline-color)] [text-decoration-skip-ink:var(--generic-link-underline-skip-ink)] break-words\" href=\"https:\/\/www.hs.fi\/maailma\/art-2000011714345.html\" rel=\"nofollow noopener\" target=\"_blank\">sanoi yhdysvaltaiselle Bloombergille<\/a>, ett\u00e4 Ven\u00e4j\u00e4 haluaa suunnitelmaan useita muutoksia.<\/p>\n<p class=\"article-body mb-nof-24 px-nof-16\">Bloombergin l\u00e4hteen mukaan Ven\u00e4j\u00e4 erityisesti haluaisi takeet siit\u00e4, ettei puolustusliitto Nato laajenisi enemp\u00e4\u00e4 it\u00e4\u00e4n.<\/p>\n<p class=\"article-body mb-nof-24 px-nof-16\">Zelenskyi kertoi aiemmin perjantaina <a class=\"underline underline-offset-[0.12em] [text-decoration-thickness:var(--generic-link-underline-thickness)] [text-decoration-color:var(--generic-link-underline-color)] [text-decoration-skip-ink:var(--generic-link-underline-skip-ink)] break-words\" href=\"https:\/\/x.com\/ZelenskyyUa\/status\/2004572647066124342\" rel=\"nofollow\">viestipalvelu X:ss\u00e4 <\/a>puhuneensa presidentti <a class=\"article-personlink\" href=\"https:\/\/www.hs.fi\/haku\/?query=Alexander%20Stubbin\" rel=\"nofollow noopener\" target=\"_blank\">Alexander Stubbin<\/a> kanssa. Zelenskyi kiitti Stubbia h\u00e4nen jatkuvasta tuestaan ja ideoistaan.<\/p>\n<p class=\"article-body mb-nof-24 px-nof-16\">Joulup\u00e4iv\u00e4n\u00e4 Zelenskyi keskusteli Yhdysvaltain erityisl\u00e4hettil\u00e4\u00e4n <a class=\"article-personlink\" href=\"https:\/\/www.hs.fi\/haku\/?query=Steve%20Witkoffin\" rel=\"nofollow noopener\" target=\"_blank\">Steve Witkoffin<\/a> ja Trumpin v\u00e4vyn <a class=\"article-personlink\" href=\"https:\/\/www.hs.fi\/haku\/?query=Jared%20Kushnerin\" rel=\"nofollow noopener\" target=\"_blank\">Jared Kushnerin<\/a> kanssa noin tunnin ajan puhelimessa siit\u00e4, miten sota Ven\u00e4j\u00e4n kanssa voitaisiin saada p\u00e4\u00e4t\u00f6kseen.<\/p>\n<p class=\"article-body mb-nof-24 px-nof-16\">Zelenskyi kehui keskustelua todella hyv\u00e4ksi, uutistoimisto Reuters kertoo.<\/p>\n<p class=\"article-body nof-ui-body-medium mb-nof-24 px-nof-16\">Oikaisu 26.12. kello 22.45: Trump kommentoi tapaamista perjantaina, ei lauantaina, kuten artikkelissa aiemmin kerrottiin.<\/p>\n","protected":false},"excerpt":{"rendered":"Ukrainan sota|Trumpin ja Zelenskyin on m\u00e4\u00e4r\u00e4 tavata sunnuntaina Yhdysvalloissa. 26.12. 9:02 | P\u00e4ivitetty 26.12. 22:45 Ukrainan presidentti Volodymyr&hellip;\n","protected":false},"author":2,"featured_media":126743,"comment_status":"","ping_status":"","sticky":false,"template":"","format":"standard","meta":{"footnotes":""},"categories":[5],"tags":[22,23,26,27,33,31,30,17,46,24,25,28,29,15,18,21,32,19,20,16],"class_list":{"0":"post-126742","1":"post","2":"type-post","3":"status-publish","4":"format-standard","5":"has-post-thumbnail","7":"category-otsikot","8":"tag-breaking-news","9":"tag-breakingnews","10":"tag-featured-news","11":"tag-featurednews","12":"tag-fi","13":"tag-finland","14":"tag-finnish","15":"tag-headlines","16":"tag-helsingin-sanomat","17":"tag-latest-news","18":"tag-latestnews","19":"tag-main-news","20":"tag-mainnews","21":"tag-news","22":"tag-otsikot","23":"tag-paauutiset","24":"tag-suomi","25":"tag-top-stories","26":"tag-topstories","27":"tag-uutiset"},"share_on_mastodon":{"url":"https:\/\/pubeurope.com\/@fi\/115789352337790353","error":""},"_links":{"self":[{"href":"https:\/\/www.europesays.com\/fi\/wp-json\/wp\/v2\/posts\/126742","targetHints":{"allow":["GET"]}}],"collection":[{"href":"https:\/\/www.europesays.com\/fi\/wp-json\/wp\/v2\/posts"}],"about":[{"href":"https:\/\/www.europesays.com\/fi\/wp-json\/wp\/v2\/types\/post"}],"author":[{"embeddable":true,"href":"https:\/\/www.europesays.com\/fi\/wp-json\/wp\/v2\/users\/2"}],"replies":[{"embeddable":true,"href":"https:\/\/www.europesays.com\/fi\/wp-json\/wp\/v2\/comments?post=126742"}],"version-history":[{"count":0,"href":"https:\/\/www.europesays.com\/fi\/wp-json\/wp\/v2\/posts\/126742\/revisions"}],"wp:featuredmedia":[{"embeddable":true,"href":"https:\/\/www.europesays.com\/fi\/wp-json\/wp\/v2\/media\/126743"}],"wp:attachment":[{"href":"https:\/\/www.europesays.com\/fi\/wp-json\/wp\/v2\/media?parent=126742"}],"wp:term":[{"taxonomy":"category","embeddable":true,"href":"https:\/\/www.europesays.com\/fi\/wp-json\/wp\/v2\/categories?post=126742"},{"taxonomy":"post_tag","embeddable":true,"href":"https:\/\/www.europesays.com\/fi\/wp-json\/wp\/v2\/tags?post=126742"}],"curies":[{"name":"wp","href":"https:\/\/api.w.org\/{rel}","templated":true}]}}