{"id":126744,"date":"2025-12-27T03:32:17","date_gmt":"2025-12-27T03:32:17","guid":{"rendered":"https:\/\/www.europesays.com\/fi\/126744\/"},"modified":"2025-12-27T03:32:17","modified_gmt":"2025-12-27T03:32:17","slug":"lindsey-vonn-41-palasi-kilpailuihin-vuosien-tauon-jalkeen-ja-loi-kaikki-allikalla","status":"publish","type":"post","link":"https:\/\/www.europesays.com\/fi\/126744\/","title":{"rendered":"Lindsey Vonn, 41, palasi kilpailuihin vuosien tauon j\u00e4lkeen ja l\u00f6i kaikki \u00e4llik\u00e4ll\u00e4"},"content":{"rendered":"<p>Alppihiihto|Lindsey Vonn on todistanut ep\u00e4ilyt turhiksi.<\/p>\n<p>26.12. 15:00<\/p>\n<p>Lue tiivistelm\u00e4<\/p>\n<p class=\"article-body mb-nof-24 px-nof-16 sndp-summary-bullet-point-font\">Yhdysvaltalainen alppihiiht\u00e4j\u00e4 Lindsey Vonn voitti maailmancupin sy\u00f6ksykilpailun St. Moritzissa 41-vuotiaana ja tuli lajin kautta aikain vanhimmaksi osakilpailuvoittajaksi.<\/p>\n<p class=\"article-body mb-nof-24 px-nof-16 sndp-summary-bullet-point-font\">Vonn palasi kilpailuihin viime vuonna kuuden vuoden tauon j\u00e4lkeen, ja h\u00e4nen paluutaan ep\u00e4iltiin voimakkaasti lukuisten loukkaantumisten ja i\u00e4n vuoksi.<\/p>\n<p class=\"article-body mb-nof-24 px-nof-16 sndp-summary-bullet-point-font\">Alppit\u00e4hti kertoo olevansa nyt fyysisesti paremmassa kunnossa kuin koskaan aiemmin tiukan harjoittelun ja uuden laskutekniikan ansiosta.<\/p>\n<p class=\"article-body mb-nof-24 px-nof-16 sndp-summary-bullet-point-font\">Vonnin tavoitteena on kilpailla Milanon ja Cortina d&#8217;Ampezzon talviolympialaisissa noin kahden kuukauden p\u00e4\u00e4st\u00e4.<\/p>\n<p class=\"article-body mb-nof-24 px-nof-16\">Sy\u00f6ksylaskun maailmancupin olympiakausi alkoi melkoisella rys\u00e4yksell\u00e4 St. Moritzin rinteiss\u00e4.<\/p>\n<p class=\"article-body mb-nof-24 px-nof-16\">Lajin yhdysvaltalainen legenda <a class=\"article-personlink\" href=\"https:\/\/www.hs.fi\/haku\/?query=Lindsey%20Vonn\" rel=\"nofollow noopener\" target=\"_blank\">Lindsey Vonn<\/a> l\u00f6i likipit\u00e4en jokaisen \u00e4llik\u00e4ll\u00e4, kun h\u00e4n laski sy\u00f6ksykilpailun voittoon suvereenilla 0,98 sekunnin marginaalilla toisena tulleeseen It\u00e4vallan <a class=\"article-personlink\" href=\"https:\/\/www.hs.fi\/haku\/?query=Magdalena%20Eggeriin\" rel=\"nofollow noopener\" target=\"_blank\">Magdalena Eggeriin<\/a>.<\/p>\n<p class=\"article-body mb-nof-24 px-nof-16\">Samalla Vonnista, 41, tuli kautta aikain vanhin alppihiihdon maailmancupin osakilpailuvoittaja. Yhdysvaltojen Minnesotasta ponnistava Vonn osoitti olevansa tosissaan mukana taistossa mitaleista, kun talviolympialaiset kilpaillaan Milanossa ja Cortina d\u2019Ampezzossa helmikuussa.<\/p>\n<p class=\"article-body mb-nof-24 px-nof-16\">Vonn tuuletti voittolaskunsa j\u00e4lkeen St. Moritzissa villisti. Nyrkin heristyksiin ja raikuviin huutoihin n\u00e4ytti kiteytyv\u00e4n paljon muutakin kuin vain yksitt\u00e4inen osakilpailuvoitto.<\/p>\n<p><img decoding=\"async\" src=\"https:\/\/www.europesays.com\/fi\/wp-content\/uploads\/2025\/12\/1766806336_979_468.jpg\" alt=\"Lindsey Vonn l\u00f6i kaikki \u00e4llik\u00e4ll\u00e4 Sveitsin St. Moritzissa.\" class=\"_Img_1rerz_1\" style=\"aspect-ratio:1.3333333333333333\" loading=\"eager\"\/><\/p>\n<p class=\"article-picture-caption\">Lindsey Vonn l\u00f6i kaikki \u00e4llik\u00e4ll\u00e4 Sveitsin St. Moritzissa. Kuva:\u00a0Denis Balibouse<\/p>\n<p class=\"article-body mb-nof-24 px-nof-16\">Vonn pudotti urheilumaailmaa j\u00e4risytt\u00e4neen uutisen viime vuoden lopulla.<\/p>\n<p class=\"article-body mb-nof-24 px-nof-16\">Huhut alkoivat velloa lokakuussa 2024, kun alppihiihtovalmentaja <a class=\"article-personlink\" href=\"https:\/\/www.hs.fi\/haku\/?query=Sepp%20Brunner\" rel=\"nofollow noopener\" target=\"_blank\">Sepp Brunner <\/a>kertoi n\u00e4hneens\u00e4 Vonnin harjoittelevan mahdollista paluuta varten.<\/p>\n<p class=\"article-body mb-nof-24 px-nof-16\">Pian puheet osoittautuivat todeksi. Vonn oli p\u00e4\u00e4tt\u00e4nyt palata hiihtomaailman huipulle ja maailmancupin rinteisiin kuuden vuoden kilpailutauon j\u00e4lkeen.<\/p>\n<p class=\"article-body mb-nof-24 px-nof-16\">Uutisen vastaanotto oli jopa tyrm\u00e4\u00e4v\u00e4.<\/p>\n<p class=\"article-body mb-nof-24 px-nof-16\">\u201dH\u00e4nen pit\u00e4isi menn\u00e4 psykologille. Haluaako h\u00e4n tappaa itsens\u00e4?\u201d, ihmetteli kaksinkertainen olympiavoittaja <a class=\"article-personlink\" href=\"https:\/\/www.hs.fi\/haku\/?query=Michaela%20Dorfmeister\" rel=\"nofollow noopener\" target=\"_blank\">Michaela Dorfmeister<\/a>.<\/p>\n<p class=\"article-body mb-nof-24 px-nof-16\">\u201dH\u00e4n on seonnut\u201d, totesi sy\u00f6ksyn erikoismies <a class=\"article-personlink\" href=\"https:\/\/www.hs.fi\/haku\/?query=Franz%20Klammer\" rel=\"nofollow noopener\" target=\"_blank\">Franz Klammer<\/a> it\u00e4valtaisella televisiokanavalla.<\/p>\n<p class=\"article-body mb-nof-24 px-nof-16\">Reaktiot ovat sin\u00e4ns\u00e4 ymm\u00e4rrett\u00e4vi\u00e4. Ennen joulukuuta 2024 Vonn oli kilpaillut viimeksi kev\u00e4\u00e4ll\u00e4 2019, ja h\u00e4n on k\u00e4rsinyt aiemmin lukuisista loukkaantumisista.<\/p>\n<p class=\"article-body mb-nof-24 px-nof-16\">Yhdysvaltalainen oli ylt\u00e4nyt urallaan muun muassa 82:een maailmancupin voittoon, yhteen olympiakultaan ja kahteen maailmanmestaruuteen. Karu fakta on kuitenkin se, ett\u00e4 Vonnin loukkaantumiset vet\u00e4v\u00e4t m\u00e4\u00e4r\u00e4ss\u00e4\u00e4n vertoja jopa huikeille saavutuksille.<\/p>\n<p class=\"article-body mb-nof-24 px-nof-16\">Vonn oli k\u00e4rsinyt 19-vuotisella urallaan nivelsiteiden repe\u00e4mist\u00e4, murtumista sek\u00e4 aivot\u00e4r\u00e4hdyksist\u00e4, ja h\u00e4nelle on tehty jopa 12 suurta leikkausta. Vonnin polveen on operoitu osittainen tekonivel. Titaanipolvi on auttanut supert\u00e4hden takaisin rinteisiin.<\/p>\n<p><img decoding=\"async\" src=\"https:\/\/www.europesays.com\/fi\/wp-content\/uploads\/2025\/12\/1766806336_124_468.jpg\" alt=\"Vonn jatkoi huimia otteitaan St. Moritzissa sijoittumalla toiseksi lauantain sy\u00f6ksylaskussa. Kuvassa h\u00e4n poseeraa kolmanneksi tulleen Italian Sofia Goggian kanssa.\" class=\"_Img_1rerz_1\" style=\"aspect-ratio:1.3333333333333333\" loading=\"eager\"\/><\/p>\n<p class=\"article-picture-caption\">Vonn jatkoi huimia otteitaan St. Moritzissa sijoittumalla toiseksi lauantain sy\u00f6ksylaskussa. Kuvassa h\u00e4n poseeraa kolmanneksi tulleen Italian Sofia Goggian kanssa. Kuva:\u00a0Denis Balibouse<\/p>\n<p><img decoding=\"async\" src=\"https:\/\/www.europesays.com\/fi\/wp-content\/uploads\/2025\/12\/1766806336_888_468.jpg\" alt=\"Aksel Lund Svindal on ollut suuri apu Vonnille.\" class=\"_Img_1rerz_1\" style=\"aspect-ratio:1.3333333333333333\" loading=\"eager\"\/><\/p>\n<p class=\"article-picture-caption\">Aksel Lund Svindal on ollut suuri apu Vonnille. Kuva:\u00a0STEFAN WERMUTH<\/p>\n<p class=\"article-body mb-nof-24 px-nof-16\">I\u00e4n ja vammojen mukanaan tuoma taakka on pakottanut alppit\u00e4hden tarkkailemaan jyrkki\u00e4 rinteit\u00e4 uudesta perspektiivist\u00e4. Nykyisin Vonn ei omien sanojensa mukaan vain sy\u00f6ksy p\u00e4\u00e4t\u00e4 pahkaa m\u00e4ke\u00e4 alas vaan laskee pelotta mutta eritt\u00e4in laskelmoidusti.<\/p>\n<p class=\"article-body mb-nof-24 px-nof-16\">Uuden laskutekniikan kehittelemisess\u00e4 Vonnia on auttanut kes\u00e4ll\u00e4 h\u00e4nen harjoitustiimiins\u00e4 liittynyt alppihiihdon entinen norjalaist\u00e4hti <a class=\"article-personlink\" href=\"https:\/\/www.hs.fi\/haku\/?query=Aksel%20Lund%20Svindal\" rel=\"nofollow noopener\" target=\"_blank\">Aksel Lund Svindal<\/a>. Viisinkertainen maailmanmestari ja kaksinkertainen olympiavoittaja auttoi Vonnia laskemaan optimaalisella tavalla polvileikkauksen j\u00e4lkeen.<\/p>\n<p class=\"article-body mb-nof-24 px-nof-16\">Laskutekniikan muutosten ja muun muassa vanhemman mallisiin monoihin vaihtamisen ohella yksi seikka kuitenkin on ja pysyy. Vonnin ty\u00f6moraali on edelleen armoton.<\/p>\n<p class=\"article-body mb-nof-24 px-nof-16\">Supert\u00e4hden tavoitteena on kisata tulevissa talviolympialaisissa supersuurpujottelussa, sy\u00f6ksylaskussa ja joukkuealppiyhdistetyss\u00e4.<\/p>\n<p class=\"article-body mb-nof-24 px-nof-16\">Saavuttaakseen hurjan olympiaunelmansa Vonn laittoi viime kes\u00e4n\u00e4 ty\u00f6hanskat k\u00e4teen kenties tiukemmin kuin koskaan aiemmin.<\/p>\n<p class=\"article-body mb-nof-24 px-nof-16\">Tuloksena oli huima muodonmuutos niin alppit\u00e4hden voimatasoissa kuin kehossa ylip\u00e4\u00e4t\u00e4\u00e4n.<\/p>\n<p class=\"article-body mb-nof-24 px-nof-16\">\u201dHalusin vahvistua paljon kes\u00e4n aikana. Olin hoikempi kuin halusin viime kaudella. Olin paljon kevyempi kuin parhaina vuosinani.\u201d<\/p>\n<blockquote class=\"p-[var(--citation-padding)] m-[var(--citation-margin)] border-y-[length:var(--citation-border-width)] border-y-[color:var(--citation-border-color)]\">\n<p>T\u00f6it\u00e4 on teht\u00e4v\u00e4 paljon muuallakin kuin vain rinteess\u00e4. Ty\u00f6skentelen kovaa kaikessa, enk\u00e4 vain hiihdossa.<\/p>\n<\/blockquote>\n<p class=\"article-body mb-nof-24 px-nof-16\">Vonn on kertonut, ett\u00e4 h\u00e4nen painonsa nousi kes\u00e4n mittaa yli viisi kiloa. Tulos ei tullut helpolla.<\/p>\n<p class=\"article-body mb-nof-24 px-nof-16\">\u201dLaitoin kaikkeni peliin sen eteen, ett\u00e4 olen mahdollisimman valmis fyysisesti. En ole koskaan ennen ollut niin kurinalainen ruokavalioni ja kes\u00e4harjoitteluni kanssa.\u201d<\/p>\n<p class=\"article-body mb-nof-24 px-nof-16\">\u201dTeen valtaosana jokaisesta p\u00e4iv\u00e4st\u00e4 jotain keholleni. Se on rankkaa, mutta harjoittelen my\u00f6s viisaammin kuin koskaan. Urheilijoilla on nyky\u00e4\u00e4n niin paljon v\u00e4lineit\u00e4, joita aiemmin ei ollut. Uskon, ett\u00e4 alamme sen vuoksi n\u00e4hd\u00e4 yh\u00e4 pidempi\u00e4 urheilu-uria.\u201d<\/p>\n<p class=\"article-body mb-nof-24 px-nof-16\">Vonnin viisituntiset salisessiot, pitk\u00e4t py\u00f6r\u00e4ilytreenit ja tuplaharjoitukset ovat tehneet kovaa tulosta. Yhdysvaltalainen on kuvaillut olevansa nyt fyysisesti paremmassa kunnossa kuin koskaan aiemmin.<\/p>\n<p class=\"article-body mb-nof-24 px-nof-16\">Vain kaksi asiaa pakottaa Vonnin pit\u00e4m\u00e4\u00e4n taukoja tiukasta harjoittelurutiinista: palautuminen ja media.<\/p>\n<p class=\"article-body mb-nof-24 px-nof-16\">N\u00e4ist\u00e4 j\u00e4lkimm\u00e4inen on tullut Vonnille tutuksi my\u00f6s vaihtoehtoisena urapolkuna, sill\u00e4 vuosien varrella h\u00e4nest\u00e4 on kasvanut tunnettu muoti-ikoni, jonka kasvot ja mallikuvastot ovat vahvasti esill\u00e4 julkisuudessa.<\/p>\n<p class=\"article-body mb-nof-24 px-nof-16\">Vonnin julkisuuskuvassa piilee kenties my\u00f6s osittainen syy sille, miksi h\u00e4nen yll\u00e4tt\u00e4v\u00e4\u00e4n paluuseensa suhtauduttiin monin paikoin ep\u00e4ilev\u00e4sti.<\/p>\n<p class=\"article-body mb-nof-24 px-nof-16\">Urheilumaailmassa on perinteisesti suhtauduttu varauksella huippu-urheilijoihin, jotka nauttivat runsaasti huomiota my\u00f6s julkkispiireiss\u00e4 ja tabloidien kansissa.<\/p>\n<p><img decoding=\"async\" src=\"https:\/\/www.europesays.com\/fi\/wp-content\/uploads\/2025\/12\/1766806337_357_468.jpg\" alt=\"Lindsey Vonn on tuttu n\u00e4ky punaisilla matoilla.\" class=\"_Img_1rerz_1\" style=\"aspect-ratio:1.3333333333333333\" loading=\"eager\"\/><\/p>\n<p class=\"article-picture-caption\">Lindsey Vonn on tuttu n\u00e4ky punaisilla matoilla. Kuva:\u00a0imago sport \/ AOP<\/p>\n<p class=\"article-body mb-nof-24 px-nof-16\">Vancouverin talviolympialaisten 2010 sy\u00f6ksylaskukulta laukaisi Vonnin aivan uudelle tasolle tunnettuudessa.<\/p>\n<p class=\"article-body mb-nof-24 px-nof-16\">H\u00e4n nousi yhdeksi Yhdysvaltain huippu-urheilun suosituimmista kasvoista ja vieraili talk show -ohjelmissa ja poseerasi uimapukukuvastoissa. Sponsorisopimuksia Vonnille sateli j\u00e4ttibr\u00e4ndeilt\u00e4 kuten Red Bullilta, Rolexilta ja Under Armourilta.<\/p>\n<p class=\"article-body mb-nof-24 px-nof-16\">My\u00f6s julkiset seurustelusuhteet urheilut\u00e4htiin kuten <a class=\"article-personlink\" href=\"https:\/\/www.hs.fi\/haku\/?query=Tiger%20Woodsiin\" rel=\"nofollow noopener\" target=\"_blank\">Tiger Woodsiin<\/a> ja <a class=\"article-personlink\" href=\"https:\/\/www.hs.fi\/haku\/?query=P.K.%20Subbaniin\" rel=\"nofollow noopener\" target=\"_blank\">P.K. Subbaniin<\/a> ovat s\u00e4est\u00e4neet Vonnin mainetta julkisuuden persoonana enemm\u00e4n kuin silkkana urheilijana.<\/p>\n<p class=\"article-body mb-nof-24 px-nof-16\">Kaikesta toissijaisesta mediahuomiosta on ollut valtavasti hy\u00f6ty\u00e4 Vonnin urheilu-uran rahoittamisessa.<\/p>\n<p class=\"article-body mb-nof-24 px-nof-16\">\u201dAlppihiihto ei ole valtavirran urheilulaji. Is\u00e4ni sanoi minulle jo varhain, ett\u00e4 minusta on tultava enemm\u00e4n kuin vain laskija.\u201d<\/p>\n<p class=\"article-body mb-nof-24 px-nof-16\">Laji ei toden totta nauti samanlaista huomiota rapakon takan kuin vaikkapa It\u00e4vallassa tai Sveitsiss\u00e4. Siksi henkil\u00f6kohtaisten yrityssuhteiden ja sponsorisopimusten arvo nousee arvoon arvaamattomaan.<\/p>\n<p class=\"article-body mb-nof-24 px-nof-16\">\u201dT\u00f6it\u00e4 on teht\u00e4v\u00e4 paljon muuallakin kuin vain rinteess\u00e4. Ty\u00f6skentelen kovaa kaikessa, enk\u00e4 vain hiihdossa\u201d, Vonn kiteytt\u00e4\u00e4.<\/p>\n<blockquote class=\"p-[var(--citation-padding)] m-[var(--citation-margin)] border-y-[length:var(--citation-border-width)] border-y-[color:var(--citation-border-color)]\">\n<p>Minun on kiitett\u00e4v\u00e4 kaikkia niit\u00e4, jotka eiv\u00e4t uskoneet minuun.<\/p>\n<\/blockquote>\n<p class=\"article-body mb-nof-24 px-nof-16\">Olympiakauden alkupuolella n\u00e4ytt\u00e4\u00e4 vahvasti silt\u00e4, ett\u00e4 Vonnin kokonaisvaltainen urakointi kantaa j\u00e4lleen hedelm\u00e4\u00e4.<\/p>\n<p class=\"article-body mb-nof-24 px-nof-16\">Alppilegendan paluukausi sujui ajoittain vaisusti, vaikka kev\u00e4\u00e4ll\u00e4 h\u00e4n onnistuikin laskemaan kerran podiumille maailmancupissa yhdysvaltain Sun Valleyssa.<\/p>\n<p class=\"article-body mb-nof-24 px-nof-16\">Kovimpien kritisoijien puheet saivat hetkellisesti katetta. St. Moritzin historiallisen rep\u00e4isyn j\u00e4lkeen vaikuttaisi kuitenkin hullulta vihjata, ett\u00e4 Vonn olisi seonnut.<\/p>\n<p class=\"article-body mb-nof-24 px-nof-16\">\u201dMinun on kiitett\u00e4v\u00e4 kaikkia niit\u00e4, jotka eiv\u00e4t uskoneet minuun. Olen yll\u00e4ttynyt siit\u00e4, etteiv\u00e4t he ole viel\u00e4 tajunneet t\u00e4t\u00e4: joka kerta, kun minusta puhutaan pahaa, min\u00e4 muutun vain vahvemmaksi ja motivoituneemmaksi\u201d, Vonn sanoi tuoreen huippulaskunsa j\u00e4lkeen.<\/p>\n<p><img decoding=\"async\" src=\"https:\/\/www.europesays.com\/fi\/wp-content\/uploads\/2025\/12\/1766806337_562_468.jpg\" alt=\"Voiton hetki oli alppilegendalle tunteikas.\" class=\"_Img_1rerz_1\" style=\"aspect-ratio:1.3333333333333333\" loading=\"eager\"\/><\/p>\n<p class=\"article-picture-caption\">Voiton hetki oli alppilegendalle tunteikas. Kuva:\u00a0CLAUDIO THOMA<\/p>\n<p class=\"article-body nof-ui-body-medium mb-nof-24 px-nof-16\">L\u00e4hteet: <a class=\"underline underline-offset-[0.12em] [text-decoration-thickness:var(--generic-link-underline-thickness)] [text-decoration-color:var(--generic-link-underline-color)] [text-decoration-skip-ink:var(--generic-link-underline-skip-ink)] break-words article-endnote\" href=\"https:\/\/www.nytimes.com\/athletic\/6887342\/2025\/12\/14\/lindsey-vonn-comeback-knee-olympics-world-cup-st-moritz\/\" rel=\"nofollow noopener\" target=\"_blank\">The Athletic<\/a>, <a class=\"underline underline-offset-[0.12em] [text-decoration-thickness:var(--generic-link-underline-thickness)] [text-decoration-color:var(--generic-link-underline-color)] [text-decoration-skip-ink:var(--generic-link-underline-skip-ink)] break-words article-endnote\" href=\"https:\/\/www.dailymail.co.uk\/sport\/othersports\/article-15376421\/lindsey-vonn-body-transformation-winter-olympics.html?ito=social-twitter_dailymailsport&amp;ns_campaign=1490&amp;utm_social_handle_id=111556576&amp;utm_social_post_id=620448501&amp;ns_mchannel=rss\" rel=\"nofollow noopener\" target=\"_blank\">Daily Mail<\/a>, <a class=\"underline underline-offset-[0.12em] [text-decoration-thickness:var(--generic-link-underline-thickness)] [text-decoration-color:var(--generic-link-underline-color)] [text-decoration-skip-ink:var(--generic-link-underline-skip-ink)] break-words article-endnote\" href=\"https:\/\/www.skimag.com\/athletes\/lindsey-vonn-olympic-comeback\/?link_source=ta_first_comment&amp;scope=anon&amp;taid=693c827c97110000016ac64f&amp;utm_content=comment&amp;utm_medium=ski&amp;utm_source=facebook&amp;fbclid=IwZnRzaAOrU75leHRuA2FlbQIxMQBzcnRjBmFwcF9pZAo2NjI4NTY4Mzc5AAEeWEwShMMJi7Jyjwo24p1KhH2knGmbcslMskQwOoEJnlQqK_ZaSkR02DGs66o_aem_3oJw_ITZxllbI6_FqAOzlA\" rel=\"nofollow noopener\" target=\"_blank\">Ski<\/a>, <a class=\"underline underline-offset-[0.12em] [text-decoration-thickness:var(--generic-link-underline-thickness)] [text-decoration-color:var(--generic-link-underline-color)] [text-decoration-skip-ink:var(--generic-link-underline-skip-ink)] break-words article-endnote\" href=\"https:\/\/time.com\/7328290\/lindsey-vonn-olympics-comeback-interview\/?utm_source=twitter&amp;utm_medium=social&amp;utm_campaign=editorial&amp;utm_content=271025\" rel=\"nofollow noopener\" target=\"_blank\">Time<\/a>, <a class=\"underline underline-offset-[0.12em] [text-decoration-thickness:var(--generic-link-underline-thickness)] [text-decoration-color:var(--generic-link-underline-color)] [text-decoration-skip-ink:var(--generic-link-underline-skip-ink)] break-words article-endnote\" href=\"https:\/\/www.tsn.ca\/skiing\/article\/vonn-thanks-the-doubters-as-age-41-comeback-gets-off-to-promising-start\/\" rel=\"nofollow noopener\" target=\"_blank\">TSN<\/a>.<\/p>\n","protected":false},"excerpt":{"rendered":"Alppihiihto|Lindsey Vonn on todistanut ep\u00e4ilyt turhiksi. 26.12. 15:00 Lue tiivistelm\u00e4 Yhdysvaltalainen alppihiiht\u00e4j\u00e4 Lindsey Vonn voitti maailmancupin sy\u00f6ksykilpailun St.&hellip;\n","protected":false},"author":2,"featured_media":126745,"comment_status":"","ping_status":"","sticky":false,"template":"","format":"standard","meta":{"footnotes":""},"categories":[158],"tags":[33,31,30,46,159,32,160],"class_list":{"0":"post-126744","1":"post","2":"type-post","3":"status-publish","4":"format-standard","5":"has-post-thumbnail","7":"category-urheilu","8":"tag-fi","9":"tag-finland","10":"tag-finnish","11":"tag-helsingin-sanomat","12":"tag-sports","13":"tag-suomi","14":"tag-urheilu"},"share_on_mastodon":{"url":"https:\/\/pubeurope.com\/@fi\/115789427688950634","error":""},"_links":{"self":[{"href":"https:\/\/www.europesays.com\/fi\/wp-json\/wp\/v2\/posts\/126744","targetHints":{"allow":["GET"]}}],"collection":[{"href":"https:\/\/www.europesays.com\/fi\/wp-json\/wp\/v2\/posts"}],"about":[{"href":"https:\/\/www.europesays.com\/fi\/wp-json\/wp\/v2\/types\/post"}],"author":[{"embeddable":true,"href":"https:\/\/www.europesays.com\/fi\/wp-json\/wp\/v2\/users\/2"}],"replies":[{"embeddable":true,"href":"https:\/\/www.europesays.com\/fi\/wp-json\/wp\/v2\/comments?post=126744"}],"version-history":[{"count":0,"href":"https:\/\/www.europesays.com\/fi\/wp-json\/wp\/v2\/posts\/126744\/revisions"}],"wp:featuredmedia":[{"embeddable":true,"href":"https:\/\/www.europesays.com\/fi\/wp-json\/wp\/v2\/media\/126745"}],"wp:attachment":[{"href":"https:\/\/www.europesays.com\/fi\/wp-json\/wp\/v2\/media?parent=126744"}],"wp:term":[{"taxonomy":"category","embeddable":true,"href":"https:\/\/www.europesays.com\/fi\/wp-json\/wp\/v2\/categories?post=126744"},{"taxonomy":"post_tag","embeddable":true,"href":"https:\/\/www.europesays.com\/fi\/wp-json\/wp\/v2\/tags?post=126744"}],"curies":[{"name":"wp","href":"https:\/\/api.w.org\/{rel}","templated":true}]}}