{"id":126762,"date":"2025-12-27T04:03:08","date_gmt":"2025-12-27T04:03:08","guid":{"rendered":"https:\/\/www.europesays.com\/fi\/126762\/"},"modified":"2025-12-27T04:03:08","modified_gmt":"2025-12-27T04:03:08","slug":"kim-suitsutti-pohjois-korean-ja-venajan-suhdetta-uudenvuodentervehdyksessa-putinille-uutissuomalainen","status":"publish","type":"post","link":"https:\/\/www.europesays.com\/fi\/126762\/","title":{"rendered":"Kim suitsutti Pohjois-Korean ja Ven\u00e4j\u00e4n suhdetta uudenvuodentervehdyksess\u00e4 Putinille | Uutissuomalainen"},"content":{"rendered":"<p>Pohjois-Korean johtaja Kim Jong-un sanoo, ett\u00e4 vuosi 2025 oli merkityksellinen Pohjois-Korean ja Ven\u00e4j\u00e4n liittolaisuudelle.<\/p>\n<p>Kim kommentoi maiden v\u00e4list\u00e4 suhdetta Ven\u00e4j\u00e4n presidentti Vladimir Putinille osoittamassaan uudenvuodentervehdyksess\u00e4. Pohjois-Korean valtiollinen uutistoimisto KCNA julkaisi Kimin viestin lauantaina.<\/p>\n<p>Pohjois-Korean johtajan mukaan maiden v\u00e4list\u00e4 liittoa lujittivat yhteiset taistelut Ukrainassa. Pohjois-Korea vahvisti huhtikuussa, ett\u00e4 se oli l\u00e4hett\u00e4nyt joukkoja tukemaan Ven\u00e4j\u00e4n t\u00e4ysimittaista hy\u00f6kk\u00e4yssotaa Ukrainaa vastaan.<\/p>\n","protected":false},"excerpt":{"rendered":"Pohjois-Korean johtaja Kim Jong-un sanoo, ett\u00e4 vuosi 2025 oli merkityksellinen Pohjois-Korean ja Ven\u00e4j\u00e4n liittolaisuudelle. Kim kommentoi maiden v\u00e4list\u00e4&hellip;\n","protected":false},"author":2,"featured_media":126763,"comment_status":"","ping_status":"","sticky":false,"template":"","format":"standard","meta":{"footnotes":""},"categories":[14],"tags":[22,23,26,27,33,31,30,17,24,25,28,29,15,18,21,142,639,637,144,32,19,20,21377,56,16,638,2257,59,60,61],"class_list":{"0":"post-126762","1":"post","2":"type-post","3":"status-publish","4":"format-standard","5":"has-post-thumbnail","7":"category-ulkomaat","8":"tag-breaking-news","9":"tag-breakingnews","10":"tag-featured-news","11":"tag-featurednews","12":"tag-fi","13":"tag-finland","14":"tag-finnish","15":"tag-headlines","16":"tag-latest-news","17":"tag-latestnews","18":"tag-main-news","19":"tag-mainnews","20":"tag-news","21":"tag-otsikot","22":"tag-paauutiset","23":"tag-poliitikot","24":"tag-poliittiset-johtajat","25":"tag-politiikka","26":"tag-presidentti","27":"tag-suomi","28":"tag-top-stories","29":"tag-topstories","30":"tag-ukrainan-kriisi","31":"tag-ulkomaat","32":"tag-uutiset","33":"tag-valtiovalta","34":"tag-vladimir-putin","35":"tag-world","36":"tag-world-news","37":"tag-worldnews"},"share_on_mastodon":{"url":"https:\/\/pubeurope.com\/@fi\/115789549056539055","error":""},"_links":{"self":[{"href":"https:\/\/www.europesays.com\/fi\/wp-json\/wp\/v2\/posts\/126762","targetHints":{"allow":["GET"]}}],"collection":[{"href":"https:\/\/www.europesays.com\/fi\/wp-json\/wp\/v2\/posts"}],"about":[{"href":"https:\/\/www.europesays.com\/fi\/wp-json\/wp\/v2\/types\/post"}],"author":[{"embeddable":true,"href":"https:\/\/www.europesays.com\/fi\/wp-json\/wp\/v2\/users\/2"}],"replies":[{"embeddable":true,"href":"https:\/\/www.europesays.com\/fi\/wp-json\/wp\/v2\/comments?post=126762"}],"version-history":[{"count":0,"href":"https:\/\/www.europesays.com\/fi\/wp-json\/wp\/v2\/posts\/126762\/revisions"}],"wp:featuredmedia":[{"embeddable":true,"href":"https:\/\/www.europesays.com\/fi\/wp-json\/wp\/v2\/media\/126763"}],"wp:attachment":[{"href":"https:\/\/www.europesays.com\/fi\/wp-json\/wp\/v2\/media?parent=126762"}],"wp:term":[{"taxonomy":"category","embeddable":true,"href":"https:\/\/www.europesays.com\/fi\/wp-json\/wp\/v2\/categories?post=126762"},{"taxonomy":"post_tag","embeddable":true,"href":"https:\/\/www.europesays.com\/fi\/wp-json\/wp\/v2\/tags?post=126762"}],"curies":[{"name":"wp","href":"https:\/\/api.w.org\/{rel}","templated":true}]}}