{"id":126772,"date":"2025-12-27T04:29:07","date_gmt":"2025-12-27T04:29:07","guid":{"rendered":"https:\/\/www.europesays.com\/fi\/126772\/"},"modified":"2025-12-27T04:29:07","modified_gmt":"2025-12-27T04:29:07","slug":"thaimaa-ja-kambodza-sopivat-tulitauosta","status":"publish","type":"post","link":"https:\/\/www.europesays.com\/fi\/126772\/","title":{"rendered":"Thaimaa ja Kambod\u017ea sopivat tulitauosta"},"content":{"rendered":"<p>Neuvottelut kestiv\u00e4t kolme p\u00e4iv\u00e4\u00e4.<\/p>\n<p class=\"article-body mb-nof-24 px-nof-16\">Thaimaan ja Kambod\u017ean v\u00e4lille on saatu sovittua tulitauko, kertoi Kambod\u017ean puolustusministeri\u00f6 varhain lauantaina Suomen aikaa uutistoimisto Reutersin mukaan.<\/p>\n<p class=\"article-body mb-nof-24 px-nof-16\">Tulitauosta sovittiin kolme p\u00e4iv\u00e4\u00e4 jatkuneiden neuvottelujen p\u00e4\u00e4tteeksi.<\/p>\n<p class=\"article-body mb-nof-24 px-nof-16\">Reutersin mukaan maat ovat kertoneet tulitauosta my\u00f6s yhteisess\u00e4 julkilausumassa. Siin\u00e4 kerrotaan, ett\u00e4 tulitauko astuu voimaan heti. Maat sopivat mys muun muassa, ett\u00e4 Thaimaa palauttaa 18 kambod\u017ealaista sotilasta, jos tulitauko pit\u00e4\u00e4 kolme vuorokautta.<\/p>\n<p class=\"article-body mb-nof-24 px-nof-16\">Thaimaa ja Kambod\u017ea ovat ottaneet yhteen maiden v\u00e4lisell\u00e4 raja-alueella 8. joulukuuta alkaen. Yhteenotot alkoivat, vaikka maiden v\u00e4lille oli lokakuussa sovittu Yhdysvaltojen presidentin <a class=\"article-personlink\" href=\"https:\/\/www.is.fi\/haku\/?query=Donald%20Trumpin\" rel=\"nofollow noopener\" target=\"_blank\">Donald Trumpin<\/a> v\u00e4litt\u00e4m\u00e4 tulitauko. Sit\u00e4 ennen taisteluja oli viime hein\u00e4kuussa.<\/p>\n<p class=\"article-body mb-nof-24 px-nof-16\">Maiden v\u00e4liselt\u00e4 raja-alueelta on evakuoitu yhteenottojen takia satojatuhansia ihmisi\u00e4.<\/p>\n<p class=\"article-body mb-nof-24 px-nof-16\">Trump ilmoitti jo kaksi viikkoa siteen, ett\u00e4 maiden v\u00e4lille oli sovittu tulitauko. Tuolloin Thaimaan hallinto kuitenkin kiisti, ett\u00e4 sellaista olisi sovittu, kertoi <a class=\"underline underline-offset-[0.12em] [text-decoration-thickness:var(--generic-link-underline-thickness)] [text-decoration-color:var(--generic-link-underline-color)] [text-decoration-skip-ink:var(--generic-link-underline-skip-ink)] break-words\" href=\"https:\/\/www.nytimes.com\/2025\/12\/13\/world\/asia\/thailand-cambodia-trump-ceasefire.html\" rel=\"nofollow noopener\" target=\"_blank\">The New York Times<\/a>.<\/p>\n","protected":false},"excerpt":{"rendered":"Neuvottelut kestiv\u00e4t kolme p\u00e4iv\u00e4\u00e4. Thaimaan ja Kambod\u017ean v\u00e4lille on saatu sovittua tulitauko, kertoi Kambod\u017ean puolustusministeri\u00f6 varhain lauantaina Suomen&hellip;\n","protected":false},"author":2,"featured_media":126773,"comment_status":"","ping_status":"","sticky":false,"template":"","format":"standard","meta":{"footnotes":""},"categories":[14],"tags":[22,23,26,27,33,31,30,17,34,24,25,28,29,15,18,21,32,19,20,56,16,59,60,61],"class_list":{"0":"post-126772","1":"post","2":"type-post","3":"status-publish","4":"format-standard","5":"has-post-thumbnail","7":"category-ulkomaat","8":"tag-breaking-news","9":"tag-breakingnews","10":"tag-featured-news","11":"tag-featurednews","12":"tag-fi","13":"tag-finland","14":"tag-finnish","15":"tag-headlines","16":"tag-ilta-sanomat","17":"tag-latest-news","18":"tag-latestnews","19":"tag-main-news","20":"tag-mainnews","21":"tag-news","22":"tag-otsikot","23":"tag-paauutiset","24":"tag-suomi","25":"tag-top-stories","26":"tag-topstories","27":"tag-ulkomaat","28":"tag-uutiset","29":"tag-world","30":"tag-world-news","31":"tag-worldnews"},"share_on_mastodon":{"url":"https:\/\/pubeurope.com\/@fi\/115789651231276362","error":""},"_links":{"self":[{"href":"https:\/\/www.europesays.com\/fi\/wp-json\/wp\/v2\/posts\/126772","targetHints":{"allow":["GET"]}}],"collection":[{"href":"https:\/\/www.europesays.com\/fi\/wp-json\/wp\/v2\/posts"}],"about":[{"href":"https:\/\/www.europesays.com\/fi\/wp-json\/wp\/v2\/types\/post"}],"author":[{"embeddable":true,"href":"https:\/\/www.europesays.com\/fi\/wp-json\/wp\/v2\/users\/2"}],"replies":[{"embeddable":true,"href":"https:\/\/www.europesays.com\/fi\/wp-json\/wp\/v2\/comments?post=126772"}],"version-history":[{"count":0,"href":"https:\/\/www.europesays.com\/fi\/wp-json\/wp\/v2\/posts\/126772\/revisions"}],"wp:featuredmedia":[{"embeddable":true,"href":"https:\/\/www.europesays.com\/fi\/wp-json\/wp\/v2\/media\/126773"}],"wp:attachment":[{"href":"https:\/\/www.europesays.com\/fi\/wp-json\/wp\/v2\/media?parent=126772"}],"wp:term":[{"taxonomy":"category","embeddable":true,"href":"https:\/\/www.europesays.com\/fi\/wp-json\/wp\/v2\/categories?post=126772"},{"taxonomy":"post_tag","embeddable":true,"href":"https:\/\/www.europesays.com\/fi\/wp-json\/wp\/v2\/tags?post=126772"}],"curies":[{"name":"wp","href":"https:\/\/api.w.org\/{rel}","templated":true}]}}