{"id":126778,"date":"2025-12-27T04:51:10","date_gmt":"2025-12-27T04:51:10","guid":{"rendered":"https:\/\/www.europesays.com\/fi\/126778\/"},"modified":"2025-12-27T04:51:10","modified_gmt":"2025-12-27T04:51:10","slug":"paivan-mahtavaan-supersankarileffaan-jai-hammentava-moka-ohjaajan-muisti-petti-katastrofaalisesti","status":"publish","type":"post","link":"https:\/\/www.europesays.com\/fi\/126778\/","title":{"rendered":"P\u00e4iv\u00e4n mahtavaan supersankarileffaan j\u00e4i h\u00e4mment\u00e4v\u00e4 moka &#8211; ohjaajan muisti petti katastrofaalisesti"},"content":{"rendered":"<p>Iltap\u00e4iv\u00e4ll\u00e4 on luvassa eritt\u00e4in mainiota viihdett\u00e4, kun ruutuun py\u00f6r\u00e4ht\u00e4\u00e4 Spider-Man: Homecoming (2017).<\/p>\n<p>Nuori Peter Parker on saanut tarpeekseen pikkurikollisten jahtaamisesta l\u00e4hikortteleissa. H\u00e4n haaveilee suuremmista teoista ja paikasta todellisten supersankarien joukossa, ja erityisesti Iron Manin rinnalla. Kun varjoista nousee arvoituksellinen rikollinen, joka levitt\u00e4\u00e4 \u00e4\u00e4rimm\u00e4isen vaarallista teknologiaa, Peter n\u00e4kee tilaisuutensa n\u00e4ytt\u00e4\u00e4, mihin h\u00e4nest\u00e4 todella on. Tie sankariksi ei kuitenkaan ole helppo, ja Peter joutuu todistamaan, ett\u00e4 h\u00e4n on valmis astumaan seuraavalle tasolle.<\/p>\n<p><img loading=\"lazy\" height=\"300\" width=\"600\" class=\"wp-image-96599 sp-no-webp perfmatters-lazy\" alt=\"\" decoding=\"async\" src=\"https:\/\/www.europesays.com\/fi\/wp-content\/uploads\/2025\/12\/7b62cc2c999f09c54884fa1a779a5ee36219aea11.jpg\"  data-\/> <\/p>\n<p>Lue my\u00f6s: <a href=\"https:\/\/www.episodi.fi\/uutiset\/the-odysseyn-ensimmainen-traileri-ei-kerannyt-pelkkaa-ylistysta-tama-asia-katsojia-hiertaa\/\" title=\"The Odysseyn ensimm\u00e4inen traileri ei ker\u00e4nnyt pelkk\u00e4\u00e4 ylistyst\u00e4 \u2013 T\u00e4m\u00e4 asia katsojia hiert\u00e4\u00e4\" class=\"underline-custom !font-montserrat !font-bold !underline-offset-4 !decoration-4 !decoration-episodi-blue !text-md\" rel=\"nofollow noopener\" target=\"_blank\">The Odysseyn ensimm\u00e4inen traileri ei ker\u00e4nnyt pelkk\u00e4\u00e4 ylistyst\u00e4 \u2013 T\u00e4m\u00e4 asia katsojia hiert\u00e4\u00e4<\/a><\/p>\n<p>Elokuvassa n\u00e4hd\u00e4\u00e4n <strong>Tom Hollandin<\/strong>, <strong>Michael Keatonin <\/strong>ja <strong>Robert Downey Jr:n <\/strong>lis\u00e4ksi<strong> Jacob Batalon<\/strong>, <strong>Laura Harrier<\/strong>, <strong>Marisa Tomei <\/strong>sek\u00e4 <strong>Jon Favreau<\/strong>.<\/p>\n<p>Ohjaaja <strong>Jon Wattsille<\/strong> <a href=\"https:\/\/www.episodi.fi\/uutiset\/spider-man-homecomingin-ikonisin-kohtaus-jai-pois-lopullisesta-elokuvasta-syy-erittain-harmittava\/\" rel=\"nofollow noopener\" target=\"_blank\">tapahtui <\/a>v\u00e4hint\u00e4\u00e4nkin erikoinen k\u00f6mm\u00e4hdys leikkausvaiheessa. H\u00e4n oli kuvannut hienon kohtauksen, jossa H\u00e4mis ja Iron Man liitelev\u00e4t yhdess\u00e4 New Yorkin Queensin kaupunginosan yll\u00e4, mutta ei muistanut lis\u00e4t\u00e4 sit\u00e4 elokuvaan. Watts muisti kohtauksen vasta n\u00e4hdess\u00e4\u00e4n elokuvan trailerin, jolloin kohtauksen lis\u00e4\u00e4minen oli ilmeisesti jo my\u00f6h\u00e4ist\u00e4.<\/p>\n<p>Elokuva on my\u00f6s Viaplayssa. Alla traileri.<\/p>\n<p>Tulevat l\u00e4hetykset:<\/p>\n<ul class=\"wp-block-list\">\n<li>La 27.12.2025 klo 14.45 \u00b7 Nelonen<\/li>\n<li>Ti 30.12.2025 klo 23.15 \u00b7 Nelonen<\/li>\n<li>To 1.1.2026 klo 17.15 \u00b7 Nelonen<\/li>\n<li>Pe 9.1.2026 klo 21.00 \u00b7 Jim<\/li>\n<li>Ma 12.1.2026 klo 21.00 \u00b7 Hero<\/li>\n<\/ul>\n<p>Lue my\u00f6s: <a href=\"https:\/\/www.episodi.fi\/uutiset\/nyt-on-komeaa-katseltavaa-christopher-nolanin-the-odyssey-sai-eeppisen-trailerin\/\" title=\"Joulu tuli etuajassa! Christopher Nolanin The Odyssey sai eeppisen komean trailerin\" class=\"underline-custom !font-montserrat !font-bold !underline-offset-4 !decoration-4 !decoration-episodi-blue !text-md\" rel=\"nofollow noopener\" target=\"_blank\">Joulu tuli etuajassa! Christopher Nolanin The Odyssey sai eeppisen komean trailerin<\/a><\/p>\n<p>Lue my\u00f6s: <a href=\"https:\/\/www.episodi.fi\/uutiset\/spider-man-brand-new-day-on-kuvattu-ohjaaja-julkaisi-koskettavan-viestin\/\" title=\"Spider-Man: Brand New Day on kuvattu \u2013 ohjaaja julkaisi koskettavan viestin\" class=\"underline-custom !font-montserrat !font-bold !underline-offset-4 !decoration-4 !decoration-episodi-blue !text-md\" rel=\"nofollow noopener\" target=\"_blank\">Spider-Man: Brand New Day on kuvattu \u2013 ohjaaja julkaisi koskettavan viestin<\/a><\/p>\n<p>Lue my\u00f6s: <a href=\"https:\/\/www.episodi.fi\/uutiset\/spider-man-4-traileri-vuodettiin-nettiin-sony-ryhtyi-valittomiin-toimenpiteisiin\/\" title=\"Spider-Man 4 -traileri vuodettiin nettiin \u2013 Sony ryhtyi v\u00e4litt\u00f6miin toimenpiteisiin\" class=\"underline-custom !font-montserrat !font-bold !underline-offset-4 !decoration-4 !decoration-episodi-blue !text-md\" rel=\"nofollow noopener\" target=\"_blank\">Spider-Man 4 -traileri vuodettiin nettiin \u2013 Sony ryhtyi v\u00e4litt\u00f6miin toimenpiteisiin<\/a><\/p>\n<p><img loading=\"lazy\" decoding=\"async\" alt=\"YouTube video\" width=\"480\" height=\"360\" data-pin-nopin=\"true\" nopin=\"nopin\" class=\"perfmatters-lazy\" src=\"https:\/\/www.europesays.com\/fi\/wp-content\/uploads\/2025\/12\/1766811070_957_hqdefault.jpg\"\/><\/p>\n<p>L\u00e4hde: <a href=\"https:\/\/www.imdb.com\/registration\/signin\/?u=%2Ftitle%2Ftt2250912%2Ftrivia%2F&amp;ref_=tttrv_nv_signup_cm_btn\" target=\"_blank\" rel=\"noreferrer noopener nofollow\">IMDb<\/a><\/p>\n<p>Lue my\u00f6s: <a href=\"https:\/\/www.episodi.fi\/uutiskirje\/?uutiskirjemainos=tekstilinkkimainos\" title=\"Tilaa Episodin uutiskirje ja voit voittaa leffalippuja! Nappaa tv-vinkit suoraan s\u00e4hk\u00f6postiin t\u00e4st\u00e4.\" class=\"underline-custom !font-montserrat !font-bold !underline-offset-4 !decoration-4 !decoration-episodi-blue !text-md\" rel=\"nofollow noopener\" target=\"_blank\">Tilaa Episodin uutiskirje ja voit voittaa leffalippuja! Nappaa katseluvinkit suoraan s\u00e4hk\u00f6postiin t\u00e4st\u00e4.<\/a><\/p>\n","protected":false},"excerpt":{"rendered":"Iltap\u00e4iv\u00e4ll\u00e4 on luvassa eritt\u00e4in mainiota viihdett\u00e4, kun ruutuun py\u00f6r\u00e4ht\u00e4\u00e4 Spider-Man: Homecoming (2017). Nuori Peter Parker on saanut tarpeekseen&hellip;\n","protected":false},"author":2,"featured_media":126779,"comment_status":"","ping_status":"","sticky":false,"template":"","format":"standard","meta":{"footnotes":""},"categories":[130],"tags":[137,33,31,30,32,139,109],"class_list":{"0":"post-126778","1":"post","2":"type-post","3":"status-publish","4":"format-standard","5":"has-post-thumbnail","7":"category-viihde","8":"tag-entertainment","9":"tag-fi","10":"tag-finland","11":"tag-finnish","12":"tag-suomi","13":"tag-tv-ohjelmat","14":"tag-viihde"},"share_on_mastodon":{"url":"https:\/\/pubeurope.com\/@fi\/115789737815267952","error":""},"_links":{"self":[{"href":"https:\/\/www.europesays.com\/fi\/wp-json\/wp\/v2\/posts\/126778","targetHints":{"allow":["GET"]}}],"collection":[{"href":"https:\/\/www.europesays.com\/fi\/wp-json\/wp\/v2\/posts"}],"about":[{"href":"https:\/\/www.europesays.com\/fi\/wp-json\/wp\/v2\/types\/post"}],"author":[{"embeddable":true,"href":"https:\/\/www.europesays.com\/fi\/wp-json\/wp\/v2\/users\/2"}],"replies":[{"embeddable":true,"href":"https:\/\/www.europesays.com\/fi\/wp-json\/wp\/v2\/comments?post=126778"}],"version-history":[{"count":0,"href":"https:\/\/www.europesays.com\/fi\/wp-json\/wp\/v2\/posts\/126778\/revisions"}],"wp:featuredmedia":[{"embeddable":true,"href":"https:\/\/www.europesays.com\/fi\/wp-json\/wp\/v2\/media\/126779"}],"wp:attachment":[{"href":"https:\/\/www.europesays.com\/fi\/wp-json\/wp\/v2\/media?parent=126778"}],"wp:term":[{"taxonomy":"category","embeddable":true,"href":"https:\/\/www.europesays.com\/fi\/wp-json\/wp\/v2\/categories?post=126778"},{"taxonomy":"post_tag","embeddable":true,"href":"https:\/\/www.europesays.com\/fi\/wp-json\/wp\/v2\/tags?post=126778"}],"curies":[{"name":"wp","href":"https:\/\/api.w.org\/{rel}","templated":true}]}}