{"id":126788,"date":"2025-12-27T05:09:10","date_gmt":"2025-12-27T05:09:10","guid":{"rendered":"https:\/\/www.europesays.com\/fi\/126788\/"},"modified":"2025-12-27T05:09:10","modified_gmt":"2025-12-27T05:09:10","slug":"elamani-biisi-tommy-franti-kertoo-ensitreffeistaan-virpi-vaimonsa-kanssa-uskalsin-pyytaa","status":"publish","type":"post","link":"https:\/\/www.europesays.com\/fi\/126788\/","title":{"rendered":"El\u00e4m\u00e4ni biisi: Tommy Fr\u00e4nti kertoo ensitreffeist\u00e4\u00e4n Virpi-vaimonsa kanssa: \u201dUskalsin pyyt\u00e4\u00e4\u201d"},"content":{"rendered":"<p>El\u00e4m\u00e4ni biisi -ohjelmasta n\u00e4hd\u00e4\u00e4n t\u00e4n\u00e4\u00e4n klassisen musiikin erikoisjakso.<\/p>\n<p><img decoding=\"async\" class=\"image image-show image-preview\" src=\"https:\/\/www.europesays.com\/fi\/wp-content\/uploads\/2025\/12\/d51a27b5d7eaa77a1bd28dc313a714abf34ee3bd9beb1ec60c38b87f6bb85844.jpg\" alt=\"\"\/><img decoding=\"async\" class=\"image image-show\" src=\"https:\/\/www.europesays.com\/fi\/wp-content\/uploads\/2025\/12\/1766812150_665_d51a27b5d7eaa77a1bd28dc313a714abf34ee3bd9beb1ec60c38b87f6bb85844.jpg\" alt=\"\"\/><\/p>\n<p>Illan El\u00e4m\u00e4ni biisi -vieraat ovat Tommy Fr\u00e4nti, Raakel Lignell, Sampo Marjomaa, Anna-Mari K\u00e4h\u00e4r\u00e4 ja Lenni-Kalle Taipale. Yle<\/p>\n<p class=\"paragraph\">El\u00e4m\u00e4ni biisist\u00e4 n\u00e4hd\u00e4\u00e4n pienen tauon j\u00e4lkeen t\u00e4n\u00e4\u00e4n taas uusi jakso. Se on Radion sinfoniaorkesterin kanssa ennakkoon Helsingin Musiikkitalossa kuvattu klassisen musiikin erikoisjakso.<\/p>\n<p class=\"paragraph\">Illan vierailla \u2013 Hauskat kotivideot -ohjelmasta tutulla <strong>Sampo Marjomaalla<\/strong>, kirjailija <strong>Raakel Lignellill\u00e4<\/strong>, uutisankkuri <strong>Tommy Fr\u00e4ntill\u00e4<\/strong>, pianisti <strong>Lenni-Kalle Taipaleella<\/strong> ja muusikko <strong>Anna-Mari K\u00e4h\u00e4r\u00e4ll\u00e4<\/strong> \u2013 on kaikilla omanlaisensa siteet klassiseen musiikkiin.<\/p>\n<p class=\"paragraph\">Fr\u00e4nti p\u00e4\u00e4tyy heti jakson alkuun kertomaan tarinan ensimm\u00e4isist\u00e4 treffeist\u00e4\u00e4n nykyisen vaimonsa <strong>Virpin<\/strong> kanssa.<\/p>\n<p class=\"paragraph\">\u2013 Aika pian sen j\u00e4lkeen, kun olin tavannut rakkaan vaimoni Virpin, kysyin h\u00e4nelt\u00e4, ett\u00e4 tykk\u00e4\u00e4k\u00f6 h\u00e4n klassisesta musiikista. H\u00e4n sanoi, ett\u00e4 h\u00e4n rakastaa klassista musiikkia. Niinp\u00e4 uskalsin pyyt\u00e4\u00e4 h\u00e4net treffeille t\u00e4nne Musiikkitalolle RSO:n konserttiin. Tuolla katsomossa h\u00e4n istuu t\u00e4n\u00e4kin iltana, Fr\u00e4nti kertoo.<\/p>\n<p>Dalia Stasevska johtaa Radion sinfoniaorkesteria. Yle<\/p>\n<p>Kuiskuttelua<\/p>\n<p class=\"paragraph\">Jaksossa saadaan my\u00f6s maistiainen siit\u00e4, mist\u00e4 vieraat kesken\u00e4\u00e4n keskustelevat musiikkiesitysten aikana. Tavallisesti ohjelman pianistina toimiva Lenni-Kalle Taipale kertoo ensimm\u00e4isen kappaleen j\u00e4lkeen, mit\u00e4 h\u00e4nen vieress\u00e4\u00e4n istunut Anna-Mari K\u00e4h\u00e4r\u00e4 h\u00e4nelle supatti.<\/p>\n<p class=\"paragraph\">\u2013 Yht\u00e4kki\u00e4 kesken kehollisen kokemukseni vieruskaverini Anna-Mari K\u00e4h\u00e4r\u00e4 kysyi, kenen biisi t\u00e4m\u00e4 on. Sanoin, ett\u00e4 sun, Taipale kertaa kilpailutovereilleen ja studioyleis\u00f6lle.<\/p>\n<p class=\"paragraph\">T\u00e4h\u00e4n K\u00e4h\u00e4r\u00e4 oli Taipaleen mukaan t\u00e4sment\u00e4nyt, ett\u00e4 tarkoitti kysy\u00e4 teoksen s\u00e4velt\u00e4j\u00e4\u00e4. Taipale oli vastannut, ettei tied\u00e4.<\/p>\n<p class=\"paragraph\">\u2013 Sitten viel\u00e4 kun biisi loppui, Anna-Mari K\u00e4h\u00e4r\u00e4 tuli mun l\u00e4helleni ja kysyi, alkoiko t\u00e4m\u00e4 ohjelma jo, oliko t\u00e4m\u00e4 eka biisi, Taipale sanoo. Muut nauravat \u00e4\u00e4nekk\u00e4\u00e4sti kertomukselle.<\/p>\n<p>Anna-Mari K\u00e4h\u00e4r\u00e4 antaa uuden nimen Lenni-Kalle Taipaleelle. My\u00f6s Katja St\u00e5hlin nimi muuttuu Tarjaksi. Yle<\/p>\n<p class=\"paragraph\">K\u00e4h\u00e4r\u00e4 kuvailee Taipaleen itse el\u00e4ytyneen syv\u00e4sti musiikkiesitykseen. K\u00e4h\u00e4r\u00e4 my\u00f6s sanoo, ettei muista vieruskaverinsa nime\u00e4.<\/p>\n<p class=\"paragraph\">\u2013 T\u00e4m\u00e4 Ville Galle, K\u00e4h\u00e4r\u00e4 sanoo ja purskahtaa nauruun.<\/p>\n<p class=\"paragraph\">Ville Galle -nime\u00e4 K\u00e4h\u00e4r\u00e4 k\u00e4ytt\u00e4\u00e4 Taipaleesta loppujakson ajan. Todellisuudessahan <strong>Ville Galle<\/strong> on JVG-rapduon toinen osapuoli.<\/p>\n<p class=\"paragraph\">\u2013 Jou jou vaan, Taipale tyytyy kommentoimaan uutta lempinime\u00e4\u00e4n.<\/p>\n<p class=\"paragraph\">El\u00e4m\u00e4ni biisi &amp; RSO t\u00e4n\u00e4\u00e4n TV1:ll\u00e4 kello 21.00 &amp; Areenassa. <a href=\"https:\/\/www.iltalehti.fi\/telkku\/\" rel=\"nofollow noopener\" target=\"_blank\">Katso kaikki\u00a0TV-ohjelmat ja l\u00e4hetysajat Telkun TV-oppaasta<\/a>.<\/p>\n<p>14-vuotias Lilja Haatainen saapuu soittamaan viulusoolon yhteen kappaleeseen. Yle<\/p>\n","protected":false},"excerpt":{"rendered":"El\u00e4m\u00e4ni biisi -ohjelmasta n\u00e4hd\u00e4\u00e4n t\u00e4n\u00e4\u00e4n klassisen musiikin erikoisjakso. Illan El\u00e4m\u00e4ni biisi -vieraat ovat Tommy Fr\u00e4nti, Raakel Lignell, Sampo&hellip;\n","protected":false},"author":2,"featured_media":126789,"comment_status":"","ping_status":"","sticky":false,"template":"","format":"standard","meta":{"footnotes":""},"categories":[136],"tags":[35,138,407,137,33,31,30,408,47,141,742,32,484,109],"class_list":{"0":"post-126788","1":"post","2":"type-post","3":"status-publish","4":"format-standard","5":"has-post-thumbnail","7":"category-julkkikset","8":"tag-24h","9":"tag-audio","10":"tag-celebrities","11":"tag-entertainment","12":"tag-fi","13":"tag-finland","14":"tag-finnish","15":"tag-julkkikset","16":"tag-musiikki","17":"tag-muusikot-bandit","18":"tag-suomalainen-musiikki","19":"tag-suomi","20":"tag-taiteellinen-ilmaisu-ja-mediat","21":"tag-viihde"},"share_on_mastodon":{"url":"https:\/\/pubeurope.com\/@fi\/115789808654926659","error":""},"_links":{"self":[{"href":"https:\/\/www.europesays.com\/fi\/wp-json\/wp\/v2\/posts\/126788","targetHints":{"allow":["GET"]}}],"collection":[{"href":"https:\/\/www.europesays.com\/fi\/wp-json\/wp\/v2\/posts"}],"about":[{"href":"https:\/\/www.europesays.com\/fi\/wp-json\/wp\/v2\/types\/post"}],"author":[{"embeddable":true,"href":"https:\/\/www.europesays.com\/fi\/wp-json\/wp\/v2\/users\/2"}],"replies":[{"embeddable":true,"href":"https:\/\/www.europesays.com\/fi\/wp-json\/wp\/v2\/comments?post=126788"}],"version-history":[{"count":0,"href":"https:\/\/www.europesays.com\/fi\/wp-json\/wp\/v2\/posts\/126788\/revisions"}],"wp:featuredmedia":[{"embeddable":true,"href":"https:\/\/www.europesays.com\/fi\/wp-json\/wp\/v2\/media\/126789"}],"wp:attachment":[{"href":"https:\/\/www.europesays.com\/fi\/wp-json\/wp\/v2\/media?parent=126788"}],"wp:term":[{"taxonomy":"category","embeddable":true,"href":"https:\/\/www.europesays.com\/fi\/wp-json\/wp\/v2\/categories?post=126788"},{"taxonomy":"post_tag","embeddable":true,"href":"https:\/\/www.europesays.com\/fi\/wp-json\/wp\/v2\/tags?post=126788"}],"curies":[{"name":"wp","href":"https:\/\/api.w.org\/{rel}","templated":true}]}}