{"id":126803,"date":"2025-12-27T05:38:07","date_gmt":"2025-12-27T05:38:07","guid":{"rendered":"https:\/\/www.europesays.com\/fi\/126803\/"},"modified":"2025-12-27T05:38:07","modified_gmt":"2025-12-27T05:38:07","slug":"tanaan-tvssa-kreisikomedian-jatko-osa-muistetaan-tasta-marka-t-paita-kohtauksesta","status":"publish","type":"post","link":"https:\/\/www.europesays.com\/fi\/126803\/","title":{"rendered":"T\u00e4n\u00e4\u00e4n tv:ss\u00e4: kreisikomedian jatko-osa muistetaan t\u00e4st\u00e4 m\u00e4rk\u00e4 t-paita-kohtauksesta"},"content":{"rendered":"<p>Vuonna 1987 ilmestyi elokuva\u00a0Poliisiopisto 4: Korttelipoliisit. Se oli kreisikomediasarjan nelj\u00e4s osa. Meno on taattua Poliisiopisto-laatua, eli toiset tykk\u00e4\u00e4, toiset taas eiv\u00e4t.<\/p>\n<p>Elokuva muistetaan etenkin yhdest\u00e4 kohtauksesta:\u00a0<strong>Leslie Easterbrookin<\/strong>\u00a0esitt\u00e4m\u00e4 poliisi Debbie Callahan sukeltaa uima-altaaseen ja kysyy, kuka olisi valmis pelastamaan h\u00e4net. Ja kaikkihan ovat, kun Callahanilla on l\u00e4pim\u00e4rk\u00e4 t-paita.<\/p>\n<p>Poliisiopisto 4: Korttelipoliisit\u00a0n\u00e4hd\u00e4\u00e4n t\u00e4n\u00e4\u00e4n Kutonen-kanavalla kello 23:15 alkaen. <\/p>\n<p>Lue my\u00f6s: <a href=\"https:\/\/www.como.fi\/tilaa-comon-uutiskirje\/\" title=\"Tilaa Comon uutiskirje ja tied\u00e4t mist\u00e4 kahvitauolla puhutaan! Nappaa kotimaan tv-vinkit ja puheenaiheet suoraan s\u00e4hk\u00f6postiin t\u00e4st\u00e4.\" class=\"underline-custom !font-montserrat !font-bold !underline-offset-4 !decoration-4 !decoration-red-600 !text-md\" rel=\"nofollow noopener\" target=\"_blank\">Tilaa Comon uutiskirje ja tied\u00e4t mist\u00e4 kahvitauolla puhutaan! Nappaa kotimaan tv-vinkit ja puheenaiheet suoraan s\u00e4hk\u00f6postiin t\u00e4st\u00e4.<\/a><\/p>\n","protected":false},"excerpt":{"rendered":"Vuonna 1987 ilmestyi elokuva\u00a0Poliisiopisto 4: Korttelipoliisit. Se oli kreisikomediasarjan nelj\u00e4s osa. Meno on taattua Poliisiopisto-laatua, eli toiset tykk\u00e4\u00e4,&hellip;\n","protected":false},"author":2,"featured_media":126804,"comment_status":"","ping_status":"","sticky":false,"template":"","format":"standard","meta":{"footnotes":""},"categories":[133],"tags":[137,33,31,30,32,206,156,109],"class_list":{"0":"post-126803","1":"post","2":"type-post","3":"status-publish","4":"format-standard","5":"has-post-thumbnail","7":"category-televisiot","8":"tag-entertainment","9":"tag-fi","10":"tag-finland","11":"tag-finnish","12":"tag-suomi","13":"tag-televisiot","14":"tag-tv","15":"tag-viihde"},"share_on_mastodon":{"url":"https:\/\/pubeurope.com\/@fi\/115789922509250397","error":""},"_links":{"self":[{"href":"https:\/\/www.europesays.com\/fi\/wp-json\/wp\/v2\/posts\/126803","targetHints":{"allow":["GET"]}}],"collection":[{"href":"https:\/\/www.europesays.com\/fi\/wp-json\/wp\/v2\/posts"}],"about":[{"href":"https:\/\/www.europesays.com\/fi\/wp-json\/wp\/v2\/types\/post"}],"author":[{"embeddable":true,"href":"https:\/\/www.europesays.com\/fi\/wp-json\/wp\/v2\/users\/2"}],"replies":[{"embeddable":true,"href":"https:\/\/www.europesays.com\/fi\/wp-json\/wp\/v2\/comments?post=126803"}],"version-history":[{"count":0,"href":"https:\/\/www.europesays.com\/fi\/wp-json\/wp\/v2\/posts\/126803\/revisions"}],"wp:featuredmedia":[{"embeddable":true,"href":"https:\/\/www.europesays.com\/fi\/wp-json\/wp\/v2\/media\/126804"}],"wp:attachment":[{"href":"https:\/\/www.europesays.com\/fi\/wp-json\/wp\/v2\/media?parent=126803"}],"wp:term":[{"taxonomy":"category","embeddable":true,"href":"https:\/\/www.europesays.com\/fi\/wp-json\/wp\/v2\/categories?post=126803"},{"taxonomy":"post_tag","embeddable":true,"href":"https:\/\/www.europesays.com\/fi\/wp-json\/wp\/v2\/tags?post=126803"}],"curies":[{"name":"wp","href":"https:\/\/api.w.org\/{rel}","templated":true}]}}