{"id":126807,"date":"2025-12-27T05:43:10","date_gmt":"2025-12-27T05:43:10","guid":{"rendered":"https:\/\/www.europesays.com\/fi\/126807\/"},"modified":"2025-12-27T05:43:10","modified_gmt":"2025-12-27T05:43:10","slug":"myrskyluodon-maija-koskettaa-erityisesti-hyvanmielen-kohtauksissa","status":"publish","type":"post","link":"https:\/\/www.europesays.com\/fi\/126807\/","title":{"rendered":"Myrskyluodon Maija koskettaa erityisesti hyv\u00e4nmielen kohtauksissa"},"content":{"rendered":"<p>\n  Tiina Lymin Myrskyluodon Maija on yht\u00e4 syd\u00e4mellinen kuin 1970-luvun sarjan Maija, mutta viel\u00e4 s\u00e4p\u00e4k\u00e4mpi, itsevarmempi ja vapautuneempi.<\/p>\n<p>\n            Teksti:          <\/p>\n<p>\n            Milla Olkkonen-Lind          <\/p>\n<p><strong>Tiina Lymi<\/strong> on viime vuosina ohjannut kaksi mainion persoonallista sarjaa: Sis\u00e4ilmaa (2021) ja Queen of Fucking Everything (2025). Niiden v\u00e4liss\u00e4 h\u00e4n kirjoitti ja ohjasi kuudella Jussilla palkitun, p\u00e4\u00e4osin ruotsinkielisen\u00a0Myrskyluodon Maijan.<\/p>\n<p>1800-luvun saaristossa el\u00e4neen Maijan hahmo hurmasi jo 1970-luvulla tehdyss\u00e4 tv-sarjassa, joka nosti my\u00f6s hahmon luojan <strong>Anni Bl\u00e5mqvistin<\/strong> kirjat suosioon. Lymin Maija on yht\u00e4 lempe\u00e4 ja syd\u00e4mellinen kuin tv-sarjan Maija, mutta viel\u00e4 s\u00e4p\u00e4k\u00e4mpi, tunteikkaampi, itsevarmempi, vapautuneempi ja h\u00f6ps\u00f6mpi.<\/p>\n<p><strong>Amanda Jansson<\/strong> on nappivalinta Maijan rooliin. <strong>Linus Troedssonin<\/strong> Janne kasvaa elokuvan aikana ujosta nuorukaisesta avoimeksi ja rennon heitt\u00e4ytyv\u00e4ksi mieheksi, puolisoksi ja is\u00e4ksi.<\/p>\n<p>Myrskyluodon Maija koskettaa erityisesti hyv\u00e4nmielen kohtauksissa<\/p>\n<p>Kaunis elokuva koskettaa erityisesti hyv\u00e4nmielen kohtauksissa, joissa rakkauden ja vapauden huuma valtaa hahmot. Leffalla on turhan paljon mittaa, mutta siit\u00e4 huolimatta se juoksee alkupuolellaan h\u00e4t\u00e4isesti l\u00e4pi aikaa ennen Maijan ja Jannen avioitumista.<\/p>\n<p>Sarjaan verrattuna uutena k\u00e4\u00e4nteen\u00e4 Oolannin sota rantautuu my\u00f6s Myrskyluodolle. Englantilaisten sotilaiden maleksiminen Maijan vaivoina vie kohtuuttoman paljon tilaa kokonaisuudessa.<\/p>\n<p>On kiehtovaa seurata, millaiseksi jo omana aikanaan feministinen hahmo on uudistunut t\u00e4m\u00e4n p\u00e4iv\u00e4n ohjaajan k\u00e4siss\u00e4. Elokuva onkin ennen kaikkea Maijan tarina.<\/p>\n<p>\u272a\u272a\u272a<\/p>\n<p>Myrskyluodon Maija, torstai 25.12. klo\u200919.15,\u2009<a href=\"https:\/\/www.mtv.fi\/\" target=\"_blank\" rel=\"noreferrer noopener nofollow\">MTV3<\/a><\/p>\n<p><a href=\"https:\/\/seura.fi\/matkailu\/myrskyluodon-maijan-maisemat-heraavat-jalleen-eloon-tiina-lymin-uudessa-versioinnissa-seura-kavi-kuvauspaikoilla\/\" target=\"_blank\" rel=\"noreferrer noopener nofollow\">Lue my\u00f6s: Myrskyluodon Maijan maisemat her\u00e4\u00e4v\u00e4t j\u00e4lleen eloon Tiina Lymin uudessa versioinnissa \u2013 Seura k\u00e4vi kuvauspaikoilla<\/a><\/p>\n","protected":false},"excerpt":{"rendered":"Tiina Lymin Myrskyluodon Maija on yht\u00e4 syd\u00e4mellinen kuin 1970-luvun sarjan Maija, mutta viel\u00e4 s\u00e4p\u00e4k\u00e4mpi, itsevarmempi ja vapautuneempi. Teksti:&hellip;\n","protected":false},"author":2,"featured_media":126808,"comment_status":"","ping_status":"","sticky":false,"template":"","format":"standard","meta":{"footnotes":""},"categories":[130],"tags":[22382,2023,137,33,31,30,22377,32,12333,2203,109],"class_list":{"0":"post-126807","1":"post","2":"type-post","3":"status-publish","4":"format-standard","5":"has-post-thumbnail","7":"category-viihde","8":"tag-amanda-jansson","9":"tag-draamaelokuvat","10":"tag-entertainment","11":"tag-fi","12":"tag-finland","13":"tag-finnish","14":"tag-myrskyluodon-maija","15":"tag-suomi","16":"tag-tiina-lymi","17":"tag-tv-maailma","18":"tag-viihde"},"share_on_mastodon":{"url":"https:\/\/pubeurope.com\/@fi\/115789942213533128","error":""},"_links":{"self":[{"href":"https:\/\/www.europesays.com\/fi\/wp-json\/wp\/v2\/posts\/126807","targetHints":{"allow":["GET"]}}],"collection":[{"href":"https:\/\/www.europesays.com\/fi\/wp-json\/wp\/v2\/posts"}],"about":[{"href":"https:\/\/www.europesays.com\/fi\/wp-json\/wp\/v2\/types\/post"}],"author":[{"embeddable":true,"href":"https:\/\/www.europesays.com\/fi\/wp-json\/wp\/v2\/users\/2"}],"replies":[{"embeddable":true,"href":"https:\/\/www.europesays.com\/fi\/wp-json\/wp\/v2\/comments?post=126807"}],"version-history":[{"count":0,"href":"https:\/\/www.europesays.com\/fi\/wp-json\/wp\/v2\/posts\/126807\/revisions"}],"wp:featuredmedia":[{"embeddable":true,"href":"https:\/\/www.europesays.com\/fi\/wp-json\/wp\/v2\/media\/126808"}],"wp:attachment":[{"href":"https:\/\/www.europesays.com\/fi\/wp-json\/wp\/v2\/media?parent=126807"}],"wp:term":[{"taxonomy":"category","embeddable":true,"href":"https:\/\/www.europesays.com\/fi\/wp-json\/wp\/v2\/categories?post=126807"},{"taxonomy":"post_tag","embeddable":true,"href":"https:\/\/www.europesays.com\/fi\/wp-json\/wp\/v2\/tags?post=126807"}],"curies":[{"name":"wp","href":"https:\/\/api.w.org\/{rel}","templated":true}]}}