{"id":126811,"date":"2025-12-27T05:47:10","date_gmt":"2025-12-27T05:47:10","guid":{"rendered":"https:\/\/www.europesays.com\/fi\/126811\/"},"modified":"2025-12-27T05:47:10","modified_gmt":"2025-12-27T05:47:10","slug":"trump-tapaa-zelenskyin-mar-a-lagossa-asiantuntija-voi-olla-kotiin-kutsumisen-symboliikkaa","status":"publish","type":"post","link":"https:\/\/www.europesays.com\/fi\/126811\/","title":{"rendered":"Trump tapaa Zelenskyin Mar-a-Lagossa \u2013 asiantuntija: \u201dvoi olla kotiin kutsumisen symboliikkaa\u201d"},"content":{"rendered":"<p>Asiantuntija uskoo, ett\u00e4 uusi tapaamispaikka vaikuttaa my\u00f6s tapaamisen s\u00e4vyyn.<\/p>\n<p class=\"article-body mb-nof-24 px-nof-16\">Yhdysvaltain presidentti<a class=\"article-personlink\" href=\"https:\/\/www.is.fi\/haku\/?query=%20Donald%20Trump\" rel=\"nofollow noopener\" target=\"_blank\"> Donald Trump<\/a> tapaa Ukrainan presidentin <a class=\"article-personlink\" href=\"https:\/\/www.is.fi\/haku\/?query=Volodymyr%20Zelenskyin\" rel=\"nofollow noopener\" target=\"_blank\">Volodymyr Zelenskyin <\/a>sunnuntaina Floridassa.<\/p>\n<p class=\"article-body mb-nof-24 px-nof-16\">Axiosin toimittaja <a class=\"article-personlink\" href=\"https:\/\/www.is.fi\/haku\/?query=Barak%20Ravid\" rel=\"nofollow noopener\" target=\"_blank\">Barak Ravid<\/a> kertoi aiemmin viestipalvelu X:ss\u00e4, ett\u00e4 tapaaminen on m\u00e4\u00e4r\u00e4 j\u00e4rjest\u00e4\u00e4 Palm Beachissa sijaitsevalla Trumpin Mar-a-Lagon kartanolla. Ravid viittasi ukrainalaisiin viranomaisl\u00e4hteisiin.<\/p>\n<p class=\"article-body mb-nof-24 px-nof-16\">Helsingin yliopiston maailmanpolitiikan professori <a class=\"article-personlink\" href=\"https:\/\/www.is.fi\/haku\/?query=Teivo%20Teivainen\" rel=\"nofollow noopener\" target=\"_blank\">Teivo Teivainen<\/a> arvelee, ett\u00e4 tapaaminen Trumpin kartanolla voi liitty\u00e4 juhlapyhiin.<\/p>\n<p class=\"article-body mb-nof-24 px-nof-16\">\u2013 Yhten\u00e4 tekij\u00e4n\u00e4 voi olla, ett\u00e4 on joulun aika ja Washingtonissa hommat ovat hidastuneet. Trumpilla ei ole syyt\u00e4 olla siell\u00e4.<\/p>\n<p class=\"article-body mb-nof-24 px-nof-16\">Helmikuussa ja lokakuussa Trumpin ja Zelenskyin tapaamiset j\u00e4rjestettiin Valkoisessa talossa.<\/p>\n<p class=\"article-body mb-nof-24 px-nof-16\">\u2013 Voihan t\u00e4ss\u00e4 tietysti olla my\u00f6s kotiin kutsumisen symboliikkaa. Voi olla v\u00e4h\u00e4n eri s\u00e4vy kuin ty\u00f6huoneeseen kutsuttaessa, Teivainen arvelee.<\/p>\n<p class=\"article-body mb-nof-24 px-nof-16\">Trump <a class=\"underline underline-offset-[0.12em] [text-decoration-thickness:var(--generic-link-underline-thickness)] [text-decoration-color:var(--generic-link-underline-color)] [text-decoration-skip-ink:var(--generic-link-underline-skip-ink)] break-words article-leadin\" href=\"https:\/\/www.is.fi\/politiikka\/art-2000011134727.html\" rel=\"nofollow noopener\" target=\"_blank\">tapasi <\/a>maaliskuussa tasavallan presidentti<a class=\"article-personlink\" href=\"https:\/\/www.is.fi\/haku\/?query=%20Alexander%20Stubbin\" rel=\"nofollow noopener\" target=\"_blank\"> Alexander Stubbin<\/a> Mar-a-Lagon kartanollaan. Samalla reissulla presidentit intoutuivat my\u00f6s pelaamaan golfia.<\/p>\n<p class=\"article-body mb-nof-24 px-nof-16\">\u2013 Ymm\u00e4rt\u00e4\u00e4kseni Zelenskyi ei ole yht\u00e4 hyv\u00e4 golfaamaan kuin Stubb, eli t\u00e4llaisia hy\u00f6tyj\u00e4 ei ehk\u00e4 saa revitty\u00e4.<\/p>\n<p class=\"article-body mb-nof-24 px-nof-16\">Vuonna 1927 valmistunut Mar-a-Lago on yksi Yhdysvaltojen suurimmista kartanoista. Se on julistettu historiallisesti merkitt\u00e4v\u00e4ksi monumentiksi, ja sit\u00e4 on verrattu jopa Versailles\u2019n palatsiin.<\/p>\n<p><img decoding=\"async\" src=\"https:\/\/www.europesays.com\/fi\/wp-content\/uploads\/2025\/12\/1766814429_28_468.jpg\" alt=\"Donald Trumpin Mar-a-Lagon huvila on 126 huoneen ja yli 5\u202f800 neli\u00f6n kompleksi.\" class=\"_Img_1rerz_1\" style=\"aspect-ratio:1.5\" loading=\"eager\"\/><\/p>\n<p class=\"article-picture-caption\">Donald Trumpin Mar-a-Lagon huvila on 126 huoneen ja yli 5\u202f800 neli\u00f6n kompleksi. Kuva:\u00a0Jessica Koscielniak \/ Reuters<\/p>\n<p class=\"article-body mb-nof-24 px-nof-16\">Helmikuussa Trumpin ja Zelenskyin ensitapaaminen p\u00e4\u00e4ttyi <a class=\"underline underline-offset-[0.12em] [text-decoration-thickness:var(--generic-link-underline-thickness)] [text-decoration-color:var(--generic-link-underline-color)] [text-decoration-skip-ink:var(--generic-link-underline-skip-ink)] break-words\" href=\"https:\/\/www.is.fi\/ulkomaat\/art-2000011566041.html\" rel=\"nofollow noopener\" target=\"_blank\">kaaokseen<\/a>, kun Trump k\u00e4yt\u00e4nn\u00f6ss\u00e4 heitti Zelenskyin ulos Valkoisesta talosta. Tuolloin Trump ja l\u00e4hipiiri kritisoivat Zelenskyi\u00e4 siit\u00e4, ettei t\u00e4m\u00e4 kiitellyt ja osoittanut tarpeeksi kunnioitusta Yhdysvalloille.<\/p>\n<p class=\"article-body mb-nof-24 px-nof-16\">Lokakuussa Valkoisen talon tapaamisessa ilmapiiri oli jo huomattavasti vapaampi, ja presidentit vaihtoivat kohteliaisuuksia.<\/p>\n<p class=\"article-body mb-nof-24 px-nof-16\">Teivainen uskoo, ett\u00e4 Zelenskyi on oppinut l\u00e4ksyns\u00e4 ja osaa my\u00f6s t\u00e4ll\u00e4 kertaa toimia Trumpin l\u00e4sn\u00e4ollessa korostetun kohteliaasti. Teivainen uskoo, ett\u00e4 t\u00e4m\u00e4 v\u00e4hent\u00e4\u00e4 my\u00f6s konfliktien vaaraa.<\/p>\n<p class=\"article-body mb-nof-24 px-nof-16\">\u2013 Nyt n\u00e4ytt\u00e4\u00e4 silt\u00e4, ett\u00e4 Zelenskyi on ottanut lusikan kauniiseen k\u00e4teen ja muistaa kiitell\u00e4 Trumpia, Teivainen sanoo.<\/p>\n<p class=\"article-body mb-nof-24 px-nof-16\">Reutersin mukaan Zelenskyi aikoo keskustella Trumpin kanssa aluekysymyksist\u00e4 ja turvatakuista.<\/p>\n<p class=\"article-body mb-nof-24 px-nof-16\">Zelenskyin mukaan 20-kohtainen rauhansuunnitelma on 90-prosenttisesti valmis. Sunnuntain tapaamisen tarkoitus on presidentin mukaan \u201dsaada kaikki niin valmiiksi kuin mahdollista\u201d.<\/p>\n<p class=\"article-body mb-nof-24 px-nof-16\">Trump on aiemmin sanonut tapaavansa Zelenskyin vain siin\u00e4 tapauksessa, ett\u00e4 rauhansuunnitelman valmiiksi saaminen on l\u00e4hell\u00e4.<\/p>\n<p><img decoding=\"async\" src=\"https:\/\/www.europesays.com\/fi\/wp-content\/uploads\/2025\/12\/1766814429_370_468.jpg\" alt=\"Volodymys Zelenskyi kertoo X:ss\u00e4 tapaavansa Trumpin l\u00e4hip\u00e4ivin\u00e4.\" class=\"_Img_1rerz_1\" style=\"aspect-ratio:1.5\" loading=\"eager\"\/><\/p>\n<p class=\"article-picture-caption\">Volodymys Zelenskyi kertoo X:ss\u00e4 tapaavansa Trumpin l\u00e4hip\u00e4ivin\u00e4. Kuva:\u00a0Liesa Johannssen \/ Reuters<\/p>\n<p class=\"article-body mb-nof-24 px-nof-16\">Lue lis\u00e4\u00e4: <a class=\"underline underline-offset-[0.12em] [text-decoration-thickness:var(--generic-link-underline-thickness)] [text-decoration-color:var(--generic-link-underline-color)] [text-decoration-skip-ink:var(--generic-link-underline-skip-ink)] break-words\" href=\"https:\/\/www.is.fi\/kotimaa\/art-2000011714046.html\" rel=\"nofollow noopener\" target=\"_blank\">Ukrainan rauhansuunnitelma julki<\/a><\/p>\n<p class=\"article-body mb-nof-24 px-nof-16\">Teivaisella ei kuitenkaan ole suuria odotuksia tapaamiselle.<\/p>\n<p class=\"article-body mb-nof-24 px-nof-16\">\u2013 Ei ole syyt\u00e4 ajatella, ett\u00e4 sopimus saataisiin aikaan. Vaikka varmasti voikin olla takahuoneneuvotteluja, jotka eiv\u00e4t meille asti kuulu.<\/p>\n<p class=\"article-body mb-nof-24 px-nof-16\">Niin sanotuissa julkisuudesta pois pidetyiss\u00e4 takahuoneneuvotteluissa saatettaisiin hioa suunnitelmaa esimerkiksi mahdollisten alueluovutusten ja Ukrainan Natoon ja Euroopan unioniin liittymist\u00e4 k\u00e4sittelevien kohtien suhteen, Teivainen pohtii.<\/p>\n<p class=\"article-body mb-nof-24 px-nof-16\">\u2013 Pidet\u00e4\u00e4n aika ilmeisen\u00e4, vaikka sit\u00e4 ei \u00e4\u00e4neen sanotakaan, ett\u00e4 jos nykytilanteessa sopimukseen p\u00e4\u00e4st\u00e4isiin, tarkoittaisi se Ukrainalle alueluovutuksia.<\/p>\n<p class=\"article-body mb-nof-24 px-nof-16\">Teivainen ei usko, ett\u00e4 20-kohtainen luonnos tulisi sopimaan Ven\u00e4j\u00e4lle sellaisenaan. Ven\u00e4j\u00e4 ei ole sodan aikana luopunut vaatimuksistaan.<\/p>\n<p class=\"article-body mb-nof-24 px-nof-16\">Sen sijaan Ukraina on osoittanut merkkej\u00e4 taipumisesta ennen kaikkea aluekysymyksiss\u00e4, Teivainen kertoo.<\/p>\n<p class=\"article-body mb-nof-24 px-nof-16\">\u2013 Viel\u00e4 vuosi sitten niihin sanottiin suoraan, ett\u00e4 ei k\u00e4y ja ett\u00e4 Ukrainan alueellinen suvereniteetti on s\u00e4ilytett\u00e4v\u00e4.<\/p>\n<p><img decoding=\"async\" src=\"https:\/\/www.europesays.com\/fi\/wp-content\/uploads\/2025\/12\/1766814430_38_468.jpg\" alt=\"Vuonna 1927 valmistunut Mar-a-Lago on yksi Yhdysvaltojen suurimmista kartanoista.\" class=\"_Img_1rerz_1\" style=\"aspect-ratio:1.4988290398126465\" loading=\"eager\"\/><\/p>\n<p class=\"article-picture-caption\">Vuonna 1927 valmistunut Mar-a-Lago on yksi Yhdysvaltojen suurimmista kartanoista. Kuva:\u00a0Arafat Barbakh \/ Reuters<\/p>\n<p class=\"article-body mb-nof-24 px-nof-16\">Zelenskyi kertoi aiemmin X:ss\u00e4, ett\u00e4 ennen vuodenvaihdetta voidaan tehd\u00e4 viel\u00e4 monia p\u00e4\u00e4t\u00f6ksi\u00e4. Zelenskyin optimismi ei kuitenkaan v\u00e4ltt\u00e4m\u00e4tt\u00e4 kerro siit\u00e4, miten h\u00e4n suhtautuu Yhdysvaltoihin ja mit\u00e4 h\u00e4n odottaa neuvotteluilta, Teivainen kertoo.<\/p>\n<p class=\"article-body mb-nof-24 px-nof-16\">\u2013 Zelenskyin selke\u00e4 toimintamalli on mielistell\u00e4 Donald Trumpia, jotta Donald Trump pysyy tyytyv\u00e4isen\u00e4 eik\u00e4 heit\u00e4 h\u00e4nt\u00e4 bussin alle.<\/p>\n<p class=\"article-body mb-nof-24 px-nof-16\">Teivaisen v\u00e4h\u00e4isist\u00e4 odotuksista huolimatta kaikki silti mahdollista.<\/p>\n<p class=\"article-body mb-nof-24 px-nof-16\">\u2013 Tietysti rauhanneuvotteluissa voi n\u00e4ytt\u00e4\u00e4 silt\u00e4, ett\u00e4 asiat eiv\u00e4t edisty ja sitten ne yht\u00e4kki\u00e4 ovatkin edistyneet, Teivainen sanoo.<\/p>\n<p><img decoding=\"async\" src=\"https:\/\/www.europesays.com\/fi\/wp-content\/uploads\/2025\/12\/1766814430_264_468.jpg\" alt=\"Teivo Teivainen ei odota sunnuntain tapaamiselta ihmeit\u00e4.\" class=\"_Img_1rerz_1\" style=\"aspect-ratio:1.5\" loading=\"eager\"\/><\/p>\n<p class=\"article-picture-caption\">Teivo Teivainen ei odota sunnuntain tapaamiselta ihmeit\u00e4. Kuva:\u00a0Antti H\u00e4m\u00e4l\u00e4inen<\/p>\n<p class=\"article-body mb-nof-24 px-nof-16\">Ukrainan uusi 20-kohtainen rauhansuunnitelma julkaistiin jouluaattona. Esitys l\u00e4hetettiin Ven\u00e4j\u00e4lle kommentoitavaksi.<\/p>\n<p class=\"article-body mb-nof-24 px-nof-16\">Tuoreimman esitysluonnoksen perusteella Ukraina n\u00e4ytt\u00e4\u00e4 onnistuneen muovaamaan Yhdysvaltojen aiemmin esitt\u00e4m\u00e4\u00e4 28 kohdan suunnitelmaa, joka noudatti laajalti Ven\u00e4j\u00e4n keskeisi\u00e4 toiveita.<\/p>\n<p class=\"article-body mb-nof-24 px-nof-16\">Uusimmassa luonnoksessa ei esimerkiksi mainita Yhdysvaltain alkuper\u00e4isess\u00e4 esityksess\u00e4 ollutta vaatimusta siit\u00e4, ett\u00e4 Ukraina kirjaisi lakiinsa, ettei se liity sotilasliitto Natoon.<\/p>\n","protected":false},"excerpt":{"rendered":"Asiantuntija uskoo, ett\u00e4 uusi tapaamispaikka vaikuttaa my\u00f6s tapaamisen s\u00e4vyyn. Yhdysvaltain presidentti Donald Trump tapaa Ukrainan presidentin Volodymyr Zelenskyin&hellip;\n","protected":false},"author":2,"featured_media":126812,"comment_status":"","ping_status":"","sticky":false,"template":"","format":"standard","meta":{"footnotes":""},"categories":[14],"tags":[22,23,26,27,33,31,30,17,34,24,25,28,29,15,18,21,32,19,20,56,16,59,60,61],"class_list":{"0":"post-126811","1":"post","2":"type-post","3":"status-publish","4":"format-standard","5":"has-post-thumbnail","7":"category-ulkomaat","8":"tag-breaking-news","9":"tag-breakingnews","10":"tag-featured-news","11":"tag-featurednews","12":"tag-fi","13":"tag-finland","14":"tag-finnish","15":"tag-headlines","16":"tag-ilta-sanomat","17":"tag-latest-news","18":"tag-latestnews","19":"tag-main-news","20":"tag-mainnews","21":"tag-news","22":"tag-otsikot","23":"tag-paauutiset","24":"tag-suomi","25":"tag-top-stories","26":"tag-topstories","27":"tag-ulkomaat","28":"tag-uutiset","29":"tag-world","30":"tag-world-news","31":"tag-worldnews"},"share_on_mastodon":{"url":"https:\/\/pubeurope.com\/@fi\/115789957997800967","error":""},"_links":{"self":[{"href":"https:\/\/www.europesays.com\/fi\/wp-json\/wp\/v2\/posts\/126811","targetHints":{"allow":["GET"]}}],"collection":[{"href":"https:\/\/www.europesays.com\/fi\/wp-json\/wp\/v2\/posts"}],"about":[{"href":"https:\/\/www.europesays.com\/fi\/wp-json\/wp\/v2\/types\/post"}],"author":[{"embeddable":true,"href":"https:\/\/www.europesays.com\/fi\/wp-json\/wp\/v2\/users\/2"}],"replies":[{"embeddable":true,"href":"https:\/\/www.europesays.com\/fi\/wp-json\/wp\/v2\/comments?post=126811"}],"version-history":[{"count":0,"href":"https:\/\/www.europesays.com\/fi\/wp-json\/wp\/v2\/posts\/126811\/revisions"}],"wp:featuredmedia":[{"embeddable":true,"href":"https:\/\/www.europesays.com\/fi\/wp-json\/wp\/v2\/media\/126812"}],"wp:attachment":[{"href":"https:\/\/www.europesays.com\/fi\/wp-json\/wp\/v2\/media?parent=126811"}],"wp:term":[{"taxonomy":"category","embeddable":true,"href":"https:\/\/www.europesays.com\/fi\/wp-json\/wp\/v2\/categories?post=126811"},{"taxonomy":"post_tag","embeddable":true,"href":"https:\/\/www.europesays.com\/fi\/wp-json\/wp\/v2\/tags?post=126811"}],"curies":[{"name":"wp","href":"https:\/\/api.w.org\/{rel}","templated":true}]}}