{"id":126815,"date":"2025-12-27T05:49:10","date_gmt":"2025-12-27T05:49:10","guid":{"rendered":"https:\/\/www.europesays.com\/fi\/126815\/"},"modified":"2025-12-27T05:49:10","modified_gmt":"2025-12-27T05:49:10","slug":"sarah-dzafce-arvoituksellista-puhetta-ilta-sanomat","status":"publish","type":"post","link":"https:\/\/www.europesays.com\/fi\/126815\/","title":{"rendered":"Sarah Dzafce: arvoituksellista puhetta &#8211; Ilta-Sanomat"},"content":{"rendered":"<p>Sarah Dzafce nautti uudesta kokemuksesta.<\/p>\n<p>Abdul Hussein tyrm\u00e4si Tyson Namin.<\/p>\n<p class=\"article-body mb-nof-24 px-nof-16\">Miss Suomen tittelist\u00e4 hiljattain luopumaan joutunut <a class=\"article-personlink\" href=\"https:\/\/www.is.fi\/haku\/?query=Sarah%20Dzafce\" rel=\"nofollow noopener\" target=\"_blank\">Sarah Dzafce<\/a>, 23, palasi perjantaina parrasvaloihin Espoon Metro-areenassa.<\/p>\n<p class=\"article-body mb-nof-24 px-nof-16\">Dzafce ty\u00f6skenteli Ice Cage Fightingin kuudennessa otteluillassa haastattelijana.<\/p>\n<p class=\"article-body mb-nof-24 px-nof-16\">Ty\u00f6kokemus oli h\u00e4nelle ensimm\u00e4inen laatuaan.<\/p>\n<p class=\"article-body mb-nof-24 px-nof-16\">\u2013 Olen toki esiintynyt pienest\u00e4 asti ja tyk\u00e4nnyt olla esill\u00e4. Olen papupata, jolta tulee juttua, joten t\u00e4m\u00e4 tuntui kyll\u00e4 luontevalta, aurinkoinen Dzafce kertoi IS:lle tapahtuman p\u00e4\u00e4tytty\u00e4 ja vuorokauden vaihduttua jo pitk\u00e4lle lauantain puolelle.<\/p>\n<p><img decoding=\"async\" src=\"https:\/\/www.europesays.com\/fi\/wp-content\/uploads\/2025\/12\/1766814550_591_468.jpg\" alt=\"Sarah Dzafce debytoi Ice Cagen haastattelijana.\" class=\"_Img_1rerz_1\" style=\"aspect-ratio:0.75\" loading=\"eager\"\/><\/p>\n<p class=\"article-picture-caption\">Sarah Dzafce debytoi Ice Cagen haastattelijana. Kuva:\u00a0Tommi Koivunen<\/p>\n<p class=\"article-body mb-nof-24 px-nof-16\">Espoon Metro-areenan kamppailuilta huipentui p\u00e4\u00e4otteluihin, jossa espoolaiset <a class=\"article-personlink\" href=\"https:\/\/www.is.fi\/haku\/?query=Abdul%20Hussein\" rel=\"nofollow noopener\" target=\"_blank\">Abdul Hussein<\/a> ja <a class=\"article-personlink\" href=\"https:\/\/www.is.fi\/haku\/?query=Theo%20Kolehmainen\" rel=\"nofollow noopener\" target=\"_blank\">Theo Kolehmainen<\/a> ottivat n\u00e4ytt\u00e4v\u00e4t tyrm\u00e4ysvoitot.<\/p>\n<p class=\"article-body mb-nof-24 px-nof-16\">\u2013 T\u00e4m\u00e4 oli huikea kokemus. Olen kiitollinen mahdollisuudesta ja toivon, ett\u00e4 olen kev\u00e4\u00e4ll\u00e4 mukana my\u00f6s seuraavassa Ice Cagessa.<\/p>\n<p class=\"article-body mb-nof-24 px-nof-16\">Dzafce kertoi s\u00e4\u00e4styneens\u00e4 kommelluksilta.<\/p>\n<p class=\"article-body mb-nof-24 px-nof-16\">\u2013 Meill\u00e4 oli t\u00e4ydellinen tiimi ja kaikki sujui hienosti.<\/p>\n<p class=\"article-body mb-nof-24 px-nof-16\">H\u00e4n ei ollut Metro-areenassa ensi kertaa. Aiemmin syksyll\u00e4 Dzafce n\u00e4htiin Kiekko-Espoon vieraana \u2013 silloin viel\u00e4 kruunu p\u00e4\u00e4ss\u00e4\u00e4n.<\/p>\n<p class=\"article-body mb-nof-24 px-nof-16\">Missitittelist\u00e4\u00e4n Dzafce joutui luopumaan 11. joulukuuta.<\/p>\n<p class=\"article-body mb-nof-24 px-nof-16\">\u2013 Olen pit\u00e4nyt hetken sometaukoa, nauttinut l\u00e4heisist\u00e4ni ja keskittynyt omaan hyvinvointiini, Dzafce kertoi.<\/p>\n<p class=\"article-body mb-nof-24 px-nof-16\">\u2013 Joulua vietin perheen kanssa, ja nyt she\u2019s back.<\/p>\n<p class=\"article-body mb-nof-24 px-nof-16\">Mit\u00e4 seuraavaksi? Sit\u00e4 Dzafce ei halua avata.<\/p>\n<p class=\"article-body mb-nof-24 px-nof-16\">\u2013 Olen aina unelmoinut isosti ja jatkan edelleen isosti unelmointia.<\/p>\n<p class=\"article-body mb-nof-24 px-nof-16\">\u2013 N\u00e4ette sitten.<\/p>\n","protected":false},"excerpt":{"rendered":"Sarah Dzafce nautti uudesta kokemuksesta. Abdul Hussein tyrm\u00e4si Tyson Namin. Miss Suomen tittelist\u00e4 hiljattain luopumaan joutunut Sarah Dzafce,&hellip;\n","protected":false},"author":2,"featured_media":126816,"comment_status":"","ping_status":"","sticky":false,"template":"","format":"standard","meta":{"footnotes":""},"categories":[5],"tags":[22,23,26,27,33,31,30,17,34,24,25,28,29,15,18,21,32,19,20,16],"class_list":{"0":"post-126815","1":"post","2":"type-post","3":"status-publish","4":"format-standard","5":"has-post-thumbnail","7":"category-otsikot","8":"tag-breaking-news","9":"tag-breakingnews","10":"tag-featured-news","11":"tag-featurednews","12":"tag-fi","13":"tag-finland","14":"tag-finnish","15":"tag-headlines","16":"tag-ilta-sanomat","17":"tag-latest-news","18":"tag-latestnews","19":"tag-main-news","20":"tag-mainnews","21":"tag-news","22":"tag-otsikot","23":"tag-paauutiset","24":"tag-suomi","25":"tag-top-stories","26":"tag-topstories","27":"tag-uutiset"},"share_on_mastodon":{"url":"https:\/\/pubeurope.com\/@fi\/115789965845065750","error":""},"_links":{"self":[{"href":"https:\/\/www.europesays.com\/fi\/wp-json\/wp\/v2\/posts\/126815","targetHints":{"allow":["GET"]}}],"collection":[{"href":"https:\/\/www.europesays.com\/fi\/wp-json\/wp\/v2\/posts"}],"about":[{"href":"https:\/\/www.europesays.com\/fi\/wp-json\/wp\/v2\/types\/post"}],"author":[{"embeddable":true,"href":"https:\/\/www.europesays.com\/fi\/wp-json\/wp\/v2\/users\/2"}],"replies":[{"embeddable":true,"href":"https:\/\/www.europesays.com\/fi\/wp-json\/wp\/v2\/comments?post=126815"}],"version-history":[{"count":0,"href":"https:\/\/www.europesays.com\/fi\/wp-json\/wp\/v2\/posts\/126815\/revisions"}],"wp:featuredmedia":[{"embeddable":true,"href":"https:\/\/www.europesays.com\/fi\/wp-json\/wp\/v2\/media\/126816"}],"wp:attachment":[{"href":"https:\/\/www.europesays.com\/fi\/wp-json\/wp\/v2\/media?parent=126815"}],"wp:term":[{"taxonomy":"category","embeddable":true,"href":"https:\/\/www.europesays.com\/fi\/wp-json\/wp\/v2\/categories?post=126815"},{"taxonomy":"post_tag","embeddable":true,"href":"https:\/\/www.europesays.com\/fi\/wp-json\/wp\/v2\/tags?post=126815"}],"curies":[{"name":"wp","href":"https:\/\/api.w.org\/{rel}","templated":true}]}}