{"id":126836,"date":"2025-12-27T06:38:11","date_gmt":"2025-12-27T06:38:11","guid":{"rendered":"https:\/\/www.europesays.com\/fi\/126836\/"},"modified":"2025-12-27T06:38:11","modified_gmt":"2025-12-27T06:38:11","slug":"tahtien-katselusta-kehitetaan-matkailuvalttia-inarissa-ulkomailta-tuleville-matkailijoille-tahtien-nakeminen-luonnossa-on-luksusta","status":"publish","type":"post","link":"https:\/\/www.europesays.com\/fi\/126836\/","title":{"rendered":"T\u00e4htien katselusta kehitet\u00e4\u00e4n matkailuvalttia \u2013Inarissa \u2013\u202f&#8221;Ulkomailta tuleville matkailijoille t\u00e4htien n\u00e4keminen luonnossa on luksusta&#8221;"},"content":{"rendered":"<p>\n      Kirkas t\u00e4htitaivas ollaan valjastamassa uudeksi matkailuvaltiksi Inarissa.\n    <\/p>\n<p>\n      \u2013 Ulkomailta tuleville matkailijoille t\u00e4htien n\u00e4keminen luonnossa on luksusta. Suurissa kaupungeissa se on hukkavalon takia l\u00e4hes mahdotonta, , Arctic Stargazing Toursin yritt\u00e4j\u00e4 Aleksi Taipale kertoo.\n    <\/p>\n<p class=\"article__paragraph\">\n      Taipale p\u00e4\u00e4tyi vuoren p\u00e4\u00e4ll\u00e4 sijainneesta observatoriosta\u202fUudesta-Seelannista Ivaloon nelj\u00e4 vuotta sitten. Sit\u00e4 ennen h\u00e4n opiskeli t\u00e4htitiedett\u00e4, ja ihan viimeisimm\u00e4ksi h\u00e4n valmistui luonto-oppaaksi Muoniosta.\n    <\/p>\n<p>      Pieneen jurttaan kehitettiin planetaario<\/p>\n<p class=\"article__paragraph\">\n      Taipale on kehitt\u00e4nyt Ivalossa sijaitsevan Aurora Villagen jurttaan planetaarion. Siell\u00e4 h\u00e4n luennoi avaruudesta, planeetoista ja galakseista matkailijoille. T\u00e4ll\u00e4 kertaa paikalla on Yhdysvalloista saapuneita asiakkaita, jotka ovat selv\u00e4sti kiinnostuneita Taipaleen luennosta.\n    <\/p>\n<p class=\"article__paragraph\">\n      Suurimmat haasteet liittyv\u00e4t s\u00e4\u00e4oloihin.\n    <\/p>\n<p class=\"article__paragraph\">\n      \u2013 Toiminta-aikaa on viisi kuukautta lokakuusta maaliskuuhun. Kes\u00e4ll\u00e4 on liian valoisaa t\u00e4htien katseluun, Taipale sanoo.\n    <\/p>\n<p class=\"article__paragraph\">\n      Puhuminen avaruudesta ja sen osa-alueista ei tuota vaikeuksia Taipaleelle, joka ty\u00f6skenteli vuosia t\u00e4htitaivaan parissa Uudessa-Seelannissa. V\u00e4liss\u00e4 puhe keskeytyy Taipaleen kurkatessa planetaarion ovesta ulos.\n    <\/p>\n<p class=\"article__paragraph\">\n      Taivaan selkeytyess\u00e4 Taipale ohjeistaa matkailijat ulos. Ulkona t\u00e4hti\u00e4 katsellaan teleskoopin l\u00e4pi tai paljain silmin.\n    <\/p>\n<p class=\"article__paragraph\">\n      Planetaarion yll\u00e4 n\u00e4kyy t\u00e4hdist\u00f6 ja kuu. Kuun vieress\u00e4 on Jupiter. Taipale osoittaa t\u00e4htikuvioita voimakkaalla laserilla. Nyt taivaalla n\u00e4kyv\u00e4t ainakin Iso karhu ja Pohjant\u00e4hti.\n    <\/p>\n<p class=\"article__paragraph\">\n      Ammattik\u00e4ytt\u00f6\u00f6n tarkoitettu teleskooppi on pystytettyn\u00e4 planetaarion eteen. Jokainen p\u00e4\u00e4see vuorollaan kurkkaamaan t\u00e4htitaivasta. My\u00f6s revontulet loistavat pime\u00e4ll\u00e4 taivaalla.\n    <\/p>\n<p class=\"article__paragraph\">\n      15 kilometrin p\u00e4\u00e4ss\u00e4 teleskoopista on Ivalon lentokentt\u00e4. Lentokent\u00e4lle laskeutuva kone katkaisee t\u00e4htien katseluhetken. Kent\u00e4n valot n\u00e4kyv\u00e4t usvaisena hohtona etel\u00e4ss\u00e4. Muissa ilmansuunnissa taivas on pime\u00e4n\u00e4. Vain t\u00e4hdet kimmelt\u00e4v\u00e4t.\n    <\/p>\n<p class=\"article__paragraph\">\n      \u2013 T\u00e4htien katselu oli kokemuksena tajunnan r\u00e4j\u00e4ytt\u00e4v\u00e4, yhdysvaltalainen Ann Crowley sanoo.\n    <\/p>\n<p class=\"article__paragraph\">\n      Kaksi vuotta sitten Crowley n\u00e4ki ensimm\u00e4ist\u00e4 kertaa revontulet. Nyt h\u00e4n on Lapissa jo toista kertaa.\n    <\/p>\n<p class=\"article__paragraph\">\n      \u2013 T\u00e4m\u00e4 on lempipaikkani maailmassa kauniin luonnon takia, h\u00e4n sanoo.\n    <\/p>\n<p>    <img decoding=\"async\" class=\"responsive-image article__image-image lozad\"   src=\"https:\/\/www.europesays.com\/fi\/wp-content\/uploads\/2025\/12\/CTj0r3g7WDE7xQ0zlyam29ZLYFDeXw5WePrWWbu9Kbiz-tEYDd6zNlUGMOIYK_AR89C2XjEX1ELKp-dBeeplwGKULWfYxd_F7Xv4.jpeg\" alt=\"Aleksi Taipale osoittaa taivaalle kirkkaalla laserilla. Asiakkaat katselevat vierest\u00e4.\"\/><\/p>\n<p>\n                Aleksi Taipale osoittaa taivaalle kirkkaalla laserilla. Asiakkaat katselevat vierest\u00e4.\n              <\/p>\n<p>\n                Kuva: Nuutti Peltomaa\n              <\/p>\n<p>      Hukkavaloa pyrit\u00e4\u00e4n v\u00e4hent\u00e4m\u00e4\u00e4n<\/p>\n<p class=\"article__paragraph\">\n      Yhdysvalloista kotoisin olevat Natalia ja Michael Latorre ovat ensimm\u00e4ist\u00e4 kertaa Inarissa. He pitiv\u00e4t t\u00e4htien katselua mahtavana kokemuksena. Heid\u00e4n mukaansa New Jerseyss\u00e4 ei t\u00e4hti\u00e4 hukkavalon takia n\u00e4e kovin usein.\n    <\/p>\n<p class=\"article__paragraph\">\n      \u2013 Oli mielenkiintoista ja hauskaa kuulla faktatietoa t\u00e4htitieteest\u00e4 sek\u00e4 katsella t\u00e4htitaivasta pime\u00e4ll\u00e4, sanoo Yhdysvalloissa peruskoulun opettajana toimiva Michael Latorre.\n    <\/p>\n<p class=\"article__paragraph\">\n      Aleksi Taipaleen mukaan Inarin kunnassa on pyritty v\u00e4hent\u00e4m\u00e4\u00e4n hukkavalon m\u00e4\u00e4r\u00e4\u00e4 talvisin. \u2013\u202fHukkavalon m\u00e4\u00e4r\u00e4st\u00e4 on keskusteltu aktiivisemmin kuin aikaisemmin. Valosaasteen v\u00e4hent\u00e4minen on haluttu valjastaa matkailun ja yleisen hyvinvoinnin voimavaraksi.\n    <\/p>\n<p>\n      Kirjoittaja opiskelee media-alaa Saamelaisalueen koulutuskeskuksessa. Juttu on tehty osana media-alan opintoja.\n    <\/p>\n","protected":false},"excerpt":{"rendered":"Kirkas t\u00e4htitaivas ollaan valjastamassa uudeksi matkailuvaltiksi Inarissa. \u2013 Ulkomailta tuleville matkailijoille t\u00e4htien n\u00e4keminen luonnossa on luksusta. Suurissa kaupungeissa&hellip;\n","protected":false},"author":2,"featured_media":126837,"comment_status":"","ping_status":"","sticky":false,"template":"","format":"standard","meta":{"footnotes":""},"categories":[112],"tags":[33,31,30,118,32,119],"class_list":{"0":"post-126836","1":"post","2":"type-post","3":"status-publish","4":"format-standard","5":"has-post-thumbnail","7":"category-tiede","8":"tag-fi","9":"tag-finland","10":"tag-finnish","11":"tag-science","12":"tag-suomi","13":"tag-tiede"},"share_on_mastodon":{"url":"https:\/\/pubeurope.com\/@fi\/115790158647496071","error":""},"_links":{"self":[{"href":"https:\/\/www.europesays.com\/fi\/wp-json\/wp\/v2\/posts\/126836","targetHints":{"allow":["GET"]}}],"collection":[{"href":"https:\/\/www.europesays.com\/fi\/wp-json\/wp\/v2\/posts"}],"about":[{"href":"https:\/\/www.europesays.com\/fi\/wp-json\/wp\/v2\/types\/post"}],"author":[{"embeddable":true,"href":"https:\/\/www.europesays.com\/fi\/wp-json\/wp\/v2\/users\/2"}],"replies":[{"embeddable":true,"href":"https:\/\/www.europesays.com\/fi\/wp-json\/wp\/v2\/comments?post=126836"}],"version-history":[{"count":0,"href":"https:\/\/www.europesays.com\/fi\/wp-json\/wp\/v2\/posts\/126836\/revisions"}],"wp:featuredmedia":[{"embeddable":true,"href":"https:\/\/www.europesays.com\/fi\/wp-json\/wp\/v2\/media\/126837"}],"wp:attachment":[{"href":"https:\/\/www.europesays.com\/fi\/wp-json\/wp\/v2\/media?parent=126836"}],"wp:term":[{"taxonomy":"category","embeddable":true,"href":"https:\/\/www.europesays.com\/fi\/wp-json\/wp\/v2\/categories?post=126836"},{"taxonomy":"post_tag","embeddable":true,"href":"https:\/\/www.europesays.com\/fi\/wp-json\/wp\/v2\/tags?post=126836"}],"curies":[{"name":"wp","href":"https:\/\/api.w.org\/{rel}","templated":true}]}}