{"id":126838,"date":"2025-12-27T06:40:07","date_gmt":"2025-12-27T06:40:07","guid":{"rendered":"https:\/\/www.europesays.com\/fi\/126838\/"},"modified":"2025-12-27T06:40:07","modified_gmt":"2025-12-27T06:40:07","slug":"varjonen-kansainvalisiin-supercrosseihin-stark-varg-sahkopyoralla-uutiset","status":"publish","type":"post","link":"https:\/\/www.europesays.com\/fi\/126838\/","title":{"rendered":"Varjonen kansainv\u00e4lisiin supercrosseihin Stark Varg -s\u00e4hk\u00f6py\u00f6r\u00e4ll\u00e4 | Uutiset"},"content":{"rendered":"<p>Motocrossin Suomen mestari\u00a0Miro Varjonen\u00a0siirt\u00e4\u00e4 p\u00e4\u00e4huomionsa supercrossiin, jossa h\u00e4net n\u00e4hd\u00e4\u00e4n useissa kansainv\u00e4lisiss\u00e4 kilpailuissa ensi kaudella. Samalla turkulainen vaihtaa Stark Varg -s\u00e4hk\u00f6moottoripy\u00f6r\u00e4\u00e4n.<\/p>\n<p>SM-kultaa motocrossin MX2-luokassa vuonna 2024 juhlinut ja SM-hopealle viime kes\u00e4n\u00e4 MX1-luokassa sijoittunut Varjonen, 20, tekee suuren muutoksen kilpailutoimintaansa kaudelle 2026. H\u00e4n siirtyy ajamaan perinteisist\u00e4 polttomoottoripy\u00f6rist\u00e4 ruotsalaisl\u00e4ht\u00f6isell\u00e4 Stark Varg -s\u00e4hk\u00f6py\u00f6r\u00e4ll\u00e4 merkin suomalaisen j\u00e4lleenmyyj\u00e4 Biketeamin tuella. Varjosen p\u00e4\u00e4paino on kansainv\u00e4lisiss\u00e4 supercrosseissa, joissa radat sek\u00e4 kilpaer\u00e4t ovat motocrossia lyhempi\u00e4 ja r\u00e4v\u00e4k\u00e4mpi\u00e4. Ensimm\u00e4isen\u00e4 edess\u00e4 on sis\u00e4ratakilpailu Hollannin Goesissa tammikuun puoliv\u00e4liss\u00e4 ja sen j\u00e4lkeen Tanskan Herningiss\u00e4 helmikuun alussa.<\/p>\n<p>&#8211; Kokeilin Starkia ensimm\u00e4isen kerran vuonna 2023, ja huomasin jo silloin sen olevan todella hieno py\u00f6r\u00e4. Nyt voin sanoa varmasti, ett\u00e4 siin\u00e4 on huikeat ominaisuudet ja sill\u00e4 on mahtava ajaa. On upeaa p\u00e4\u00e4st\u00e4 ajamaan Starkilla ja saada samalla mielenkiintoista vaihtelua aiempaan kisaamiseeni. P\u00e4\u00e4sen tekem\u00e4\u00e4n asiat eri tavalla kuin ennen, Varjonen kuvailee innoissaan.<\/p>\n<p>Turun Moottorikerhon Varjonen on ajanut uransa aikana lukuisia kansainv\u00e4lisi\u00e4 kilpailuja motocrossissa, viimeksi hein\u00e4kuussa MM-tasolla Iitin Kymiringill\u00e4. Nyt h\u00e4nell\u00e4 on edess\u00e4\u00e4n selke\u00e4sti erilainen kausi, jonka kes\u00e4\u00e4n mahtuu todenn\u00e4k\u00f6isesti Ranskan ulkoratojen supercross-sarjan osakilpailuja. Loppuvuodesta ovat vuorossa Varjosellekin tuttu, Suomen ainoa supercrosskilpailu, Tampere Supercross Tampereen Messu- ja Urheilukeskuksessa, sek\u00e4 Tallinnan supercross.<\/p>\n<p>&#8211; Tykk\u00e4\u00e4n supercrossista enemm\u00e4n kuin motocrossista, joten nyt minulla on hieno mahdollisuus keskitty\u00e4 supercrossiin. Kausi on sin\u00e4ns\u00e4 pitk\u00e4, mutta kisam\u00e4\u00e4r\u00e4n suhteen oikein hyv\u00e4. Jatkan kuntoharjoittelua kuten ennenkin, ja valmentajani on usean aiemman kauden tapaan <strong>Leevi Takatalo<\/strong>. Raisiossa on \u201dluolassa\u201d supercrossin sis\u00e4rata ajotreeni\u00e4 varten ja meill\u00e4 on kes\u00e4ksi valmiina suunnitelmat ulkoradasta.<\/p>\n<p>Varjonen ei suinkaan hylk\u00e4\u00e4 t\u00e4ysin perinteist\u00e4 motocrossia, sill\u00e4 h\u00e4net n\u00e4hd\u00e4\u00e4n SM-sarjan \u201dTriple Crown\u201d -osakilpailuissa, joissa ajetaan kahden pitk\u00e4n er\u00e4n sijaan kolme lyhytt\u00e4 er\u00e4\u00e4. Ne muistuttavat s\u00e4h\u00e4kkyytens\u00e4 ansiosta supercrossia.<\/p>\n<p>Aiheesta aiemmin:<\/p>\n<p>Sunnuntai 9.11.2025 09:05<\/p>\n<p><strong><a href=\"https:\/\/www.motouutiset.fi\/fi\/moottoripyorat\/uutiset\/15308\/Ranskalaisesta-Malavalista-Tampere-Dominator---Kullas-ja-Haavisto-keskeyttiv%C3%A4t-finaalin.htm\" rel=\"nofollow noopener\" target=\"_blank\">Ranskalaisesta Malavalista Tampere Dominator &#8211; Kullas ja Haavisto keskeyttiv\u00e4t finaalin<\/a><\/strong><\/p>\n<p>Torstai 10.7.2025 09:02<\/p>\n<p><strong><a href=\"https:\/\/www.motouutiset.fi\/fi\/moottoripyorat\/uutiset\/14937\/Motocross-Miro-Varjonen-debytoi-MXGP-luokassa-Suomen-kotikilpailussa-Kymiringill%C3%A4.htm\" rel=\"nofollow noopener\" target=\"_blank\">Motocross: Miro Varjonen debytoi MXGP-luokassa Suomen kotikilpailussa Kymiringill\u00e4<\/a><\/strong><\/p>\n<p>Lauantai 28.9.2024 08:01<\/p>\n<p><strong><a href=\"https:\/\/www.motouutiset.fi\/fi\/moottoripyorat\/uutiset\/14104\/Motocross-of-Nations-joukkue-uusiksi-kipparin-loukkaantumisen-vuoksi.htm\" rel=\"nofollow noopener\" target=\"_blank\">Motocross of Nations joukkue uusiksi kipparin loukkaantumisen vuoksi<\/a><\/strong><\/p>\n<p>Maanantai 16.9.2024 09:02<\/p>\n<p><strong><a href=\"https:\/\/www.motouutiset.fi\/fi\/moottoripyorat\/uutiset\/14066\/Motocrossin-Suomen-mestarit-kruunattiin-Orimattilassa.htm\" rel=\"nofollow noopener\" target=\"_blank\">Motocrossin Suomen mestarit kruunattiin Orimattilassa<\/a><\/strong><\/p>\n<p>Maanantai 5.12.2022 09:40<\/p>\n<p><strong><a href=\"https:\/\/www.motouutiset.fi\/fi\/moottoripyorat\/uutiset\/12243\/Motocross-nuoren-raisiolaisen-Miro-Varjosen-ja-Husqvarnan-yhteisty%C3%B6-jatkuu-Husqvarna.htm\" rel=\"nofollow noopener\" target=\"_blank\">Motocross: nuoren raisiolaisen Miro Varjosen ja Husqvarnan yhteisty\u00f6 jatkuu<\/a><\/strong><\/p>\n","protected":false},"excerpt":{"rendered":"Motocrossin Suomen mestari\u00a0Miro Varjonen\u00a0siirt\u00e4\u00e4 p\u00e4\u00e4huomionsa supercrossiin, jossa h\u00e4net n\u00e4hd\u00e4\u00e4n useissa kansainv\u00e4lisiss\u00e4 kilpailuissa ensi kaudella. Samalla turkulainen vaihtaa Stark&hellip;\n","protected":false},"author":2,"featured_media":126839,"comment_status":"","ping_status":"","sticky":false,"template":"","format":"standard","meta":{"footnotes":""},"categories":[76],"tags":[79,77,33,31,30,32,78],"class_list":{"0":"post-126838","1":"post","2":"type-post","3":"status-publish","4":"format-standard","5":"has-post-thumbnail","7":"category-talous","8":"tag-business","9":"tag-economy","10":"tag-fi","11":"tag-finland","12":"tag-finnish","13":"tag-suomi","14":"tag-talous"},"share_on_mastodon":{"url":"https:\/\/pubeurope.com\/@fi\/115790166418240133","error":""},"_links":{"self":[{"href":"https:\/\/www.europesays.com\/fi\/wp-json\/wp\/v2\/posts\/126838","targetHints":{"allow":["GET"]}}],"collection":[{"href":"https:\/\/www.europesays.com\/fi\/wp-json\/wp\/v2\/posts"}],"about":[{"href":"https:\/\/www.europesays.com\/fi\/wp-json\/wp\/v2\/types\/post"}],"author":[{"embeddable":true,"href":"https:\/\/www.europesays.com\/fi\/wp-json\/wp\/v2\/users\/2"}],"replies":[{"embeddable":true,"href":"https:\/\/www.europesays.com\/fi\/wp-json\/wp\/v2\/comments?post=126838"}],"version-history":[{"count":0,"href":"https:\/\/www.europesays.com\/fi\/wp-json\/wp\/v2\/posts\/126838\/revisions"}],"wp:featuredmedia":[{"embeddable":true,"href":"https:\/\/www.europesays.com\/fi\/wp-json\/wp\/v2\/media\/126839"}],"wp:attachment":[{"href":"https:\/\/www.europesays.com\/fi\/wp-json\/wp\/v2\/media?parent=126838"}],"wp:term":[{"taxonomy":"category","embeddable":true,"href":"https:\/\/www.europesays.com\/fi\/wp-json\/wp\/v2\/categories?post=126838"},{"taxonomy":"post_tag","embeddable":true,"href":"https:\/\/www.europesays.com\/fi\/wp-json\/wp\/v2\/tags?post=126838"}],"curies":[{"name":"wp","href":"https:\/\/api.w.org\/{rel}","templated":true}]}}