{"id":126842,"date":"2025-12-27T06:42:09","date_gmt":"2025-12-27T06:42:09","guid":{"rendered":"https:\/\/www.europesays.com\/fi\/126842\/"},"modified":"2025-12-27T06:42:09","modified_gmt":"2025-12-27T06:42:09","slug":"raumalla-tehdaan-tulevaisuutta-satakunnan-kansa","status":"publish","type":"post","link":"https:\/\/www.europesays.com\/fi\/126842\/","title":{"rendered":"Raumalla tehd\u00e4\u00e4n tulevaisuutta &#8211; Satakunnan Kansa"},"content":{"rendered":"<p>Raumalaiset voivat eri mittareiden mukaan keskim\u00e4\u00e4rin hyvin ja ty\u00f6llisyystilanne on koko Suomen tilanteeseen verrattuna parempi.<\/p>\n<p class=\"article-body mb-nof-24 px-nof-16\">Milt\u00e4 tulevaisuus n\u00e4ytt\u00e4\u00e4? N\u00e4in uuden vuoden kynnyksell\u00e4 varsin ajankohtainen kysymys. Suomalaisten luottamus tulevaan on viime aikoina heikentynyt. T\u00e4m\u00e4 siit\u00e4kin huolimatta, ett\u00e4 suurin osa suomalaisista uskoo voivansa vaikuttaa siihen. Tulevaisuuden usko, ja sen heikkeneminen, vaikuttavat suoraan sek\u00e4 yksil\u00f6iden ett\u00e4 yritysten k\u00e4ytt\u00e4ytymiseen, elinvoimaan ja hyvinvointiin.<\/p>\n<p class=\"article-body mb-nof-24 px-nof-16\">Raumalla on jo pitk\u00e4\u00e4n mennyt hyvin ja tulevaisuus n\u00e4ytt\u00e4\u00e4 lupaavalta. Raumalaiset voivat eri mittareiden mukaan keskim\u00e4\u00e4rin hyvin ja ty\u00f6llisyystilanne on koko Suomen tilanteeseen verrattuna parempi. Hyvinvointi ja elinvoima kulkevat k\u00e4si k\u00e4dess\u00e4. Menestyv\u00e4 elinkeinoel\u00e4m\u00e4 tuo ty\u00f6t\u00e4, vahvistaa kunnan taloutta ja mahdollistaa panostukset ihmisten arkeen ja palveluihin.<\/p>\n<blockquote class=\"p-[var(--citation-padding)] m-[var(--citation-margin)] border-y-[length:var(--citation-border-width)] border-y-[color:var(--citation-border-color)]\">\n<p>Tulevaisuuden rakentaminen ei ole vain talouden hallintaa ja investointeja, vaan erityisesti luottamuksen rakentamista.<\/p>\n<\/blockquote>\n<p class=\"article-body mb-nof-24 px-nof-16\">Rauman sijainti, vahva teollinen perusta ja panostukset koulutukseen ja infraan tekev\u00e4t kaupungista kiinnostavan my\u00f6s uuden sukupolven hankkeille. Kyse ei ole sattumasta vaan m\u00e4\u00e4r\u00e4tietoisesta ty\u00f6st\u00e4, jota on tehty elinvoiman ja hyvinvoinnin, ja etenkin sen eteen, ett\u00e4 raumalaisilla s\u00e4ilyy usko huomiseen. On tehty rohkeita ratkaisuja, joilla on turvattu alueen pitk\u00e4j\u00e4nteist\u00e4 kehityst\u00e4.<\/p>\n<p class=\"article-body mb-nof-24 px-nof-16\">N\u00e4ihin ratkaisuihin on vaikuttanut laaja joukko eri toimijoita, mutta jokaisella kaupunkilaisella on ollut oma roolinsa Rauman my\u00f6nteisess\u00e4 kehityksess\u00e4. Tulevaisuuden rakentaminen ei ole vain talouden hallintaa ja investointeja, vaan erityisesti luottamuksen rakentamista. Luottamusta siihen, ett\u00e4 t\u00e4\u00e4ll\u00e4 kannattaa opiskella, tehd\u00e4 ty\u00f6t\u00e4 ja rakentaa el\u00e4m\u00e4\u00e4.<\/p>\n<p class=\"article-body mb-nof-24 px-nof-16\">Kuluvana vuonna er\u00e4\u00e4ss\u00e4 rekrytointiprosessissa hakijoilta kysyttiin, miksi Rauma kiinnostaa ja millaista potentiaalia he kaupungissa n\u00e4kev\u00e4t. Yksi vastaus pys\u00e4ytti: \u201cRaumalla todella tehd\u00e4\u00e4n tulevaisuutta.\u201d<\/p>\n<p class=\"article-body mb-nof-24 px-nof-16\">H\u00e4n oli vaikuttunut siit\u00e4, miten Raumalla ei tyydyt\u00e4 vain katselemaan sivusta maailman muutosta ja uusia trendej\u00e4, vaan Raumalla tartutaan haasteisiin, etsit\u00e4\u00e4n niihin ratkaisuja ja n\u00e4ytet\u00e4\u00e4n suuntaa my\u00f6s muille.<\/p>\n<p class=\"article-body mb-nof-24 px-nof-16\">Rauman tulevaisuutta rakennetaan my\u00f6s Keskustavisio 2050 -ty\u00f6ss\u00e4, johon jokainen kuntalainen on tervetullut mukaan. Suunnitelmaa tehd\u00e4\u00e4n pitk\u00e4lle eteenp\u00e4in, ja siksi ajattelun on oltava rohkeaa. Mit\u00e4 suuremmin uskallamme unelmoida ja mit\u00e4 korkeammalle tavoitteita asettaa, sit\u00e4 todenn\u00e4k\u00f6isemmin saavutamme jotain merkitt\u00e4v\u00e4\u00e4. Raumalla tulevaisuutta tehd\u00e4\u00e4n tosissaan ja siin\u00e4 hyvin usein my\u00f6s onnistutaan.<\/p>\n<p class=\"article-body mb-nof-24 px-nof-16\">T\u00e4m\u00e4n p\u00e4iv\u00e4n nuoret el\u00e4v\u00e4t muuttuvassa maailmassa, joka on kovassa murroksessa ymp\u00e4rist\u00f6kriisin, teko\u00e4lyn ja turvallisuusymp\u00e4rist\u00f6n my\u00f6t\u00e4. Siksi on syyt\u00e4 panostaa jatkossakin siihen, ett\u00e4 erityisesti nuorilla on syy uskoa huomiseen. T\u00e4m\u00e4 vaatii rohkeutta, positiivista ilmapiiri\u00e4, konkreettisia tekoja ja halua katsoa asioita my\u00f6s laatikon ulkopuolelta. Rauman vahvuus on siin\u00e4, ett\u00e4 t\u00e4\u00e4ll\u00e4 ei vain odoteta tulevaisuutta \u2013 t\u00e4\u00e4ll\u00e4 tehd\u00e4\u00e4n se!<\/p>\n<p class=\"article-body nof-ui-body-medium mb-nof-24 px-nof-16\">Kirjoittaja on Rauman kaupunginhallituksen puheenjohtaja (sd.)<\/p>\n<p><img decoding=\"async\" src=\"https:\/\/www.europesays.com\/fi\/wp-content\/uploads\/2025\/12\/1766817729_11_468.jpg\" alt=\"Kirjoittajan mukaan Rauman sijainti, vahva teollinen perusta ja panostukset koulutukseen ja infraan tekev\u00e4t kaupungista kiinnostavan my\u00f6s uuden sukupolven hankkeille.\" class=\"_Img_1rerz_1\" style=\"aspect-ratio:1.3333333333333333\" loading=\"eager\"\/><\/p>\n<p class=\"article-picture-caption\">Kirjoittajan mukaan Rauman sijainti, vahva teollinen perusta ja panostukset koulutukseen ja infraan tekev\u00e4t kaupungista kiinnostavan my\u00f6s uuden sukupolven hankkeille. Kuva:\u00a0Eetu Set\u00e4nen<\/p>\n","protected":false},"excerpt":{"rendered":"Raumalaiset voivat eri mittareiden mukaan keskim\u00e4\u00e4rin hyvin ja ty\u00f6llisyystilanne on koko Suomen tilanteeseen verrattuna parempi. Milt\u00e4 tulevaisuus n\u00e4ytt\u00e4\u00e4?&hellip;\n","protected":false},"author":2,"featured_media":126843,"comment_status":"","ping_status":"","sticky":false,"template":"","format":"standard","meta":{"footnotes":""},"categories":[12],"tags":[22,23,26,27,33,31,30,17,24,25,28,29,15,18,21,80,32,19,20,16],"class_list":{"0":"post-126842","1":"post","2":"type-post","3":"status-publish","4":"format-standard","5":"has-post-thumbnail","7":"category-suomi","8":"tag-breaking-news","9":"tag-breakingnews","10":"tag-featured-news","11":"tag-featurednews","12":"tag-fi","13":"tag-finland","14":"tag-finnish","15":"tag-headlines","16":"tag-latest-news","17":"tag-latestnews","18":"tag-main-news","19":"tag-mainnews","20":"tag-news","21":"tag-otsikot","22":"tag-paauutiset","23":"tag-satakunnan-kansa","24":"tag-suomi","25":"tag-top-stories","26":"tag-topstories","27":"tag-uutiset"},"share_on_mastodon":{"url":"https:\/\/pubeurope.com\/@fi\/115790174533422290","error":""},"_links":{"self":[{"href":"https:\/\/www.europesays.com\/fi\/wp-json\/wp\/v2\/posts\/126842","targetHints":{"allow":["GET"]}}],"collection":[{"href":"https:\/\/www.europesays.com\/fi\/wp-json\/wp\/v2\/posts"}],"about":[{"href":"https:\/\/www.europesays.com\/fi\/wp-json\/wp\/v2\/types\/post"}],"author":[{"embeddable":true,"href":"https:\/\/www.europesays.com\/fi\/wp-json\/wp\/v2\/users\/2"}],"replies":[{"embeddable":true,"href":"https:\/\/www.europesays.com\/fi\/wp-json\/wp\/v2\/comments?post=126842"}],"version-history":[{"count":0,"href":"https:\/\/www.europesays.com\/fi\/wp-json\/wp\/v2\/posts\/126842\/revisions"}],"wp:featuredmedia":[{"embeddable":true,"href":"https:\/\/www.europesays.com\/fi\/wp-json\/wp\/v2\/media\/126843"}],"wp:attachment":[{"href":"https:\/\/www.europesays.com\/fi\/wp-json\/wp\/v2\/media?parent=126842"}],"wp:term":[{"taxonomy":"category","embeddable":true,"href":"https:\/\/www.europesays.com\/fi\/wp-json\/wp\/v2\/categories?post=126842"},{"taxonomy":"post_tag","embeddable":true,"href":"https:\/\/www.europesays.com\/fi\/wp-json\/wp\/v2\/tags?post=126842"}],"curies":[{"name":"wp","href":"https:\/\/api.w.org\/{rel}","templated":true}]}}